{"id":49865,"date":"2025-01-21T14:57:13","date_gmt":"2025-01-21T17:57:13","guid":{"rendered":"https:\/\/radiorevelacionfm.cl\/?p=49865"},"modified":"2025-01-21T14:57:13","modified_gmt":"2025-01-21T17:57:13","slug":"chile-chico-tras-nuevo-juicio-oral-fiscalia-obtiene-condena-de-7-anos-de-carcel-para-imputado-por-femicidio-tentado","status":"publish","type":"post","link":"https:\/\/radiorevelacionfm.cl\/?p=49865","title":{"rendered":"Chile Chico: Tras nuevo juicio oral, Fiscal\u00eda obtiene condena de 7 a\u00f1os de c\u00e1rcel para imputado por femicidio tentado"},"content":{"rendered":"<div class=\"flex_column av_one_full  flex_column_div av-zero-column-padding first  avia-builder-el-0  el_before_av_one_full  avia-builder-el-first  \" style='border-radius:0px; '><div  class='avia-image-container  av-styling-    avia-builder-el-1  avia-builder-el-no-sibling  avia-align-center '  itemprop=\"image\" itemscope=\"itemscope\" itemtype=\"https:\/\/schema.org\/ImageObject\"  ><div class='avia-image-container-inner'><div class='avia-image-overlay-wrap'><img decoding=\"async\" class='wp-image-49866 avia-img-lazy-loading-not-49866 avia_image' src=\"https:\/\/radiorevelacionfm.cl\/wp-content\/uploads\/2025\/01\/Alvaro_Sanhueza_sept_2024-1-1.jpg\" alt='' title='Alvaro_Sanhueza_sept_2024 (1) (1)' height=\"600\" width=\"900\"  itemprop=\"thumbnailUrl\" srcset=\"https:\/\/radiorevelacionfm.cl\/wp-content\/uploads\/2025\/01\/Alvaro_Sanhueza_sept_2024-1-1.jpg 900w, https:\/\/radiorevelacionfm.cl\/wp-content\/uploads\/2025\/01\/Alvaro_Sanhueza_sept_2024-1-1-300x200.jpg 300w, https:\/\/radiorevelacionfm.cl\/wp-content\/uploads\/2025\/01\/Alvaro_Sanhueza_sept_2024-1-1-768x512.jpg 768w, https:\/\/radiorevelacionfm.cl\/wp-content\/uploads\/2025\/01\/Alvaro_Sanhueza_sept_2024-1-1-705x470.jpg 705w, https:\/\/radiorevelacionfm.cl\/wp-content\/uploads\/2025\/01\/Alvaro_Sanhueza_sept_2024-1-1-450x300.jpg 450w, https:\/\/radiorevelacionfm.cl\/wp-content\/uploads\/2025\/01\/Alvaro_Sanhueza_sept_2024-1-1-600x400.jpg 600w\" sizes=\"(max-width: 900px) 100vw, 900px\" \/><\/div><\/div><\/div><\/div><div class=\"flex_column av_one_full  flex_column_div av-zero-column-padding first  avia-builder-el-2  el_after_av_one_full  el_before_av_one_full  column-top-margin\" style='border-radius:0px; '><section class=\"av_textblock_section \"  itemscope=\"itemscope\" itemtype=\"https:\/\/schema.org\/BlogPosting\" itemprop=\"blogPost\" ><div class='avia_textblock  '   itemprop=\"text\" ><p style=\"text-align: center;\"><strong><span style=\"font-size: 18pt;\">Chile Chico: Tras nuevo juicio oral, Fiscal\u00eda obtiene condena de 7 a\u00f1os de c\u00e1rcel para imputado por femicidio tentado<\/span><\/strong><\/p>\n<div id=\"gtx-trans\" style=\"position: absolute; left: -50px; top: 4.31534px;\">\n<div class=\"gtx-trans-icon\"><\/div>\n<\/div>\n<\/div><\/section><\/div><div class=\"flex_column av_one_full  flex_column_div av-zero-column-padding first  avia-builder-el-4  el_after_av_one_full  el_before_av_hr  column-top-margin\" style='border-radius:0px; '><section class=\"av_textblock_section \"  itemscope=\"itemscope\" itemtype=\"https:\/\/schema.org\/BlogPosting\" itemprop=\"blogPost\" ><div class='avia_textblock  '   itemprop=\"text\" ><p style=\"font-weight: 400; text-align: justify;\"><em>La hermana de la v\u00edctima declar\u00f3 desde Europa, tras gestiones de la Unidad de Atenci\u00f3n a V\u00edctimas y Testigos de la Fiscal\u00eda Regional de Ays\u00e9n y de la Unidad de Cooperaci\u00f3n Internacional y Extradiciones de la Fiscal\u00eda Nacional.<\/em><\/p>\n<p style=\"font-weight: 400; text-align: justify;\">Luego que la Ilustr\u00edsima Corte de Apelaciones de Coyhaique ordenara la realizaci\u00f3n de un nuevo juicio oral, un imputado de 34 a\u00f1os volvi\u00f3 a ser condenado a la pena de 7 a\u00f1os de c\u00e1rcel por el delito de femicidio tentado en contra de su pareja al momento de los hechos. El sujeto estrangul\u00f3 a la v\u00edctima el 18 de enero del a\u00f1o 2023 en Chile Chico, sin llegar a concretar su objetivo de matarla.<\/p>\n<p style=\"font-weight: 400; text-align: justify;\">La causa fue investigada por la Fiscal\u00eda Local de Chile Chico, donde el fiscal \u00c1lvaro Sanhueza Tasso, solicit\u00f3 diligencias a Carabineros de la Tercera Comisar\u00eda, quienes adoptaron el procedimiento.<\/p>\n<p style=\"font-weight: 400; text-align: justify;\">En este caso, producto de la violencia ejercida, la v\u00edctima result\u00f3 con un hematoma en la zona cervical tras el estrangulamiento con ambas manos que sufri\u00f3 por parte del imputado, heridas que fueron constadas por un m\u00e9dico del Hospital de Chile Chico.<\/p>\n<p style=\"font-weight: 400; text-align: justify;\">NUEVO JUICIO<\/p>\n<p style=\"font-weight: 400; text-align: justify;\">Seg\u00fan lo expuesto por el fiscal \u00c1lvaro Sanhueza, \u201cen el presente caso se efectu\u00f3 un juicio oral hace varios meses atr\u00e1s, por el cual la Fiscal\u00eda logr\u00f3 convencer al Tribunal de Juicio Oral en lo Penal de Coyhaique de la existencia de un delito de femicidio tentado, atendido que el imputado de este caso, su conviviente a la \u00e9poca, la hab\u00eda ahorcado y en este sentido se hab\u00edan causado lesiones\u201d.<\/p>\n<p style=\"font-weight: 400; text-align: justify;\">El fiscal Sanhueza a\u00f1adi\u00f3 que \u201cla Defensor\u00eda Penal P\u00fablica interpuso un recurso de nulidad ante la Ilustr\u00edsima Corte Apelaciones de Coyhaique porque, en su concepto, estos hechos no eran constitutivos del delito de femicidio tentado, sino solo lesiones menos graves en contexto de violencia intrafamiliar.\u201d<\/p>\n<p style=\"font-weight: 400; text-align: justify;\">DECLARACI\u00d3N DESDE EUROPA<\/p>\n<p style=\"font-weight: 400; text-align: justify;\">El fiscal de Chile Chico agreg\u00f3 que \u201cen este sentido, la ilustr\u00edsima Corte Apelaciones de Coyhaique acogi\u00f3 el recurso de la defensa, decret\u00f3 la nulidad del juicio y de la sentencia que se hab\u00eda dictado, por lo que en el mes de diciembre se volvi\u00f3 a efectuar este juicio, en donde nuevamente tuvo que declarar la v\u00edctima, la que debi\u00f3 en este sentido, rememorar las situaciones que padeci\u00f3 en esa circunstancia, como tambi\u00e9n, por ejemplo, tuvo que declarar su hermana, quien vive en la Isla de Malta, por lo que la Fiscal\u00eda tuvo que conseguir que pudiera ser trasladada hasta la ciudad de Roma, en Italia, para que pudiera declarar desde el Consulado de Chile en esa ciudad\u201d.<\/p>\n<p style=\"font-weight: 400; text-align: justify;\">En este procedimiento se obtuvo la colaboraci\u00f3n de la Unidad de Atenci\u00f3n a V\u00edctimas y Testigos de la Fiscal\u00eda Regional y de la Unidad de Cooperaci\u00f3n Internacional y Extradiciones de la Fiscal\u00eda Nacional.<\/p>\n<p style=\"font-weight: 400; text-align: justify;\">El persecutor penal explic\u00f3 que \u201cla Fiscal\u00eda, ante un nuevo Tribunal de Juicio Oral en Lo Penal de Coyhaique, no inhabilitado, volvi\u00f3 a convencer a ese tribunal en el sentido de que estos hechos s\u00ed eran constitutivos del delito de femicidio tentado y nuevamente se conden\u00f3 al imputado por esta situaci\u00f3n, asign\u00e1ndole una pena de siete a\u00f1os de presidio mayor en su grado m\u00ednimo, m\u00e1s otras penas accesorias que se le aplicaron en raz\u00f3n de ser un delito de violencia intrafamiliar y en contexto de violencia de g\u00e9nero\u201d.<\/p>\n<p style=\"font-weight: 400; text-align: justify;\">PRUEBAS<\/p>\n<p style=\"font-weight: 400; text-align: justify;\">En base a las pruebas presentadas en el nuevo juicio efectuado a contar del 19 de diciembre de 2024 por el fiscal \u00c1lvaro Sanhueza, el Tribunal de Juicio Oral en Lo Penal dio por acreditado que el 18 de enero de 2023, alrededor de las 22:30 horas, en un domicilio de Chile Chico, la v\u00edctima se encontraba junto con el acusado con quien manten\u00eda una relaci\u00f3n de convivencia.<\/p>\n<p style=\"font-weight: 400; text-align: justify;\">En ese momento, el sujeto comenz\u00f3 a increparla por celos y luego la empuj\u00f3 a un dormitorio, comenzando a ahorcarla con sus dos manos en el cuello, cort\u00e1ndole la respiraci\u00f3n, ocasi\u00f3n en que la v\u00edctima pide que la deje porque no puede respirar. Luego, el acusado se retira del domicilio en el autom\u00f3vil de la v\u00edctima y con el tel\u00e9fono celular de ella.<\/p>\n<p style=\"font-weight: 400; text-align: justify;\">El sujeto, ahora condenado nuevamente a 7 a\u00f1os de presidio mayor en su grado m\u00ednimo, registra condenas anteriores por ri\u00f1a p\u00fablica, tres condenas por lesiones menos graves en el contexto de violencia intrafamiliar (en contra de otras v\u00edctimas), da\u00f1os simples y conducci\u00f3n en estado de ebriedad calificado, quien deber\u00e1 cumplir esta sentencia en la c\u00e1rcel.<\/p>\n<\/div><\/section><\/div><div  style='height:50px' class='hr hr-invisible   avia-builder-el-6  el_after_av_one_full  el_before_av_social_share '><span class='hr-inner ' ><span class='hr-inner-style'><\/span><\/span><\/div><\/p>\n<div  class='av-social-sharing-box  avia-builder-el-7  el_after_av_hr  el_before_av_hr  '><div class='av-share-box'><h5 class='av-share-link-description av-no-toc '>Compartir esta noticia<\/h5><ul class='av-share-box-list noLightbox'><li class='av-share-link av-social-link-facebook' ><a target=\"_blank\" aria-label=\"Compartir en Facebook\" href='https:\/\/www.facebook.com\/sharer.php?u=https:\/\/radiorevelacionfm.cl\/?p=49865&#038;t=Chile%20Chico%3A%20Tras%20nuevo%20juicio%20oral%2C%20Fiscal%C3%ADa%20obtiene%20condena%20de%207%20a%C3%B1os%20de%20c%C3%A1rcel%20para%20imputado%20por%20femicidio%20tentado' aria-hidden='false' data-av_icon='\ue8f3' data-av_iconfont='entypo-fontello' title='' data-avia-related-tooltip='Compartir en Facebook' rel=\"noopener\"><span class='avia_hidden_link_text'>Compartir en Facebook<\/span><\/a><\/li><li class='av-share-link av-social-link-twitter' ><a target=\"_blank\" aria-label=\"Compartir en Twitter\" href='https:\/\/twitter.com\/share?text=Chile%20Chico%3A%20Tras%20nuevo%20juicio%20oral%2C%20Fiscal%C3%ADa%20obtiene%20condena%20de%207%20a%C3%B1os%20de%20c%C3%A1rcel%20para%20imputado%20por%20femicidio%20tentado&#038;url=https:\/\/radiorevelacionfm.cl\/?p=49865' aria-hidden='false' data-av_icon='\ue8f1' data-av_iconfont='entypo-fontello' title='' data-avia-related-tooltip='Compartir en Twitter' rel=\"noopener\"><span class='avia_hidden_link_text'>Compartir en Twitter<\/span><\/a><\/li><li class='av-share-link av-social-link-whatsapp' ><a target=\"_blank\" aria-label=\"Compartir en Whatsapp\" href='https:\/\/api.whatsapp.com\/send?text=https:\/\/radiorevelacionfm.cl\/?p=49865' aria-hidden='false' data-av_icon='\uf232' data-av_iconfont='entypo-fontello' title='' data-avia-related-tooltip='Compartir en Whatsapp' rel=\"noopener\"><span class='avia_hidden_link_text'>Compartir en Whatsapp<\/span><\/a><\/li><li class='av-share-link av-social-link-linkedin' ><a target=\"_blank\" aria-label=\"Compartir en LinkedIn\" href='https:\/\/linkedin.com\/shareArticle?mini=true&#038;title=Chile%20Chico%3A%20Tras%20nuevo%20juicio%20oral%2C%20Fiscal%C3%ADa%20obtiene%20condena%20de%207%20a%C3%B1os%20de%20c%C3%A1rcel%20para%20imputado%20por%20femicidio%20tentado&#038;url=https:\/\/radiorevelacionfm.cl\/?p=49865' aria-hidden='false' data-av_icon='\ue8fc' data-av_iconfont='entypo-fontello' title='' data-avia-related-tooltip='Compartir en LinkedIn' rel=\"noopener\"><span class='avia_hidden_link_text'>Compartir en LinkedIn<\/span><\/a><\/li><li class='av-share-link av-social-link-mail' ><a  aria-label=\"Compartir por correo\" href='mailto:?subject=Chile%20Chico%3A%20Tras%20nuevo%20juicio%20oral%2C%20Fiscal%C3%ADa%20obtiene%20condena%20de%207%20a%C3%B1os%20de%20c%C3%A1rcel%20para%20imputado%20por%20femicidio%20tentado&#038;body=https:\/\/radiorevelacionfm.cl\/?p=49865' aria-hidden='false' data-av_icon='\ue805' data-av_iconfont='entypo-fontello' title='' data-avia-related-tooltip='Compartir por correo'><span class='avia_hidden_link_text'>Compartir por correo<\/span><\/a><\/li><\/ul><\/div><\/div>\n<div  style='height:50px' class='hr hr-invisible   avia-builder-el-8  el_after_av_social_share  el_before_av_comments_list '><span class='hr-inner ' ><span class='hr-inner-style'><\/span><\/span><\/div>\n<div  class='av-buildercomment  av-blog-meta-html-info-disabled av-blog-meta-tag-disabled  '><\/div>\n","protected":false},"excerpt":{"rendered":"","protected":false},"author":1,"featured_media":49866,"comment_status":"open","ping_status":"open","sticky":false,"template":"","format":"standard","meta":{"footnotes":""},"categories":[55],"tags":[],"class_list":["post-49865","post","type-post","status-publish","format-standard","has-post-thumbnail","hentry","category-justicia"],"jetpack_featured_media_url":"https:\/\/radiorevelacionfm.cl\/wp-content\/uploads\/2025\/01\/Alvaro_Sanhueza_sept_2024-1-1.jpg","_links":{"self":[{"href":"https:\/\/radiorevelacionfm.cl\/index.php?rest_route=\/wp\/v2\/posts\/49865","targetHints":{"allow":["GET"]}}],"collection":[{"href":"https:\/\/radiorevelacionfm.cl\/index.php?rest_route=\/wp\/v2\/posts"}],"about":[{"href":"https:\/\/radiorevelacionfm.cl\/index.php?rest_route=\/wp\/v2\/types\/post"}],"author":[{"embeddable":true,"href":"https:\/\/radiorevelacionfm.cl\/index.php?rest_route=\/wp\/v2\/users\/1"}],"replies":[{"embeddable":true,"href":"https:\/\/radiorevelacionfm.cl\/index.php?rest_route=%2Fwp%2Fv2%2Fcomments&post=49865"}],"version-history":[{"count":1,"href":"https:\/\/radiorevelacionfm.cl\/index.php?rest_route=\/wp\/v2\/posts\/49865\/revisions"}],"predecessor-version":[{"id":49867,"href":"https:\/\/radiorevelacionfm.cl\/index.php?rest_route=\/wp\/v2\/posts\/49865\/revisions\/49867"}],"wp:featuredmedia":[{"embeddable":true,"href":"https:\/\/radiorevelacionfm.cl\/index.php?rest_route=\/wp\/v2\/media\/49866"}],"wp:attachment":[{"href":"https:\/\/radiorevelacionfm.cl\/index.php?rest_route=%2Fwp%2Fv2%2Fmedia&parent=49865"}],"wp:term":[{"taxonomy":"category","embeddable":true,"href":"https:\/\/radiorevelacionfm.cl\/index.php?rest_route=%2Fwp%2Fv2%2Fcategories&post=49865"},{"taxonomy":"post_tag","embeddable":true,"href":"https:\/\/radiorevelacionfm.cl\/index.php?rest_route=%2Fwp%2Fv2%2Ftags&post=49865"}],"curies":[{"name":"wp","href":"https:\/\/api.w.org\/{rel}","templated":true}]}}