{"id":49814,"date":"2025-01-20T17:51:18","date_gmt":"2025-01-20T20:51:18","guid":{"rendered":"https:\/\/radiorevelacionfm.cl\/?p=49814"},"modified":"2025-01-20T17:51:18","modified_gmt":"2025-01-20T20:51:18","slug":"invitan-a-personas-emprendedoras-a-capacitarse-gratuitamente-en-inteligencia-artificial","status":"publish","type":"post","link":"https:\/\/radiorevelacionfm.cl\/?p=49814","title":{"rendered":"Invitan a personas emprendedoras a capacitarse gratuitamente en Inteligencia Artificial"},"content":{"rendered":"<div class=\"flex_column av_one_full  flex_column_div av-zero-column-padding first  avia-builder-el-0  el_before_av_one_full  avia-builder-el-first  \" style='border-radius:0px; '><div  class='avia-image-container  av-styling-    avia-builder-el-1  avia-builder-el-no-sibling  avia-align-center '  itemprop=\"image\" itemscope=\"itemscope\" itemtype=\"https:\/\/schema.org\/ImageObject\"  ><div class='avia-image-container-inner'><div class='avia-image-overlay-wrap'><img decoding=\"async\" class='wp-image-49821 avia-img-lazy-loading-not-49821 avia_image' src=\"https:\/\/radiorevelacionfm.cl\/wp-content\/uploads\/2025\/01\/ok1-1-1-1.jpg\" alt='' title='ok1 (1) (1) (1)' height=\"740\" width=\"804\"  itemprop=\"thumbnailUrl\" srcset=\"https:\/\/radiorevelacionfm.cl\/wp-content\/uploads\/2025\/01\/ok1-1-1-1.jpg 804w, https:\/\/radiorevelacionfm.cl\/wp-content\/uploads\/2025\/01\/ok1-1-1-1-300x276.jpg 300w, https:\/\/radiorevelacionfm.cl\/wp-content\/uploads\/2025\/01\/ok1-1-1-1-768x707.jpg 768w, https:\/\/radiorevelacionfm.cl\/wp-content\/uploads\/2025\/01\/ok1-1-1-1-705x649.jpg 705w, https:\/\/radiorevelacionfm.cl\/wp-content\/uploads\/2025\/01\/ok1-1-1-1-450x414.jpg 450w, https:\/\/radiorevelacionfm.cl\/wp-content\/uploads\/2025\/01\/ok1-1-1-1-600x552.jpg 600w\" sizes=\"(max-width: 804px) 100vw, 804px\" \/><\/div><\/div><\/div><\/div><div class=\"flex_column av_one_full  flex_column_div av-zero-column-padding first  avia-builder-el-2  el_after_av_one_full  el_before_av_one_full  column-top-margin\" style='border-radius:0px; '><section class=\"av_textblock_section \"  itemscope=\"itemscope\" itemtype=\"https:\/\/schema.org\/BlogPosting\" itemprop=\"blogPost\" ><div class='avia_textblock  '   itemprop=\"text\" ><p style=\"text-align: center;\"><strong><span style=\"font-size: 18pt;\">Invitan a personas emprendedoras a capacitarse gratuitamente en Inteligencia Artificial<\/span><\/strong><\/p>\n<div id=\"gtx-trans\" style=\"position: absolute; left: -50px; top: 4.31534px;\">\n<div class=\"gtx-trans-icon\"><\/div>\n<\/div>\n<\/div><\/section><\/div><div class=\"flex_column av_one_full  flex_column_div av-zero-column-padding first  avia-builder-el-4  el_after_av_one_full  el_before_av_hr  column-top-margin\" style='border-radius:0px; '><section class=\"av_textblock_section \"  itemscope=\"itemscope\" itemtype=\"https:\/\/schema.org\/BlogPosting\" itemprop=\"blogPost\" ><div class='avia_textblock  '   itemprop=\"text\" ><p style=\"text-align: justify;\"><em>La capacitaci\u00f3n busca que personas emprendedoras adquieran herramientas sobre el uso de esta tecnolog\u00eda y la puedan aplicar de manera pr\u00e1ctica a sus negocios. Las inscripciones estar\u00e1n abiertas hasta el 26 de enero en\u00a0<\/em><a href=\"http:\/\/www.fosis.gob.cl\/\"><em>fosis.gob.cl<\/em><\/a><em>.<\/em><\/p>\n<p style=\"text-align: justify;\">El Fondo de Solidaridad e Inversi\u00f3n Social, FOSIS, y Microsoft Chile se unieron para dar a conocer la apertura de las inscripciones del curso: \u201cInteligencia Artificial para Potenciar la Productividad\u201d, que abordar\u00e1 el rol de esta tecnolog\u00eda y las oportunidades que ofrece en el mundo del trabajo y el emprendimiento.<\/p>\n<p style=\"text-align: justify;\">Son 10 mil cupos gratuitos para participar en esta capacitaci\u00f3n, que no requiere tener conocimientos previos en inteligencia artificial, pues est\u00e1 especialmente dise\u00f1ada para personas principiantes en la materia, buscando entregar una base s\u00f3lida en los conceptos fundamentales de inteligencia artificial y sus usos para aumentar la productividad y competitividad de los negocios.<\/p>\n<p style=\"text-align: justify;\">La directora regional del FOSIS, Fernanda Leiva, invit\u00f3 a emprendimientos locales a aprovechar esta oportunidad gratuita y destac\u00f3 que \u201cla convocatoria est\u00e1 dirigida a personas emprendedoras que buscan dar un impulso a sus negocios a trav\u00e9s de las herramientas que entrega la inteligencia artificial. Las capacitaciones est\u00e1n orientadas en desarrollar habilidades digitales que permitan a posicionar emprendimientos, aumentar ingresos y reducir la brecha digital\u201d.<\/p>\n<p style=\"text-align: justify;\">La autoridad, adem\u00e1s, recalc\u00f3 que \u201cesta alianza de trabajo colaborativo con entre el FOSIS y Microsoft Chile apunta a seguir apoyando el desarrollo de nuestras emprendedoras y emprendedores, entreg\u00e1ndoles conocimientos actualizados y poniendo la tecnolog\u00eda a su servicio para mejorar su econom\u00eda familiar y su calidad de vida\u201d.<\/p>\n<p style=\"text-align: justify;\">La formaci\u00f3n a la que podr\u00e1n acceder las personas que se inscriban es asincr\u00f3nica y tiene una duraci\u00f3n total de entre 10 y 12 horas, por lo que se puede hacer en cualquier momento del d\u00eda. El curso consta de 6 unidades en las que se ense\u00f1ar\u00e1n herramientas para la aplicaci\u00f3n de la Inteligencia Artificial en diferentes \u00e1reas del \u00e1mbito laboral y productivo.<\/p>\n<p style=\"text-align: justify;\">Las inscripciones estar\u00e1n abiertas hasta el 26 de enero en\u00a0<a href=\"http:\/\/www.fosis.gob.cl\/\">www.fosis.gob.cl<\/a>. Los requisitos para inscribirse son ser mayor de 18 a\u00f1os, contar con disponibilidad de tiempo para capacitarte y tener un dispositivo m\u00f3vil o una computadora con conexi\u00f3n a internet para recibir las clases.<\/p>\n<p style=\"text-align: justify;\">Adem\u00e1s de esta oferta inicial, durante este a\u00f1o FOSIS y Microsoft abrir\u00e1n nuevas convocatorias en capacitaciones de marketing y habilidades digitales fundamentales, que estar\u00e1n a disposici\u00f3n de las personas emprendedoras a trav\u00e9s de la p\u00e1gina del FOSIS.<\/p>\n<\/div><\/section><\/div><div  style='height:50px' class='hr hr-invisible   avia-builder-el-6  el_after_av_one_full  el_before_av_social_share '><span class='hr-inner ' ><span class='hr-inner-style'><\/span><\/span><\/div><\/p>\n<div  class='av-social-sharing-box  avia-builder-el-7  el_after_av_hr  el_before_av_hr  '><div class='av-share-box'><h5 class='av-share-link-description av-no-toc '>Compartir esta noticia<\/h5><ul class='av-share-box-list noLightbox'><li class='av-share-link av-social-link-facebook' ><a target=\"_blank\" aria-label=\"Compartir en Facebook\" href='https:\/\/www.facebook.com\/sharer.php?u=https:\/\/radiorevelacionfm.cl\/?p=49814&#038;t=Invitan%20a%20personas%20emprendedoras%20a%20capacitarse%20gratuitamente%20en%20Inteligencia%20Artificial' aria-hidden='false' data-av_icon='\ue8f3' data-av_iconfont='entypo-fontello' title='' data-avia-related-tooltip='Compartir en Facebook' rel=\"noopener\"><span class='avia_hidden_link_text'>Compartir en Facebook<\/span><\/a><\/li><li class='av-share-link av-social-link-twitter' ><a target=\"_blank\" aria-label=\"Compartir en Twitter\" href='https:\/\/twitter.com\/share?text=Invitan%20a%20personas%20emprendedoras%20a%20capacitarse%20gratuitamente%20en%20Inteligencia%20Artificial&#038;url=https:\/\/radiorevelacionfm.cl\/?p=49814' aria-hidden='false' data-av_icon='\ue8f1' data-av_iconfont='entypo-fontello' title='' data-avia-related-tooltip='Compartir en Twitter' rel=\"noopener\"><span class='avia_hidden_link_text'>Compartir en Twitter<\/span><\/a><\/li><li class='av-share-link av-social-link-whatsapp' ><a target=\"_blank\" aria-label=\"Compartir en Whatsapp\" href='https:\/\/api.whatsapp.com\/send?text=https:\/\/radiorevelacionfm.cl\/?p=49814' aria-hidden='false' data-av_icon='\uf232' data-av_iconfont='entypo-fontello' title='' data-avia-related-tooltip='Compartir en Whatsapp' rel=\"noopener\"><span class='avia_hidden_link_text'>Compartir en Whatsapp<\/span><\/a><\/li><li class='av-share-link av-social-link-linkedin' ><a target=\"_blank\" aria-label=\"Compartir en LinkedIn\" href='https:\/\/linkedin.com\/shareArticle?mini=true&#038;title=Invitan%20a%20personas%20emprendedoras%20a%20capacitarse%20gratuitamente%20en%20Inteligencia%20Artificial&#038;url=https:\/\/radiorevelacionfm.cl\/?p=49814' aria-hidden='false' data-av_icon='\ue8fc' data-av_iconfont='entypo-fontello' title='' data-avia-related-tooltip='Compartir en LinkedIn' rel=\"noopener\"><span class='avia_hidden_link_text'>Compartir en LinkedIn<\/span><\/a><\/li><li class='av-share-link av-social-link-mail' ><a  aria-label=\"Compartir por correo\" href='mailto:?subject=Invitan%20a%20personas%20emprendedoras%20a%20capacitarse%20gratuitamente%20en%20Inteligencia%20Artificial&#038;body=https:\/\/radiorevelacionfm.cl\/?p=49814' aria-hidden='false' data-av_icon='\ue805' data-av_iconfont='entypo-fontello' title='' data-avia-related-tooltip='Compartir por correo'><span class='avia_hidden_link_text'>Compartir por correo<\/span><\/a><\/li><\/ul><\/div><\/div>\n<div  style='height:50px' class='hr hr-invisible   avia-builder-el-8  el_after_av_social_share  el_before_av_comments_list '><span class='hr-inner ' ><span class='hr-inner-style'><\/span><\/span><\/div>\n<div  class='av-buildercomment  av-blog-meta-html-info-disabled av-blog-meta-tag-disabled  '><\/div>\n","protected":false},"excerpt":{"rendered":"","protected":false},"author":1,"featured_media":49821,"comment_status":"open","ping_status":"open","sticky":false,"template":"","format":"standard","meta":{"footnotes":""},"categories":[38],"tags":[],"class_list":["post-49814","post","type-post","status-publish","format-standard","has-post-thumbnail","hentry","category-regional"],"jetpack_featured_media_url":"https:\/\/radiorevelacionfm.cl\/wp-content\/uploads\/2025\/01\/ok1-1-1-1.jpg","_links":{"self":[{"href":"https:\/\/radiorevelacionfm.cl\/index.php?rest_route=\/wp\/v2\/posts\/49814","targetHints":{"allow":["GET"]}}],"collection":[{"href":"https:\/\/radiorevelacionfm.cl\/index.php?rest_route=\/wp\/v2\/posts"}],"about":[{"href":"https:\/\/radiorevelacionfm.cl\/index.php?rest_route=\/wp\/v2\/types\/post"}],"author":[{"embeddable":true,"href":"https:\/\/radiorevelacionfm.cl\/index.php?rest_route=\/wp\/v2\/users\/1"}],"replies":[{"embeddable":true,"href":"https:\/\/radiorevelacionfm.cl\/index.php?rest_route=%2Fwp%2Fv2%2Fcomments&post=49814"}],"version-history":[{"count":2,"href":"https:\/\/radiorevelacionfm.cl\/index.php?rest_route=\/wp\/v2\/posts\/49814\/revisions"}],"predecessor-version":[{"id":49822,"href":"https:\/\/radiorevelacionfm.cl\/index.php?rest_route=\/wp\/v2\/posts\/49814\/revisions\/49822"}],"wp:featuredmedia":[{"embeddable":true,"href":"https:\/\/radiorevelacionfm.cl\/index.php?rest_route=\/wp\/v2\/media\/49821"}],"wp:attachment":[{"href":"https:\/\/radiorevelacionfm.cl\/index.php?rest_route=%2Fwp%2Fv2%2Fmedia&parent=49814"}],"wp:term":[{"taxonomy":"category","embeddable":true,"href":"https:\/\/radiorevelacionfm.cl\/index.php?rest_route=%2Fwp%2Fv2%2Fcategories&post=49814"},{"taxonomy":"post_tag","embeddable":true,"href":"https:\/\/radiorevelacionfm.cl\/index.php?rest_route=%2Fwp%2Fv2%2Ftags&post=49814"}],"curies":[{"name":"wp","href":"https:\/\/api.w.org\/{rel}","templated":true}]}}