{"id":49795,"date":"2025-01-19T14:50:17","date_gmt":"2025-01-19T17:50:17","guid":{"rendered":"https:\/\/radiorevelacionfm.cl\/?p=49795"},"modified":"2025-01-19T14:50:17","modified_gmt":"2025-01-19T17:50:17","slug":"mas-de-200-estudiantes-de-aysen-coyhaique-puyuhuapi-y-tortel-disfrutan-de-vacaciones-recreativas-y-saludables-a-traves-del-programa-activate-en-verano-de-junaeb","status":"publish","type":"post","link":"https:\/\/radiorevelacionfm.cl\/?p=49795","title":{"rendered":"M\u00e1s de 200 Estudiantes de Ays\u00e9n, Coyhaique, Puyuhuapi y Tortel disfrutan de vacaciones recreativas y saludables a trav\u00e9s del programa Act\u00edvate en Verano de Junaeb"},"content":{"rendered":"<div class=\"flex_column av_one_full  flex_column_div av-zero-column-padding first  avia-builder-el-0  el_before_av_one_full  avia-builder-el-first  \" style='border-radius:0px; '><div  class='avia-image-container  av-styling-    avia-builder-el-1  avia-builder-el-no-sibling  avia-align-center '  itemprop=\"image\" itemscope=\"itemscope\" itemtype=\"https:\/\/schema.org\/ImageObject\"  ><div class='avia-image-container-inner'><div class='avia-image-overlay-wrap'><img decoding=\"async\" class='wp-image-49796 avia-img-lazy-loading-not-49796 avia_image' src=\"https:\/\/radiorevelacionfm.cl\/wp-content\/uploads\/2025\/01\/activate-en-verano1-1_optimized-1.jpg\" alt='' title='act\u00edvate-en-verano1-(1)_optimized (1)' height=\"600\" width=\"800\"  itemprop=\"thumbnailUrl\" srcset=\"https:\/\/radiorevelacionfm.cl\/wp-content\/uploads\/2025\/01\/activate-en-verano1-1_optimized-1.jpg 800w, https:\/\/radiorevelacionfm.cl\/wp-content\/uploads\/2025\/01\/activate-en-verano1-1_optimized-1-300x225.jpg 300w, https:\/\/radiorevelacionfm.cl\/wp-content\/uploads\/2025\/01\/activate-en-verano1-1_optimized-1-768x576.jpg 768w, https:\/\/radiorevelacionfm.cl\/wp-content\/uploads\/2025\/01\/activate-en-verano1-1_optimized-1-705x529.jpg 705w, https:\/\/radiorevelacionfm.cl\/wp-content\/uploads\/2025\/01\/activate-en-verano1-1_optimized-1-450x338.jpg 450w, https:\/\/radiorevelacionfm.cl\/wp-content\/uploads\/2025\/01\/activate-en-verano1-1_optimized-1-600x450.jpg 600w\" sizes=\"(max-width: 800px) 100vw, 800px\" \/><\/div><\/div><\/div><\/div><div class=\"flex_column av_one_full  flex_column_div av-zero-column-padding first  avia-builder-el-2  el_after_av_one_full  el_before_av_one_full  column-top-margin\" style='border-radius:0px; '><section class=\"av_textblock_section \"  itemscope=\"itemscope\" itemtype=\"https:\/\/schema.org\/BlogPosting\" itemprop=\"blogPost\" ><div class='avia_textblock  '   itemprop=\"text\" ><p style=\"text-align: center;\"><span style=\"font-size: 18pt;\"><b><span lang=\"ES\">M\u00e1s de 200 Estudiantes de Ays\u00e9n, Coyhaique, Puyuhuapi y Tortel disfrutan de vacaciones recreativas y saludables a trav\u00e9s del programa Act\u00edvate en Verano de Junaeb<\/span><\/b><\/span><\/p>\n<div id=\"gtx-trans\" style=\"position: absolute; left: -50px; top: 4.31534px;\">\n<div class=\"gtx-trans-icon\"><\/div>\n<\/div>\n<\/div><\/section><\/div><div class=\"flex_column av_one_full  flex_column_div av-zero-column-padding first  avia-builder-el-4  el_after_av_one_full  el_before_av_hr  column-top-margin\" style='border-radius:0px; '><section class=\"av_textblock_section \"  itemscope=\"itemscope\" itemtype=\"https:\/\/schema.org\/BlogPosting\" itemprop=\"blogPost\" ><div class='avia_textblock  '   itemprop=\"text\" ><p class=\"v1MsoNormal\" style=\"text-align: justify;\"><span lang=\"ES\">El jueves 16 la Seremi de Educaci\u00f3n Isabel Garrido concurri\u00f3 junto al Director Regional de Junaeb Manuel Vivar al Estadio Regional de Coyhaique para acompa\u00f1ar a un grupo de estudiantes que participan en actividades del Programa Act\u00edvate en Vacaciones de Coyhaique, impulsado por JUNAEB y ejecutado por la Corporaci\u00f3n de Deportes de la Municipalidad de Coyhaique.<\/span><\/p>\n<p class=\"v1MsoNormal\" style=\"text-align: justify;\">El programa Act\u00edvate en Verano est\u00e1 orientado a estudiantes de primer y segundo ciclo b\u00e1sico de establecimientos educacionales focalizados por JUNAEB. Con esta iniciativa se busca que ni\u00f1as y ni\u00f1os participen durante sus vacaciones con otros estudiantes de edades similares, en experiencias y actividades que les motiven y a partir de las cuales les interese integrar a su vida, h\u00e1bitos de movimiento, deporte y salud, en un ambiente protegido y seguro.<\/p>\n<p class=\"v1MsoNormal\" style=\"text-align: justify;\">Este programa se est\u00e1 desplegando durante los meses de Enero y Febrero en Coyhaique, Ays\u00e9n, Puyuhuapi, y Tortel, con la participaci\u00f3n de m\u00e1s de 200 estudiantes y con una inversi\u00f3n de 50 millones de pesos y con la colaboraci\u00f3n de las municipalidades, el Servicio Local de Educaci\u00f3n P\u00fablica SLEP Ays\u00e9n y el Ministerio de Desarrollo Social y Familia (Mideso).<\/p>\n<p class=\"v1MsoNormal\" style=\"text-align: justify;\">La SEREMI de Educaci\u00f3n Isabel Garrido destac\u00f3 que este programa promueve estilos e vida saludables en periodo de vacaciones y el contacto con la naturaleza, actividades l\u00fadicas. \u00abEl objetivo es proporcionar espacios seguros durante las vacaciones, ofreciendo actividades recreativas que fomentan el desarrollo personal y fortalecen el bienestar emocional y con un trabajo conjunto estamos favoreciendo a m\u00e1s de 200 estudiantes de cuatro comunas de la regi\u00f3n\u00bb.<\/p>\n<p class=\"v1MsoNormal\" style=\"text-align: justify;\">El Director Regional de Junaeb Manuel Vivar coment\u00f3 que \u00abPara nosotros es clave este programa Act\u00edvate en Vacaciones que este a\u00f1o hemos logrado desplegar en cuatro localidades, dos de ellas donde hace mucho tiempo no desarroll\u00e1bamos acciones de este tipo: Tortel y Puyuhuapi, realizando un esfuerzo importante por llegar a localidades rurales donde la oferta program\u00e1tica es m\u00e1s limitada\u00bb<\/p>\n<p class=\"v1MsoNormal\" style=\"text-align: justify;\">Gabriel C\u00e1ceres, Coordinador de la Corporaci\u00f3n Municipal de Deportes de Coyhaique, detall\u00f3 que en su cuarta jornada el programa Act\u00edvate en Verano se desarrollaron talleres de mini atletismo en el estadio municipal. En d\u00edas anteriores tuvieron actividades de microcine, jornadas de limpieza de espacios p\u00fablicos y para la pr\u00f3xima semana est\u00e1 programada una visita a la Reserva Nacional Cerro Castillo, visita museos, entre otras sorpresas. \u00abAgradecemos el financiamiento de Junaeb y apoyo del\u00a0 Ministerio de Educaci\u00f3n para la concreci\u00f3n de esta actividad. Para la administraci\u00f3n del Alcalde Carlos Gatica, la Educaci\u00f3n, el Deporte y la Cultura son pilares de la gesti\u00f3n local\u00bb.<\/p>\n<p class=\"v1MsoNormal\" style=\"text-align: justify;\"><span lang=\"ES\">De los proyectos que se est\u00e1n ejecutando, tres cuentan con financiamiento de Junaeb y uno con fondos de Mideso. En este sentido,<b>\u00a0<\/b><\/span>valorando el convenio que permite llegar con el programa a una de las comunas m\u00e1s australes en la regi\u00f3n de Ays\u00e9n, la Seremi de Desarrollo Social y Familia Karina Acevedo agreg\u00f3 \u00abEste a\u00f1o fue posible llevar a cabo el Programa Act\u00edvate en Vacaciones en la comuna de Tortel, a trav\u00e9s del convenio de la Subsecretar\u00eda de la Ni\u00f1ez de nuestro Ministerio y Junaeb, siendo la m\u00e1s austral de nuestra regi\u00f3n lo que nos tiene muy contentos, porque hay un compromiso del gobierno del presidente Boric de generar m\u00e1s y mejores espacios para ni\u00f1as y ni\u00f1os para que fortalezcan su bienestar en todo \u00e1mbito. Son muchas las actividades programadas, con un equipo muy comprometido en donde participa la Oficina Local de la Ni\u00f1ez, OLN, en coordinaci\u00f3n con Junaeb y el municipio\u00bb.<\/p>\n<\/div><\/section><\/div><div  style='height:50px' class='hr hr-invisible   avia-builder-el-6  el_after_av_one_full  el_before_av_social_share '><span class='hr-inner ' ><span class='hr-inner-style'><\/span><\/span><\/div><\/p>\n<div  class='av-social-sharing-box  avia-builder-el-7  el_after_av_hr  el_before_av_hr  '><div class='av-share-box'><h5 class='av-share-link-description av-no-toc '>Compartir esta noticia<\/h5><ul class='av-share-box-list noLightbox'><li class='av-share-link av-social-link-facebook' ><a target=\"_blank\" aria-label=\"Compartir en Facebook\" href='https:\/\/www.facebook.com\/sharer.php?u=https:\/\/radiorevelacionfm.cl\/?p=49795&#038;t=M%C3%A1s%20de%20200%20Estudiantes%20de%20Ays%C3%A9n%2C%20Coyhaique%2C%20Puyuhuapi%20y%20Tortel%20disfrutan%20de%20vacaciones%20recreativas%20y%20saludables%20a%20trav%C3%A9s%20del%20programa%20Act%C3%ADvate%20en%20Verano%20de%20Junaeb' aria-hidden='false' data-av_icon='\ue8f3' data-av_iconfont='entypo-fontello' title='' data-avia-related-tooltip='Compartir en Facebook' rel=\"noopener\"><span class='avia_hidden_link_text'>Compartir en Facebook<\/span><\/a><\/li><li class='av-share-link av-social-link-twitter' ><a target=\"_blank\" aria-label=\"Compartir en Twitter\" href='https:\/\/twitter.com\/share?text=M%C3%A1s%20de%20200%20Estudiantes%20de%20Ays%C3%A9n%2C%20Coyhaique%2C%20Puyuhuapi%20y%20Tortel%20disfrutan%20de%20vacaciones%20recreativas%20y%20saludables%20a%20trav%C3%A9s%20del%20programa%20Act%C3%ADvate%20en%20Verano%20de%20Junaeb&#038;url=https:\/\/radiorevelacionfm.cl\/?p=49795' aria-hidden='false' data-av_icon='\ue8f1' data-av_iconfont='entypo-fontello' title='' data-avia-related-tooltip='Compartir en Twitter' rel=\"noopener\"><span class='avia_hidden_link_text'>Compartir en Twitter<\/span><\/a><\/li><li class='av-share-link av-social-link-whatsapp' ><a target=\"_blank\" aria-label=\"Compartir en Whatsapp\" href='https:\/\/api.whatsapp.com\/send?text=https:\/\/radiorevelacionfm.cl\/?p=49795' aria-hidden='false' data-av_icon='\uf232' data-av_iconfont='entypo-fontello' title='' data-avia-related-tooltip='Compartir en Whatsapp' rel=\"noopener\"><span class='avia_hidden_link_text'>Compartir en Whatsapp<\/span><\/a><\/li><li class='av-share-link av-social-link-linkedin' ><a target=\"_blank\" aria-label=\"Compartir en LinkedIn\" href='https:\/\/linkedin.com\/shareArticle?mini=true&#038;title=M%C3%A1s%20de%20200%20Estudiantes%20de%20Ays%C3%A9n%2C%20Coyhaique%2C%20Puyuhuapi%20y%20Tortel%20disfrutan%20de%20vacaciones%20recreativas%20y%20saludables%20a%20trav%C3%A9s%20del%20programa%20Act%C3%ADvate%20en%20Verano%20de%20Junaeb&#038;url=https:\/\/radiorevelacionfm.cl\/?p=49795' aria-hidden='false' data-av_icon='\ue8fc' data-av_iconfont='entypo-fontello' title='' data-avia-related-tooltip='Compartir en LinkedIn' rel=\"noopener\"><span class='avia_hidden_link_text'>Compartir en LinkedIn<\/span><\/a><\/li><li class='av-share-link av-social-link-mail' ><a  aria-label=\"Compartir por correo\" href='mailto:?subject=M%C3%A1s%20de%20200%20Estudiantes%20de%20Ays%C3%A9n%2C%20Coyhaique%2C%20Puyuhuapi%20y%20Tortel%20disfrutan%20de%20vacaciones%20recreativas%20y%20saludables%20a%20trav%C3%A9s%20del%20programa%20Act%C3%ADvate%20en%20Verano%20de%20Junaeb&#038;body=https:\/\/radiorevelacionfm.cl\/?p=49795' aria-hidden='false' data-av_icon='\ue805' data-av_iconfont='entypo-fontello' title='' data-avia-related-tooltip='Compartir por correo'><span class='avia_hidden_link_text'>Compartir por correo<\/span><\/a><\/li><\/ul><\/div><\/div>\n<div  style='height:50px' class='hr hr-invisible   avia-builder-el-8  el_after_av_social_share  el_before_av_comments_list '><span class='hr-inner ' ><span class='hr-inner-style'><\/span><\/span><\/div>\n<div  class='av-buildercomment  av-blog-meta-html-info-disabled av-blog-meta-tag-disabled  '><\/div>\n","protected":false},"excerpt":{"rendered":"","protected":false},"author":1,"featured_media":49796,"comment_status":"open","ping_status":"open","sticky":false,"template":"","format":"standard","meta":{"footnotes":""},"categories":[49],"tags":[],"class_list":["post-49795","post","type-post","status-publish","format-standard","has-post-thumbnail","hentry","category-educacion"],"jetpack_featured_media_url":"https:\/\/radiorevelacionfm.cl\/wp-content\/uploads\/2025\/01\/activate-en-verano1-1_optimized-1.jpg","_links":{"self":[{"href":"https:\/\/radiorevelacionfm.cl\/index.php?rest_route=\/wp\/v2\/posts\/49795","targetHints":{"allow":["GET"]}}],"collection":[{"href":"https:\/\/radiorevelacionfm.cl\/index.php?rest_route=\/wp\/v2\/posts"}],"about":[{"href":"https:\/\/radiorevelacionfm.cl\/index.php?rest_route=\/wp\/v2\/types\/post"}],"author":[{"embeddable":true,"href":"https:\/\/radiorevelacionfm.cl\/index.php?rest_route=\/wp\/v2\/users\/1"}],"replies":[{"embeddable":true,"href":"https:\/\/radiorevelacionfm.cl\/index.php?rest_route=%2Fwp%2Fv2%2Fcomments&post=49795"}],"version-history":[{"count":1,"href":"https:\/\/radiorevelacionfm.cl\/index.php?rest_route=\/wp\/v2\/posts\/49795\/revisions"}],"predecessor-version":[{"id":49797,"href":"https:\/\/radiorevelacionfm.cl\/index.php?rest_route=\/wp\/v2\/posts\/49795\/revisions\/49797"}],"wp:featuredmedia":[{"embeddable":true,"href":"https:\/\/radiorevelacionfm.cl\/index.php?rest_route=\/wp\/v2\/media\/49796"}],"wp:attachment":[{"href":"https:\/\/radiorevelacionfm.cl\/index.php?rest_route=%2Fwp%2Fv2%2Fmedia&parent=49795"}],"wp:term":[{"taxonomy":"category","embeddable":true,"href":"https:\/\/radiorevelacionfm.cl\/index.php?rest_route=%2Fwp%2Fv2%2Fcategories&post=49795"},{"taxonomy":"post_tag","embeddable":true,"href":"https:\/\/radiorevelacionfm.cl\/index.php?rest_route=%2Fwp%2Fv2%2Ftags&post=49795"}],"curies":[{"name":"wp","href":"https:\/\/api.w.org\/{rel}","templated":true}]}}