{"id":49792,"date":"2025-01-19T23:30:34","date_gmt":"2025-01-20T02:30:34","guid":{"rendered":"https:\/\/radiorevelacionfm.cl\/?p=49792"},"modified":"2025-01-19T23:30:34","modified_gmt":"2025-01-20T02:30:34","slug":"balance-migratorio-2024-pdi-controlo-mas-de-350-mil-personas-en-pasos-fronterizos-de-la-region-de-aysen","status":"publish","type":"post","link":"https:\/\/radiorevelacionfm.cl\/?p=49792","title":{"rendered":"Balance migratorio 2024: PDI control\u00f3 m\u00e1s de 350 mil personas en pasos fronterizos de la Regi\u00f3n de Ays\u00e9n"},"content":{"rendered":"<div class=\"flex_column av_one_full  flex_column_div av-zero-column-padding first  avia-builder-el-0  el_before_av_one_full  avia-builder-el-first  \" style='border-radius:0px; '><div  class='avia-image-container  av-styling-    avia-builder-el-1  avia-builder-el-no-sibling  avia-align-center '  itemprop=\"image\" itemscope=\"itemscope\" itemtype=\"https:\/\/schema.org\/ImageObject\"  ><div class='avia-image-container-inner'><div class='avia-image-overlay-wrap'><img decoding=\"async\" class='wp-image-49793 avia-img-lazy-loading-not-49793 avia_image' src=\"https:\/\/radiorevelacionfm.cl\/wp-content\/uploads\/2025\/01\/IMG_2334-1-1.jpg\" alt='' title='IMG_2334 (1) (1)' height=\"600\" width=\"800\"  itemprop=\"thumbnailUrl\" srcset=\"https:\/\/radiorevelacionfm.cl\/wp-content\/uploads\/2025\/01\/IMG_2334-1-1.jpg 800w, https:\/\/radiorevelacionfm.cl\/wp-content\/uploads\/2025\/01\/IMG_2334-1-1-300x225.jpg 300w, https:\/\/radiorevelacionfm.cl\/wp-content\/uploads\/2025\/01\/IMG_2334-1-1-768x576.jpg 768w, https:\/\/radiorevelacionfm.cl\/wp-content\/uploads\/2025\/01\/IMG_2334-1-1-705x529.jpg 705w, https:\/\/radiorevelacionfm.cl\/wp-content\/uploads\/2025\/01\/IMG_2334-1-1-450x338.jpg 450w, https:\/\/radiorevelacionfm.cl\/wp-content\/uploads\/2025\/01\/IMG_2334-1-1-600x450.jpg 600w\" sizes=\"(max-width: 800px) 100vw, 800px\" \/><\/div><\/div><\/div><\/div><div class=\"flex_column av_one_full  flex_column_div av-zero-column-padding first  avia-builder-el-2  el_after_av_one_full  el_before_av_one_full  column-top-margin\" style='border-radius:0px; '><section class=\"av_textblock_section \"  itemscope=\"itemscope\" itemtype=\"https:\/\/schema.org\/BlogPosting\" itemprop=\"blogPost\" ><div class='avia_textblock  '   itemprop=\"text\" ><p style=\"text-align: center;\"><span style=\"font-size: 18pt;\"><strong>Balance migratorio 2024: PDI control\u00f3 m\u00e1s de 350 mil personas en pasos fronterizos de la Regi\u00f3n de Ays\u00e9n<\/strong><\/span><\/p>\n<div id=\"gtx-trans\" style=\"position: absolute; left: -50px; top: 4.31534px;\">\n<div class=\"gtx-trans-icon\"><\/div>\n<\/div>\n<\/div><\/section><\/div><div class=\"flex_column av_one_full  flex_column_div av-zero-column-padding first  avia-builder-el-4  el_after_av_one_full  el_before_av_hr  column-top-margin\" style='border-radius:0px; '><section class=\"av_textblock_section \"  itemscope=\"itemscope\" itemtype=\"https:\/\/schema.org\/BlogPosting\" itemprop=\"blogPost\" ><div class='avia_textblock  '   itemprop=\"text\" ><p style=\"text-align: justify;\">Dentro de las funciones de la Polic\u00eda de Investigaciones de Chile (PDI), el trabajo que se desarrolla en el \u00e1rea de Migraciones y Polic\u00eda Internacional es de gran relevancia, precisamente, uno de sus ejes fundamentales se relaciona con el control migratorio de las personas que ingresan o salen del territorio nacional.<\/p>\n<p style=\"text-align: justify;\">De los 13 pasos fronterizos de la Regi\u00f3n de Ays\u00e9n, la PDI cuenta con tres pasos fronterizos controlados por personal especializado del Departamento de Migraciones y Policia Internacional Coyhaique, con apoyo de funcionarios de las distintas unidades de la Regi\u00f3n Policial: Coyhaique Alto, Huemules y Jeinimeni, cuyo flujo de pasajeros es regular durante todo el a\u00f1o.<\/p>\n<p style=\"text-align: justify;\"><strong>Balance<\/strong><\/p>\n<p style=\"text-align: justify;\">Durante el a\u00f1o 2024, la PDI Ays\u00e9n control\u00f3 a un total de 350.257 pasajeros en sus tres pasos fronterizos, de los cuales 172.520 corresponden a entrados y 177.737 a salidos.<\/p>\n<p style=\"text-align: justify;\">De acuerdo al desglose realizado por el Departamento de Migraciones, el paso fronterizo con mayor cantidad de personas controladas corresponde al paso Jeinimeni con un total de 233.327 entrados y salidos, seguido por el paso Coyhaique Alto con un total de 63.045 entrados y salidos y, finalmente, el paso Huemules con un total de 53.885 entrados y salidos.<\/p>\n<p style=\"text-align: justify;\"><strong>Revisi\u00f3n documental<\/strong><\/p>\n<p style=\"text-align: justify;\">Sobre la realizaci\u00f3n del tr\u00e1mite, el subprefecto Ren\u00e9 Retamal Quintanilla, jefe del Departamento Migraciones Coyhaique, se\u00f1al\u00f3 que \u201cla PDI se encarga del control documental, en el cual se verifica la identidad de la persona, que cumpla con los documentos y requisitos y se corrobora que no mantenga impedimento judicial de entrada o salida del territorio nacional\u201d.<\/p>\n<p style=\"text-align: justify;\">En este punto, es de gran relevancia destacar que \u201cse debe presentar en Polic\u00eda Internacional un documento de identidad v\u00e1lido y vigente, ya sea c\u00e9dula de identidad o pasaporte. Si alguno de estos documentos est\u00e1 vencido no podr\u00e1s ingresar o salir del pa\u00eds\u201d, puntualiz\u00f3 el subprefecto Retamal.<\/p>\n<p style=\"text-align: justify;\">Si viajas con ni\u00f1os, ni\u00f1as o adolescentes, adem\u00e1s del documento de identidad v\u00e1lido y vigente, debes presentar la libreta de familia o el certificado de nacimiento para acreditar paternidad o maternidad.<\/p>\n<p style=\"text-align: justify;\">Si alguno de estos menores viaja solo o sin uno de los padres, aparte del documento de identidad, debe contar con la autorizaci\u00f3n notarial del padre, madre o tutor legal que no viaja en formato original.<\/p>\n<p style=\"text-align: justify;\"><strong>Salvoconducto<\/strong><\/p>\n<p style=\"text-align: justify;\">Para salir del territorio nacional por aquellos pasos fronterizos que no son controlados por la PDI, se exige un salvoconducto, documento que habilita a su titular para salir del territorio nacional, conforme a las disposiciones establecidas en la legislaci\u00f3n.<\/p>\n<p style=\"text-align: justify;\">Actualmente, el documento se puede obtener mediante tr\u00e1mite digital, sin costo. Se trata de un formulario de salvoconducto para viaje al extranjero que est\u00e1 dirigido a chilenos, extranjeros residentes y extranjeros con permanencia transitoria. Para solicitarlo, debe mantener un correo electr\u00f3nico, porque ser\u00e1 el medio a trav\u00e9s del cual recibir\u00e1 el salvoconducto, cuya solicitud se realiza en <a href=\"https:\/\/pdivirtual.cerofilas.gob.cl\/\">https:\/\/pdivirtual.cerofilas.gob.cl\/<\/a>, debiendo ingresar los datos requeridos.<\/p>\n<p style=\"text-align: justify;\">Sobre este tr\u00e1mite, el jefe del \u00e1rea especializada recomend\u00f3 que \u201cdebe ser solicitado por cada persona que va a salir del pa\u00eds y debe ser tramitado con un m\u00ednimo cinco d\u00edas h\u00e1biles antes de la fecha de salida. Una vez obtenido el documento, \u00e9ste tendr\u00e1 una validez solo para el d\u00eda indicado en la solicitud de salida, durante las 24 horas\u201d.<\/p>\n<p style=\"text-align: justify;\"><strong>Recomendaciones <\/strong><\/p>\n<p style=\"text-align: justify;\">Finalmente, desde el Departamento de Migraciones Coyhaique realizaron un llamado a \u201cinformarse sobre los requisitos y documentos a presentar durante el control migratorio para evitar cualquier tipo de contratiempo y realizar un tr\u00e1mite m\u00e1s expedito y ordenado, y planificar el viaje con anticipaci\u00f3n\u201d, subray\u00f3 Retamal.<\/p>\n<p style=\"text-align: justify;\">Cabe destacar que el horario de atenci\u00f3n para el control documental en los pasos fronterizos durante la \u00e9poca estival es de lunes a domingo de 08:00 a 21:00 horas.<\/p>\n<\/div><\/section><\/div><div  style='height:50px' class='hr hr-invisible   avia-builder-el-6  el_after_av_one_full  el_before_av_social_share '><span class='hr-inner ' ><span class='hr-inner-style'><\/span><\/span><\/div><\/p>\n<div  class='av-social-sharing-box  avia-builder-el-7  el_after_av_hr  el_before_av_hr  '><div class='av-share-box'><h5 class='av-share-link-description av-no-toc '>Compartir esta noticia<\/h5><ul class='av-share-box-list noLightbox'><li class='av-share-link av-social-link-facebook' ><a target=\"_blank\" aria-label=\"Compartir en Facebook\" href='https:\/\/www.facebook.com\/sharer.php?u=https:\/\/radiorevelacionfm.cl\/?p=49792&#038;t=Balance%20migratorio%202024%3A%20PDI%20control%C3%B3%20m%C3%A1s%20de%20350%20mil%20personas%20en%20pasos%20fronterizos%20de%20la%20Regi%C3%B3n%20de%20Ays%C3%A9n' aria-hidden='false' data-av_icon='\ue8f3' data-av_iconfont='entypo-fontello' title='' data-avia-related-tooltip='Compartir en Facebook' rel=\"noopener\"><span class='avia_hidden_link_text'>Compartir en Facebook<\/span><\/a><\/li><li class='av-share-link av-social-link-twitter' ><a target=\"_blank\" aria-label=\"Compartir en Twitter\" href='https:\/\/twitter.com\/share?text=Balance%20migratorio%202024%3A%20PDI%20control%C3%B3%20m%C3%A1s%20de%20350%20mil%20personas%20en%20pasos%20fronterizos%20de%20la%20Regi%C3%B3n%20de%20Ays%C3%A9n&#038;url=https:\/\/radiorevelacionfm.cl\/?p=49792' aria-hidden='false' data-av_icon='\ue8f1' data-av_iconfont='entypo-fontello' title='' data-avia-related-tooltip='Compartir en Twitter' rel=\"noopener\"><span class='avia_hidden_link_text'>Compartir en Twitter<\/span><\/a><\/li><li class='av-share-link av-social-link-whatsapp' ><a target=\"_blank\" aria-label=\"Compartir en Whatsapp\" href='https:\/\/api.whatsapp.com\/send?text=https:\/\/radiorevelacionfm.cl\/?p=49792' aria-hidden='false' data-av_icon='\uf232' data-av_iconfont='entypo-fontello' title='' data-avia-related-tooltip='Compartir en Whatsapp' rel=\"noopener\"><span class='avia_hidden_link_text'>Compartir en Whatsapp<\/span><\/a><\/li><li class='av-share-link av-social-link-linkedin' ><a target=\"_blank\" aria-label=\"Compartir en LinkedIn\" href='https:\/\/linkedin.com\/shareArticle?mini=true&#038;title=Balance%20migratorio%202024%3A%20PDI%20control%C3%B3%20m%C3%A1s%20de%20350%20mil%20personas%20en%20pasos%20fronterizos%20de%20la%20Regi%C3%B3n%20de%20Ays%C3%A9n&#038;url=https:\/\/radiorevelacionfm.cl\/?p=49792' aria-hidden='false' data-av_icon='\ue8fc' data-av_iconfont='entypo-fontello' title='' data-avia-related-tooltip='Compartir en LinkedIn' rel=\"noopener\"><span class='avia_hidden_link_text'>Compartir en LinkedIn<\/span><\/a><\/li><li class='av-share-link av-social-link-mail' ><a  aria-label=\"Compartir por correo\" href='mailto:?subject=Balance%20migratorio%202024%3A%20PDI%20control%C3%B3%20m%C3%A1s%20de%20350%20mil%20personas%20en%20pasos%20fronterizos%20de%20la%20Regi%C3%B3n%20de%20Ays%C3%A9n&#038;body=https:\/\/radiorevelacionfm.cl\/?p=49792' aria-hidden='false' data-av_icon='\ue805' data-av_iconfont='entypo-fontello' title='' data-avia-related-tooltip='Compartir por correo'><span class='avia_hidden_link_text'>Compartir por correo<\/span><\/a><\/li><\/ul><\/div><\/div>\n<div  style='height:50px' class='hr hr-invisible   avia-builder-el-8  el_after_av_social_share  el_before_av_comments_list '><span class='hr-inner ' ><span class='hr-inner-style'><\/span><\/span><\/div>\n<div  class='av-buildercomment  av-blog-meta-html-info-disabled av-blog-meta-tag-disabled  '><\/div>\n","protected":false},"excerpt":{"rendered":"","protected":false},"author":1,"featured_media":49793,"comment_status":"open","ping_status":"open","sticky":false,"template":"","format":"standard","meta":{"footnotes":""},"categories":[36],"tags":[],"class_list":["post-49792","post","type-post","status-publish","format-standard","has-post-thumbnail","hentry","category-policial"],"jetpack_featured_media_url":"https:\/\/radiorevelacionfm.cl\/wp-content\/uploads\/2025\/01\/IMG_2334-1-1.jpg","_links":{"self":[{"href":"https:\/\/radiorevelacionfm.cl\/index.php?rest_route=\/wp\/v2\/posts\/49792","targetHints":{"allow":["GET"]}}],"collection":[{"href":"https:\/\/radiorevelacionfm.cl\/index.php?rest_route=\/wp\/v2\/posts"}],"about":[{"href":"https:\/\/radiorevelacionfm.cl\/index.php?rest_route=\/wp\/v2\/types\/post"}],"author":[{"embeddable":true,"href":"https:\/\/radiorevelacionfm.cl\/index.php?rest_route=\/wp\/v2\/users\/1"}],"replies":[{"embeddable":true,"href":"https:\/\/radiorevelacionfm.cl\/index.php?rest_route=%2Fwp%2Fv2%2Fcomments&post=49792"}],"version-history":[{"count":1,"href":"https:\/\/radiorevelacionfm.cl\/index.php?rest_route=\/wp\/v2\/posts\/49792\/revisions"}],"predecessor-version":[{"id":49794,"href":"https:\/\/radiorevelacionfm.cl\/index.php?rest_route=\/wp\/v2\/posts\/49792\/revisions\/49794"}],"wp:featuredmedia":[{"embeddable":true,"href":"https:\/\/radiorevelacionfm.cl\/index.php?rest_route=\/wp\/v2\/media\/49793"}],"wp:attachment":[{"href":"https:\/\/radiorevelacionfm.cl\/index.php?rest_route=%2Fwp%2Fv2%2Fmedia&parent=49792"}],"wp:term":[{"taxonomy":"category","embeddable":true,"href":"https:\/\/radiorevelacionfm.cl\/index.php?rest_route=%2Fwp%2Fv2%2Fcategories&post=49792"},{"taxonomy":"post_tag","embeddable":true,"href":"https:\/\/radiorevelacionfm.cl\/index.php?rest_route=%2Fwp%2Fv2%2Ftags&post=49792"}],"curies":[{"name":"wp","href":"https:\/\/api.w.org\/{rel}","templated":true}]}}