{"id":4979,"date":"2021-06-07T11:05:00","date_gmt":"2021-06-07T14:05:00","guid":{"rendered":"https:\/\/radiorevelacionfm.cl\/?p=4979"},"modified":"2021-06-07T11:05:00","modified_gmt":"2021-06-07T14:05:00","slug":"mauricio-munoz-gatica-es-el-nuevo-presidente-de-la-cut-provincial-coyhaique-2021-2025","status":"publish","type":"post","link":"https:\/\/radiorevelacionfm.cl\/?p=4979","title":{"rendered":"Mauricio Mu\u00f1oz Gatica es el nuevo Presidente de la CUT provincial Coyhaique 2021 \u2013 2025"},"content":{"rendered":"<div class=\"flex_column av_one_full  flex_column_div av-zero-column-padding first  avia-builder-el-0  el_before_av_one_full  avia-builder-el-first  \" style='border-radius:0px; '><div  class='avia-image-container  av-styling-    avia-builder-el-1  avia-builder-el-no-sibling  avia-align-center '  itemprop=\"image\" itemscope=\"itemscope\" itemtype=\"https:\/\/schema.org\/ImageObject\"  ><div class='avia-image-container-inner'><div class='avia-image-overlay-wrap'><img decoding=\"async\" class='wp-image-4982 avia-img-lazy-loading-not-4982 avia_image' src=\"https:\/\/radiorevelacionfm.cl\/wp-content\/uploads\/2021\/06\/CUT_Elecciones2-1.jpg\" alt='' title='CUT_Elecciones2 (1)' height=\"485\" width=\"958\"  itemprop=\"thumbnailUrl\" srcset=\"https:\/\/radiorevelacionfm.cl\/wp-content\/uploads\/2021\/06\/CUT_Elecciones2-1.jpg 958w, https:\/\/radiorevelacionfm.cl\/wp-content\/uploads\/2021\/06\/CUT_Elecciones2-1-300x152.jpg 300w, https:\/\/radiorevelacionfm.cl\/wp-content\/uploads\/2021\/06\/CUT_Elecciones2-1-768x389.jpg 768w, https:\/\/radiorevelacionfm.cl\/wp-content\/uploads\/2021\/06\/CUT_Elecciones2-1-705x357.jpg 705w, https:\/\/radiorevelacionfm.cl\/wp-content\/uploads\/2021\/06\/CUT_Elecciones2-1-600x304.jpg 600w\" sizes=\"(max-width: 958px) 100vw, 958px\" \/><\/div><\/div><\/div><\/div><div class=\"flex_column av_one_full  flex_column_div av-zero-column-padding first  avia-builder-el-2  el_after_av_one_full  el_before_av_one_full  column-top-margin\" style='border-radius:0px; '><section class=\"av_textblock_section \"  itemscope=\"itemscope\" itemtype=\"https:\/\/schema.org\/BlogPosting\" itemprop=\"blogPost\" ><div class='avia_textblock  '   itemprop=\"text\" ><p style=\"text-align: center;\"><strong><span style=\"font-size: 18pt;\">Mauricio Mu\u00f1oz Gatica es el nuevo Presidente de la CUT provincial Coyhaique <\/span><\/strong><span style=\"font-size: 18pt;\"><strong>2021 \u2013 2025<\/strong><\/span><\/p>\n<div id=\"gtx-trans\" style=\"position: absolute; left: -50px; top: 4.31534px;\">\n<div class=\"gtx-trans-icon\"><\/div>\n<\/div>\n<\/div><\/section><\/div><\/p>\n<div class=\"flex_column av_one_full  flex_column_div av-zero-column-padding first  avia-builder-el-4  el_after_av_one_full  el_before_av_hr  column-top-margin\" style='border-radius:0px; '><section class=\"av_textblock_section \"  itemscope=\"itemscope\" itemtype=\"https:\/\/schema.org\/BlogPosting\" itemprop=\"blogPost\" ><div class='avia_textblock  '   itemprop=\"text\" ><p style=\"text-align: justify;\">El jueves 04 de junio qued\u00f3 conformada la Directiva de la Central Unitaria de Trabajadores, CUT Chile, Provincial Coyhaique, que guiar\u00e1 a la Central por los pr\u00f3ximos cuatro a\u00f1os.<\/p>\n<p style=\"text-align: justify;\">Mauricio Mu\u00f1oz Gatica, actual Secretario General de la ANEF Ays\u00e9n y Presidente Regional de AFUSE (Asociaci\u00f3n de funcionarios y funcionarias de Sename), es el nuevo Presidente \u00a0de la provincial, por el per\u00edodo comprendido entre los a\u00f1os 2021 \u2013 2025.<\/p>\n<p style=\"text-align: justify;\">Tras los resultados de las elecciones de car\u00e1cter universal de los consejeros nacionales y territoriales de la CUT, que se desarroll\u00f3 entre los d\u00edas 26 y 28 de mayo, que fue catalogada como hist\u00f3rica, pues al ser universales, fue bajo la modalidad un socio\/a, un voto. Este jueves se constituy\u00f3 la lista local \u201cAlianza Sindical\u201d, unitaria y de consenso que se present\u00f3 en la Provincia de Coyhaique, encabezada por Mauricio Mu\u00f1oz Gatica.<\/p>\n<p style=\"text-align: justify;\">La primera mayor\u00eda la obtuvo el Dirigente de la AJUNJI, Andr\u00e9s Vidal Cay\u00fan, pero por tratarse de una lista de consenso se respetaron los acuerdos establecidos en la conformaci\u00f3n de directiva.<\/p>\n<p style=\"text-align: justify;\">Finalmente, la Directiva qued\u00f3 conformada de la siguiente manera:<\/p>\n<ol style=\"text-align: justify;\">\n<li>Presidente: Mauricio Mu\u00f1oz Gatica, Anef.<\/li>\n<li>Secretario General: M\u00f3nica Hermosilla Ocampo, Fenpruss.<\/li>\n<li>Tesorero: Carlos Alvarez, Sindicato de Correos.<\/li>\n<li>Vicepresidente: Andr\u00e9s Vidal Cay\u00fan, Ajunji<\/li>\n<li>Vicepresidencia de la Mujer: Marisol Vidal Barr\u00eda, Fenpruss<\/li>\n<li>Secretar\u00eda de Organizaci\u00f3n y Relaciones Laborales: Samuel Navarro Castro, Anef.<\/li>\n<li>Secretar\u00eda de Comunicaci\u00f3n, Capacitaci\u00f3n y Educaci\u00f3n: Claudio Rivera Zbinder, Anef.<\/li>\n<li>Secretar\u00eda de Movilizaci\u00f3n: Jos\u00e9 Cayun Cayun, Sindicato de la Construcci\u00f3n.<\/li>\n<\/ol>\n<p style=\"text-align: justify;\"><strong>Mauricio Mu\u00f1oz Gatica<\/strong>, se\u00f1ala que el sello de la gesti\u00f3n, de la nueva directiva ser\u00e1 fortalecer la Central \u00danica de Trabajadores y Trabajadoras en la provincia de Coyhaique y por extensi\u00f3n en la regi\u00f3n, adem\u00e1s de fomentar la constituci\u00f3n de\u00a0 sindicatos del sector privado y la participaci\u00f3n activa de las Asociaciones del Sector Publico, llegamos para incidir en la discusi\u00f3n y participaci\u00f3n de las transformaciones estructurales que tanto necesitan las y los trabajadores de Chile.<\/p>\n<p style=\"text-align: justify;\">As\u00ed se abre una nueva era en la construcci\u00f3n de la principal herramienta de los y las trabajadoras, en el actual proceso constituyente, en que deben prevalecer los derechos individuales y colectivos para fortalecer el rol del movimiento sindical y profundizar la democracia, en un pa\u00eds de mayor\u00edas.<\/p>\n<\/div><\/section><\/div>\n<div  style='height:50px' class='hr hr-invisible   avia-builder-el-6  el_after_av_one_full  el_before_av_social_share '><span class='hr-inner ' ><span class='hr-inner-style'><\/span><\/span><\/div>\n<div  class='av-social-sharing-box  avia-builder-el-7  el_after_av_hr  el_before_av_hr  '><div class='av-share-box'><h5 class='av-share-link-description av-no-toc '>Compartir esta noticia<\/h5><ul class='av-share-box-list noLightbox'><li class='av-share-link av-social-link-facebook' ><a target=\"_blank\" aria-label=\"Compartir en Facebook\" href='https:\/\/www.facebook.com\/sharer.php?u=https:\/\/radiorevelacionfm.cl\/?p=4979&#038;t=Mauricio%20Mu%C3%B1oz%20Gatica%20es%20el%20nuevo%20Presidente%20de%20la%20CUT%20provincial%20Coyhaique%202021%20%E2%80%93%202025' aria-hidden='false' data-av_icon='\ue8f3' data-av_iconfont='entypo-fontello' title='' data-avia-related-tooltip='Compartir en Facebook' rel=\"noopener\"><span class='avia_hidden_link_text'>Compartir en Facebook<\/span><\/a><\/li><li class='av-share-link av-social-link-twitter' ><a target=\"_blank\" aria-label=\"Compartir en Twitter\" href='https:\/\/twitter.com\/share?text=Mauricio%20Mu%C3%B1oz%20Gatica%20es%20el%20nuevo%20Presidente%20de%20la%20CUT%20provincial%20Coyhaique%202021%20%E2%80%93%202025&#038;url=https:\/\/radiorevelacionfm.cl\/?p=4979' aria-hidden='false' data-av_icon='\ue8f1' data-av_iconfont='entypo-fontello' title='' data-avia-related-tooltip='Compartir en Twitter' rel=\"noopener\"><span class='avia_hidden_link_text'>Compartir en Twitter<\/span><\/a><\/li><li class='av-share-link av-social-link-whatsapp' ><a target=\"_blank\" aria-label=\"Compartir en Whatsapp\" href='https:\/\/api.whatsapp.com\/send?text=https:\/\/radiorevelacionfm.cl\/?p=4979' aria-hidden='false' data-av_icon='\uf232' data-av_iconfont='entypo-fontello' title='' data-avia-related-tooltip='Compartir en Whatsapp' rel=\"noopener\"><span class='avia_hidden_link_text'>Compartir en Whatsapp<\/span><\/a><\/li><li class='av-share-link av-social-link-linkedin' ><a target=\"_blank\" aria-label=\"Compartir en LinkedIn\" href='https:\/\/linkedin.com\/shareArticle?mini=true&#038;title=Mauricio%20Mu%C3%B1oz%20Gatica%20es%20el%20nuevo%20Presidente%20de%20la%20CUT%20provincial%20Coyhaique%202021%20%E2%80%93%202025&#038;url=https:\/\/radiorevelacionfm.cl\/?p=4979' aria-hidden='false' data-av_icon='\ue8fc' data-av_iconfont='entypo-fontello' title='' data-avia-related-tooltip='Compartir en LinkedIn' rel=\"noopener\"><span class='avia_hidden_link_text'>Compartir en LinkedIn<\/span><\/a><\/li><li class='av-share-link av-social-link-mail' ><a  aria-label=\"Compartir por correo\" href='mailto:?subject=Mauricio%20Mu%C3%B1oz%20Gatica%20es%20el%20nuevo%20Presidente%20de%20la%20CUT%20provincial%20Coyhaique%202021%20%E2%80%93%202025&#038;body=https:\/\/radiorevelacionfm.cl\/?p=4979' aria-hidden='false' data-av_icon='\ue805' data-av_iconfont='entypo-fontello' title='' data-avia-related-tooltip='Compartir por correo'><span class='avia_hidden_link_text'>Compartir por correo<\/span><\/a><\/li><\/ul><\/div><\/div>\n<div  style='height:50px' class='hr hr-invisible   avia-builder-el-8  el_after_av_social_share  el_before_av_comments_list '><span class='hr-inner ' ><span class='hr-inner-style'><\/span><\/span><\/div>\n<div  class='av-buildercomment  av-blog-meta-html-info-disabled av-blog-meta-tag-disabled  '><\/div>\n","protected":false},"excerpt":{"rendered":"","protected":false},"author":1,"featured_media":4982,"comment_status":"open","ping_status":"open","sticky":false,"template":"","format":"standard","meta":{"footnotes":""},"categories":[56],"tags":[],"class_list":["post-4979","post","type-post","status-publish","format-standard","has-post-thumbnail","hentry","category-trabajo"],"jetpack_featured_media_url":"https:\/\/radiorevelacionfm.cl\/wp-content\/uploads\/2021\/06\/CUT_Elecciones2-1.jpg","_links":{"self":[{"href":"https:\/\/radiorevelacionfm.cl\/index.php?rest_route=\/wp\/v2\/posts\/4979","targetHints":{"allow":["GET"]}}],"collection":[{"href":"https:\/\/radiorevelacionfm.cl\/index.php?rest_route=\/wp\/v2\/posts"}],"about":[{"href":"https:\/\/radiorevelacionfm.cl\/index.php?rest_route=\/wp\/v2\/types\/post"}],"author":[{"embeddable":true,"href":"https:\/\/radiorevelacionfm.cl\/index.php?rest_route=\/wp\/v2\/users\/1"}],"replies":[{"embeddable":true,"href":"https:\/\/radiorevelacionfm.cl\/index.php?rest_route=%2Fwp%2Fv2%2Fcomments&post=4979"}],"version-history":[{"count":2,"href":"https:\/\/radiorevelacionfm.cl\/index.php?rest_route=\/wp\/v2\/posts\/4979\/revisions"}],"predecessor-version":[{"id":4983,"href":"https:\/\/radiorevelacionfm.cl\/index.php?rest_route=\/wp\/v2\/posts\/4979\/revisions\/4983"}],"wp:featuredmedia":[{"embeddable":true,"href":"https:\/\/radiorevelacionfm.cl\/index.php?rest_route=\/wp\/v2\/media\/4982"}],"wp:attachment":[{"href":"https:\/\/radiorevelacionfm.cl\/index.php?rest_route=%2Fwp%2Fv2%2Fmedia&parent=4979"}],"wp:term":[{"taxonomy":"category","embeddable":true,"href":"https:\/\/radiorevelacionfm.cl\/index.php?rest_route=%2Fwp%2Fv2%2Fcategories&post=4979"},{"taxonomy":"post_tag","embeddable":true,"href":"https:\/\/radiorevelacionfm.cl\/index.php?rest_route=%2Fwp%2Fv2%2Ftags&post=4979"}],"curies":[{"name":"wp","href":"https:\/\/api.w.org\/{rel}","templated":true}]}}