{"id":49789,"date":"2025-01-19T23:21:42","date_gmt":"2025-01-20T02:21:42","guid":{"rendered":"https:\/\/radiorevelacionfm.cl\/?p=49789"},"modified":"2025-01-19T23:21:42","modified_gmt":"2025-01-20T02:21:42","slug":"coyhaique-fue-sede-del-primer-encuentro-regional-de-concesiones-organizado-por-la-cchc","status":"publish","type":"post","link":"https:\/\/radiorevelacionfm.cl\/?p=49789","title":{"rendered":"Coyhaique fue sede del primer encuentro regional de concesiones organizado por la CChC"},"content":{"rendered":"<div class=\"flex_column av_one_full  flex_column_div av-zero-column-padding first  avia-builder-el-0  el_before_av_one_full  avia-builder-el-first  \" style='border-radius:0px; '><div  class='avia-image-container  av-styling-    avia-builder-el-1  avia-builder-el-no-sibling  avia-align-center '  itemprop=\"image\" itemscope=\"itemscope\" itemtype=\"https:\/\/schema.org\/ImageObject\"  ><div class='avia-image-container-inner'><div class='avia-image-overlay-wrap'><img decoding=\"async\" class='wp-image-49790 avia-img-lazy-loading-not-49790 avia_image' src=\"https:\/\/radiorevelacionfm.cl\/wp-content\/uploads\/2025\/01\/1-2025-01-19t122547_optimized.003-1.jpg\" alt='' title='1---2025-01-19t122547_optimized.003-(1)' height=\"600\" width=\"1285\"  itemprop=\"thumbnailUrl\" srcset=\"https:\/\/radiorevelacionfm.cl\/wp-content\/uploads\/2025\/01\/1-2025-01-19t122547_optimized.003-1.jpg 1285w, https:\/\/radiorevelacionfm.cl\/wp-content\/uploads\/2025\/01\/1-2025-01-19t122547_optimized.003-1-300x140.jpg 300w, https:\/\/radiorevelacionfm.cl\/wp-content\/uploads\/2025\/01\/1-2025-01-19t122547_optimized.003-1-1030x481.jpg 1030w, https:\/\/radiorevelacionfm.cl\/wp-content\/uploads\/2025\/01\/1-2025-01-19t122547_optimized.003-1-768x359.jpg 768w, https:\/\/radiorevelacionfm.cl\/wp-content\/uploads\/2025\/01\/1-2025-01-19t122547_optimized.003-1-705x329.jpg 705w, https:\/\/radiorevelacionfm.cl\/wp-content\/uploads\/2025\/01\/1-2025-01-19t122547_optimized.003-1-450x210.jpg 450w, https:\/\/radiorevelacionfm.cl\/wp-content\/uploads\/2025\/01\/1-2025-01-19t122547_optimized.003-1-600x280.jpg 600w\" sizes=\"(max-width: 1285px) 100vw, 1285px\" \/><\/div><\/div><\/div><\/div><div class=\"flex_column av_one_full  flex_column_div av-zero-column-padding first  avia-builder-el-2  el_after_av_one_full  el_before_av_one_full  column-top-margin\" style='border-radius:0px; '><section class=\"av_textblock_section \"  itemscope=\"itemscope\" itemtype=\"https:\/\/schema.org\/BlogPosting\" itemprop=\"blogPost\" ><div class='avia_textblock  '   itemprop=\"text\" ><p style=\"text-align: center;\"><span style=\"font-size: 18pt;\"><strong>Coyhaique fue sede del primer encuentro regional de concesiones organizado por la CChC<\/strong><\/span><\/p>\n<div id=\"gtx-trans\" style=\"position: absolute; left: -50px; top: 4.31534px;\">\n<div class=\"gtx-trans-icon\"><\/div>\n<\/div>\n<\/div><\/section><\/div><div class=\"flex_column av_one_full  flex_column_div av-zero-column-padding first  avia-builder-el-4  el_after_av_one_full  el_before_av_hr  column-top-margin\" style='border-radius:0px; '><section class=\"av_textblock_section \"  itemscope=\"itemscope\" itemtype=\"https:\/\/schema.org\/BlogPosting\" itemprop=\"blogPost\" ><div class='avia_textblock  '   itemprop=\"text\" ><p style=\"text-align: justify;\"><em>La instancia, reuni\u00f3 a actores p\u00fablicos y privados, para abordar c\u00f3mo desarrollar obras de infraestructura p\u00fablica, con financiamiento compartido.<\/em><\/p>\n<p style=\"text-align: justify;\">Con representantes del sector p\u00fablico y privado, y la vicepresidenta nacional de la CChC, Alicia Vesperinas, se desarroll\u00f3 en Coyhaique, el primer encuentro regional de concesiones, instancia organizada por la C\u00e1mara Chilena de la Construcci\u00f3n sede Coyhaique, que busc\u00f3 abordar el desarrollo de infraestructura p\u00fablica, que mejore la calidad de vida de los vecinos de la regi\u00f3n, a trav\u00e9s del financiamiento compartido.<\/p>\n<p style=\"text-align: justify;\">Un modelo que, desde la C\u00e1mara Chilena de la Construcci\u00f3n, ven como una herramienta que permita reactivar la econom\u00eda local, tal como lo explic\u00f3 Pablo Carrasco, presidente del gremio en Coyhaique \u201cEsta actividad fue organizada con la intenci\u00f3n de fomentar la actividad privada dentro de la regi\u00f3n y tambi\u00e9n dentro de la comuna de Coyhaique. Invitamos a varios actores de car\u00e1cter nacional para que nos cuenten su experiencia con el Financiamiento Urbano Compartido (FUC). Fue una jornada bien enriquecedora\u201d, detall\u00f3 Carrasco.<\/p>\n<p style=\"text-align: justify;\">La jornada comenz\u00f3 con la presentaci\u00f3n de Mart\u00edn Andrade, director de Corporaci\u00f3n Ciudades, quien abord\u00f3 los desaf\u00edos que enfrenta la capital regional, para convertirse en un centro urbano integrado y que atienda las necesidades de sus habitantes.<\/p>\n<p style=\"text-align: justify;\">Posteriormente, fue el turno del expositor Sergio Gritti, socio de la CChC y presidente del comit\u00e9 de concesiones, quien present\u00f3 la Ley FUC, de Financiamiento Urbano Compartido, entregando ejemplos de, como su uso en otras regiones del pa\u00eds, ha permitido construir obras urbanas de relevancia, agilizando plazos de tramitaci\u00f3n y construcci\u00f3n.<\/p>\n<p style=\"text-align: justify;\">Tambi\u00e9n estuvo presente el decano de la facultad de Arquitectura de la Universidad del Desarrollo, Pablo Allard, quien, desde su experiencia en el desarrollo de proyectos, present\u00f3 los desaf\u00edos de la regi\u00f3n, para sumarse al financiamiento p\u00fablico privado de infraestructura.<\/p>\n<p style=\"text-align: justify;\">\u201cEs un privilegio poder compartir con expertos, con autoridades y con las fuerzas vivas del desarrollo en la regi\u00f3n de Ays\u00e9n. Una regi\u00f3n que necesita con urgencia reactivar su econom\u00eda y que tiene tremendas oportunidades, que en este seminario quisimos tratar de capitalizar, a partir de hacernos la pregunta \u00bfC\u00f3mo se puede utilizar la alianza p\u00fablico privada a partir del modelo de concesiones, para una mejor ciudad y una mejor regi\u00f3n\u201d, explic\u00f3 Pablo Allard.<\/p>\n<p style=\"text-align: justify;\">Tambi\u00e9n fueron parte del encuentro, el Gobernador Regional, Marcelo Santana y el alcalde de Coyhaique. Desde el municipio, Carlos Gatica, present\u00f3 los proyectos de desarrollo para la comuna para los pr\u00f3ximos cuatro a\u00f1os, de los cu\u00e1les, al menos cuatro, esperan ser ejecutados por sistema de concesiones. Mientras, que, desde el Gobierno Regional, se valor\u00f3 conocer en detalle, leyes que faciliten las alianzas p\u00fablico privadas.<\/p>\n<p style=\"text-align: justify;\">\u201cHemos conocido legislaciones que nos pueden permitir avanzar m\u00e1s r\u00e1pidamente en esta senda, que necesita la regi\u00f3n, de la infraestructura p\u00fablica habilitante, tanto para el desarrollo econ\u00f3mico como para el bienestar de nuestros vecinos\u201d. Indic\u00f3 Marcelo Santana, valorando adem\u00e1s que la C\u00e1mara de la Construcci\u00f3n propicie el desarrollo de estos eventos.<\/p>\n<p style=\"text-align: justify;\">\u201cPresentamos distintos espacios que vamos a poner en la metodolog\u00eda de concesi\u00f3n, para el turismo, para desarrollar la ciudad, como estacionamientos subterr\u00e1neos concesionados, pero tambi\u00e9n, lo que significa el financiamiento urbano compartido, para el edificio consistorial de Coyhaique\u201d, especific\u00f3 el alcalde Carlos Gatica, puntualizando en materia de turismo, cu\u00e1les son los proyectos de su cartera que espera ejecutar, con esta modalidad. \u201cLo que estamos tratando de fortalecer hoy d\u00eda es, por ejemplo, un centro de eventos, restaurantes, cafeter\u00edas que puedan estar instaladas en distintos lugares, como los bordes de los r\u00edos Simpson y Coyhaique\u201d, agrego, entre otros, el jefe comunal.<\/p>\n<p style=\"text-align: justify;\">M\u00e1s de 70 personas asistieron a este encuentro, desarrollado por la CChC Coyhaique, gremio que, a trav\u00e9s de acciones concretas, busca promover la reactivaci\u00f3n econ\u00f3mica regional, entregando herramientas a las entidades del Estado, para que conozcan y utilicen estos instrumentos legales, que podr\u00edan facilitar la ejecuci\u00f3n de proyectos, que, por ser Ays\u00e9n una regi\u00f3n extrema, muchas veces se dificulta su concreci\u00f3n.<\/p>\n<\/div><\/section><\/div><div  style='height:50px' class='hr hr-invisible   avia-builder-el-6  el_after_av_one_full  el_before_av_social_share '><span class='hr-inner ' ><span class='hr-inner-style'><\/span><\/span><\/div><\/p>\n<div  class='av-social-sharing-box  avia-builder-el-7  el_after_av_hr  el_before_av_hr  '><div class='av-share-box'><h5 class='av-share-link-description av-no-toc '>Compartir esta noticia<\/h5><ul class='av-share-box-list noLightbox'><li class='av-share-link av-social-link-facebook' ><a target=\"_blank\" aria-label=\"Compartir en Facebook\" href='https:\/\/www.facebook.com\/sharer.php?u=https:\/\/radiorevelacionfm.cl\/?p=49789&#038;t=Coyhaique%20fue%20sede%20del%20primer%20encuentro%20regional%20de%20concesiones%20organizado%20por%20la%20CChC' aria-hidden='false' data-av_icon='\ue8f3' data-av_iconfont='entypo-fontello' title='' data-avia-related-tooltip='Compartir en Facebook' rel=\"noopener\"><span class='avia_hidden_link_text'>Compartir en Facebook<\/span><\/a><\/li><li class='av-share-link av-social-link-twitter' ><a target=\"_blank\" aria-label=\"Compartir en Twitter\" href='https:\/\/twitter.com\/share?text=Coyhaique%20fue%20sede%20del%20primer%20encuentro%20regional%20de%20concesiones%20organizado%20por%20la%20CChC&#038;url=https:\/\/radiorevelacionfm.cl\/?p=49789' aria-hidden='false' data-av_icon='\ue8f1' data-av_iconfont='entypo-fontello' title='' data-avia-related-tooltip='Compartir en Twitter' rel=\"noopener\"><span class='avia_hidden_link_text'>Compartir en Twitter<\/span><\/a><\/li><li class='av-share-link av-social-link-whatsapp' ><a target=\"_blank\" aria-label=\"Compartir en Whatsapp\" href='https:\/\/api.whatsapp.com\/send?text=https:\/\/radiorevelacionfm.cl\/?p=49789' aria-hidden='false' data-av_icon='\uf232' data-av_iconfont='entypo-fontello' title='' data-avia-related-tooltip='Compartir en Whatsapp' rel=\"noopener\"><span class='avia_hidden_link_text'>Compartir en Whatsapp<\/span><\/a><\/li><li class='av-share-link av-social-link-linkedin' ><a target=\"_blank\" aria-label=\"Compartir en LinkedIn\" href='https:\/\/linkedin.com\/shareArticle?mini=true&#038;title=Coyhaique%20fue%20sede%20del%20primer%20encuentro%20regional%20de%20concesiones%20organizado%20por%20la%20CChC&#038;url=https:\/\/radiorevelacionfm.cl\/?p=49789' aria-hidden='false' data-av_icon='\ue8fc' data-av_iconfont='entypo-fontello' title='' data-avia-related-tooltip='Compartir en LinkedIn' rel=\"noopener\"><span class='avia_hidden_link_text'>Compartir en LinkedIn<\/span><\/a><\/li><li class='av-share-link av-social-link-mail' ><a  aria-label=\"Compartir por correo\" href='mailto:?subject=Coyhaique%20fue%20sede%20del%20primer%20encuentro%20regional%20de%20concesiones%20organizado%20por%20la%20CChC&#038;body=https:\/\/radiorevelacionfm.cl\/?p=49789' aria-hidden='false' data-av_icon='\ue805' data-av_iconfont='entypo-fontello' title='' data-avia-related-tooltip='Compartir por correo'><span class='avia_hidden_link_text'>Compartir por correo<\/span><\/a><\/li><\/ul><\/div><\/div>\n<div  style='height:50px' class='hr hr-invisible   avia-builder-el-8  el_after_av_social_share  el_before_av_comments_list '><span class='hr-inner ' ><span class='hr-inner-style'><\/span><\/span><\/div>\n<div  class='av-buildercomment  av-blog-meta-html-info-disabled av-blog-meta-tag-disabled  '><\/div>\n","protected":false},"excerpt":{"rendered":"","protected":false},"author":1,"featured_media":49790,"comment_status":"open","ping_status":"open","sticky":false,"template":"","format":"standard","meta":{"footnotes":""},"categories":[38],"tags":[],"class_list":["post-49789","post","type-post","status-publish","format-standard","has-post-thumbnail","hentry","category-regional"],"jetpack_featured_media_url":"https:\/\/radiorevelacionfm.cl\/wp-content\/uploads\/2025\/01\/1-2025-01-19t122547_optimized.003-1.jpg","_links":{"self":[{"href":"https:\/\/radiorevelacionfm.cl\/index.php?rest_route=\/wp\/v2\/posts\/49789","targetHints":{"allow":["GET"]}}],"collection":[{"href":"https:\/\/radiorevelacionfm.cl\/index.php?rest_route=\/wp\/v2\/posts"}],"about":[{"href":"https:\/\/radiorevelacionfm.cl\/index.php?rest_route=\/wp\/v2\/types\/post"}],"author":[{"embeddable":true,"href":"https:\/\/radiorevelacionfm.cl\/index.php?rest_route=\/wp\/v2\/users\/1"}],"replies":[{"embeddable":true,"href":"https:\/\/radiorevelacionfm.cl\/index.php?rest_route=%2Fwp%2Fv2%2Fcomments&post=49789"}],"version-history":[{"count":1,"href":"https:\/\/radiorevelacionfm.cl\/index.php?rest_route=\/wp\/v2\/posts\/49789\/revisions"}],"predecessor-version":[{"id":49791,"href":"https:\/\/radiorevelacionfm.cl\/index.php?rest_route=\/wp\/v2\/posts\/49789\/revisions\/49791"}],"wp:featuredmedia":[{"embeddable":true,"href":"https:\/\/radiorevelacionfm.cl\/index.php?rest_route=\/wp\/v2\/media\/49790"}],"wp:attachment":[{"href":"https:\/\/radiorevelacionfm.cl\/index.php?rest_route=%2Fwp%2Fv2%2Fmedia&parent=49789"}],"wp:term":[{"taxonomy":"category","embeddable":true,"href":"https:\/\/radiorevelacionfm.cl\/index.php?rest_route=%2Fwp%2Fv2%2Fcategories&post=49789"},{"taxonomy":"post_tag","embeddable":true,"href":"https:\/\/radiorevelacionfm.cl\/index.php?rest_route=%2Fwp%2Fv2%2Ftags&post=49789"}],"curies":[{"name":"wp","href":"https:\/\/api.w.org\/{rel}","templated":true}]}}