{"id":49786,"date":"2025-01-20T10:12:19","date_gmt":"2025-01-20T13:12:19","guid":{"rendered":"https:\/\/radiorevelacionfm.cl\/?p=49786"},"modified":"2025-01-20T10:12:19","modified_gmt":"2025-01-20T13:12:19","slug":"consejero-rossel-plantea-preocupacion-por-proyecto-fotovoltaico-y-falta-de-recursos-para-zonas-contiguas","status":"publish","type":"post","link":"https:\/\/radiorevelacionfm.cl\/?p=49786","title":{"rendered":"Consejero Rossel plantea preocupaci\u00f3n por proyecto fotovoltaico y falta de recursos para zonas contiguas"},"content":{"rendered":"<div class=\"flex_column av_one_full  flex_column_div av-zero-column-padding first  avia-builder-el-0  el_before_av_one_full  avia-builder-el-first  \" style='border-radius:0px; '><div  class='avia-image-container  av-styling-    avia-builder-el-1  avia-builder-el-no-sibling  avia-align-center '  itemprop=\"image\" itemscope=\"itemscope\" itemtype=\"https:\/\/schema.org\/ImageObject\"  ><div class='avia-image-container-inner'><div class='avia-image-overlay-wrap'><img decoding=\"async\" class='wp-image-49787 avia-img-lazy-loading-not-49787 avia_image' src=\"https:\/\/radiorevelacionfm.cl\/wp-content\/uploads\/2025\/01\/Consejero-regional-Julio-Rossel-1-1.jpg\" alt='' title='Consejero regional Julio Rossel (1) (1)' height=\"600\" width=\"984\"  itemprop=\"thumbnailUrl\" srcset=\"https:\/\/radiorevelacionfm.cl\/wp-content\/uploads\/2025\/01\/Consejero-regional-Julio-Rossel-1-1.jpg 984w, https:\/\/radiorevelacionfm.cl\/wp-content\/uploads\/2025\/01\/Consejero-regional-Julio-Rossel-1-1-300x183.jpg 300w, https:\/\/radiorevelacionfm.cl\/wp-content\/uploads\/2025\/01\/Consejero-regional-Julio-Rossel-1-1-768x468.jpg 768w, https:\/\/radiorevelacionfm.cl\/wp-content\/uploads\/2025\/01\/Consejero-regional-Julio-Rossel-1-1-705x430.jpg 705w, https:\/\/radiorevelacionfm.cl\/wp-content\/uploads\/2025\/01\/Consejero-regional-Julio-Rossel-1-1-450x274.jpg 450w, https:\/\/radiorevelacionfm.cl\/wp-content\/uploads\/2025\/01\/Consejero-regional-Julio-Rossel-1-1-600x366.jpg 600w\" sizes=\"(max-width: 984px) 100vw, 984px\" \/><\/div><\/div><\/div><\/div><div class=\"flex_column av_one_full  flex_column_div av-zero-column-padding first  avia-builder-el-2  el_after_av_one_full  el_before_av_one_full  column-top-margin\" style='border-radius:0px; '><section class=\"av_textblock_section \"  itemscope=\"itemscope\" itemtype=\"https:\/\/schema.org\/BlogPosting\" itemprop=\"blogPost\" ><div class='avia_textblock  '   itemprop=\"text\" ><p style=\"text-align: center;\"><strong><span style=\"font-size: 18pt;\">Consejero Rossel plantea preocupaci\u00f3n por proyecto fotovoltaico y falta de recursos para zonas contiguas<\/span><\/strong><\/p>\n<div id=\"gtx-trans\" style=\"position: absolute; left: -50px; top: 4.31534px;\">\n<div class=\"gtx-trans-icon\"><\/div>\n<\/div>\n<\/div><\/section><\/div><div class=\"flex_column av_one_full  flex_column_div av-zero-column-padding first  avia-builder-el-4  el_after_av_one_full  el_before_av_hr  column-top-margin\" style='border-radius:0px; '><section class=\"av_textblock_section \"  itemscope=\"itemscope\" itemtype=\"https:\/\/schema.org\/BlogPosting\" itemprop=\"blogPost\" ><div class='avia_textblock  '   itemprop=\"text\" ><p style=\"text-align: justify;\"><em>Ambas iniciativas de inversi\u00f3n que experimentan un retraso en su ejecuci\u00f3n pertenecen a la Provincia de Ays\u00e9n y beneficiar\u00edan a familias vulnerables de los sectores rurales de esa parte del territorio<\/em>.<\/p>\n<p style=\"text-align: justify;\">Fue en el marco de la segunda sesi\u00f3n del reci\u00e9n constituido Consejo Regional de Ays\u00e9n, que el Consejero Regional, Julio Rossel, present\u00f3 dos ponencias relacionadas a dos iniciativas de inversi\u00f3n que han experimentado un retraso en su financiamiento o ejecuci\u00f3n, se trata de la \u201cConstrucci\u00f3n de soluciones el\u00e9ctricas fotovoltaicas para varios sectores de la comuna de Ays\u00e9n\u201d y la \u201cno priorizaci\u00f3n en la solicitud de recursos para dar continuidad a proyectos de compensaci\u00f3n Zonas Contiguas a pescadores artesanales de Ays\u00e9n y Guaitecas\u201d. En ambas iniciativas el Gobierno Regional participa ya sea como Unidad T\u00e9cnica y Financiera o al traspasar los recursos compensatorios.<\/p>\n<p style=\"text-align: justify;\">Seg\u00fan Julio Rossel, consejero regional por la Provincia de Ays\u00e9n, el proyecto de fotovoltaicos beneficiar\u00eda a 44 las familias, la mayor\u00eda de ellas integradas por personas mayores de escasos recursos, quienes viven en los sectores rurales de La Barra, El Salto, R\u00edo Caracoles, R\u00edo C\u00f3ndor, Pangal Alto, R\u00edo Tabo, Los Torreones, R\u00edo Blanco, Bah\u00eda Chacabuco, Laguna Los Palos y Lago Riesco, ubicados en la comuna de Ays\u00e9n y quienes llevan m\u00e1s de 8 a\u00f1os esperando estas soluciones el\u00e9ctricas. \u201cLamentablemente 2 beneficiarios ya fallecieron esperando la ejecuci\u00f3n de este proyecto presentado por el Gobierno Regional y que cuenta con Recomendaci\u00f3n Satisfactoria (RS) desde el 2022, de hecho \u00a0ha fallado en 4 licitaciones, por lo que pido: mayor seriedad en la comunicaci\u00f3n entre las unidades t\u00e9cnicas, la directiva del comit\u00e9 y sus asociados, generar una mesa de trabajo, la designaci\u00f3n de un funcionario con dedicaci\u00f3n exclusiva para este proyecto y un seguimiento constante a esta iniciativa\u201d.<\/p>\n<p style=\"text-align: justify;\">Por otra parte, el Consejero Socialista manifest\u00f3 su preocupaci\u00f3n por la no priorizaci\u00f3n en la solicitud de recursos realizada por el Gobierno Regional, a trav\u00e9s del Oficio 4117 dirigido a la Directora de Presupuesto del Ministerio de Hacienda, donde no se consider\u00f3 la solicitud de recursos financieros para FOSIS en el marco del tratado de Zonas Contiguas. Seg\u00fan Rossel \u201csabemos que hay temas t\u00e9cnicos y administrativos pero el tema de Zonas Contiguas es una deuda que lleva al menos 3 a\u00f1os y que el Gobierno Regional debe regularizar. La pertinencia de solicitar y priorizar los recursos para el trabajo que est\u00e1 haciendo el FOSIS espero sea una prioridad para esta gesti\u00f3n\u201d.<\/p>\n<p style=\"text-align: justify;\">Finalmente, Julio Rossel, Consejero Regional por Ays\u00e9n, agradeci\u00f3 que estos temas sean abordados de manera prioritaria, entendiendo que son territorios apartados, con familias vulnerables, muchas de ellas integradas por personas mayores y que requieren de estos adelantos y recursos para mejorar su calidad de vida y seguir generando desarrollo en la Regi\u00f3n de Ays\u00e9n.<\/p>\n<\/div><\/section><\/div><div  style='height:50px' class='hr hr-invisible   avia-builder-el-6  el_after_av_one_full  el_before_av_social_share '><span class='hr-inner ' ><span class='hr-inner-style'><\/span><\/span><\/div><\/p>\n<div  class='av-social-sharing-box  avia-builder-el-7  el_after_av_hr  el_before_av_hr  '><div class='av-share-box'><h5 class='av-share-link-description av-no-toc '>Compartir esta noticia<\/h5><ul class='av-share-box-list noLightbox'><li class='av-share-link av-social-link-facebook' ><a target=\"_blank\" aria-label=\"Compartir en Facebook\" href='https:\/\/www.facebook.com\/sharer.php?u=https:\/\/radiorevelacionfm.cl\/?p=49786&#038;t=Consejero%20Rossel%20plantea%20preocupaci%C3%B3n%20por%20proyecto%20fotovoltaico%20y%20falta%20de%20recursos%20para%20zonas%20contiguas' aria-hidden='false' data-av_icon='\ue8f3' data-av_iconfont='entypo-fontello' title='' data-avia-related-tooltip='Compartir en Facebook' rel=\"noopener\"><span class='avia_hidden_link_text'>Compartir en Facebook<\/span><\/a><\/li><li class='av-share-link av-social-link-twitter' ><a target=\"_blank\" aria-label=\"Compartir en Twitter\" href='https:\/\/twitter.com\/share?text=Consejero%20Rossel%20plantea%20preocupaci%C3%B3n%20por%20proyecto%20fotovoltaico%20y%20falta%20de%20recursos%20para%20zonas%20contiguas&#038;url=https:\/\/radiorevelacionfm.cl\/?p=49786' aria-hidden='false' data-av_icon='\ue8f1' data-av_iconfont='entypo-fontello' title='' data-avia-related-tooltip='Compartir en Twitter' rel=\"noopener\"><span class='avia_hidden_link_text'>Compartir en Twitter<\/span><\/a><\/li><li class='av-share-link av-social-link-whatsapp' ><a target=\"_blank\" aria-label=\"Compartir en Whatsapp\" href='https:\/\/api.whatsapp.com\/send?text=https:\/\/radiorevelacionfm.cl\/?p=49786' aria-hidden='false' data-av_icon='\uf232' data-av_iconfont='entypo-fontello' title='' data-avia-related-tooltip='Compartir en Whatsapp' rel=\"noopener\"><span class='avia_hidden_link_text'>Compartir en Whatsapp<\/span><\/a><\/li><li class='av-share-link av-social-link-linkedin' ><a target=\"_blank\" aria-label=\"Compartir en LinkedIn\" href='https:\/\/linkedin.com\/shareArticle?mini=true&#038;title=Consejero%20Rossel%20plantea%20preocupaci%C3%B3n%20por%20proyecto%20fotovoltaico%20y%20falta%20de%20recursos%20para%20zonas%20contiguas&#038;url=https:\/\/radiorevelacionfm.cl\/?p=49786' aria-hidden='false' data-av_icon='\ue8fc' data-av_iconfont='entypo-fontello' title='' data-avia-related-tooltip='Compartir en LinkedIn' rel=\"noopener\"><span class='avia_hidden_link_text'>Compartir en LinkedIn<\/span><\/a><\/li><li class='av-share-link av-social-link-mail' ><a  aria-label=\"Compartir por correo\" href='mailto:?subject=Consejero%20Rossel%20plantea%20preocupaci%C3%B3n%20por%20proyecto%20fotovoltaico%20y%20falta%20de%20recursos%20para%20zonas%20contiguas&#038;body=https:\/\/radiorevelacionfm.cl\/?p=49786' aria-hidden='false' data-av_icon='\ue805' data-av_iconfont='entypo-fontello' title='' data-avia-related-tooltip='Compartir por correo'><span class='avia_hidden_link_text'>Compartir por correo<\/span><\/a><\/li><\/ul><\/div><\/div>\n<div  style='height:50px' class='hr hr-invisible   avia-builder-el-8  el_after_av_social_share  el_before_av_comments_list '><span class='hr-inner ' ><span class='hr-inner-style'><\/span><\/span><\/div>\n<div  class='av-buildercomment  av-blog-meta-html-info-disabled av-blog-meta-tag-disabled  '><\/div>\n","protected":false},"excerpt":{"rendered":"","protected":false},"author":1,"featured_media":49787,"comment_status":"open","ping_status":"open","sticky":false,"template":"","format":"standard","meta":{"footnotes":""},"categories":[35],"tags":[],"class_list":["post-49786","post","type-post","status-publish","format-standard","has-post-thumbnail","hentry","category-politica"],"jetpack_featured_media_url":"https:\/\/radiorevelacionfm.cl\/wp-content\/uploads\/2025\/01\/Consejero-regional-Julio-Rossel-1-1.jpg","_links":{"self":[{"href":"https:\/\/radiorevelacionfm.cl\/index.php?rest_route=\/wp\/v2\/posts\/49786","targetHints":{"allow":["GET"]}}],"collection":[{"href":"https:\/\/radiorevelacionfm.cl\/index.php?rest_route=\/wp\/v2\/posts"}],"about":[{"href":"https:\/\/radiorevelacionfm.cl\/index.php?rest_route=\/wp\/v2\/types\/post"}],"author":[{"embeddable":true,"href":"https:\/\/radiorevelacionfm.cl\/index.php?rest_route=\/wp\/v2\/users\/1"}],"replies":[{"embeddable":true,"href":"https:\/\/radiorevelacionfm.cl\/index.php?rest_route=%2Fwp%2Fv2%2Fcomments&post=49786"}],"version-history":[{"count":1,"href":"https:\/\/radiorevelacionfm.cl\/index.php?rest_route=\/wp\/v2\/posts\/49786\/revisions"}],"predecessor-version":[{"id":49788,"href":"https:\/\/radiorevelacionfm.cl\/index.php?rest_route=\/wp\/v2\/posts\/49786\/revisions\/49788"}],"wp:featuredmedia":[{"embeddable":true,"href":"https:\/\/radiorevelacionfm.cl\/index.php?rest_route=\/wp\/v2\/media\/49787"}],"wp:attachment":[{"href":"https:\/\/radiorevelacionfm.cl\/index.php?rest_route=%2Fwp%2Fv2%2Fmedia&parent=49786"}],"wp:term":[{"taxonomy":"category","embeddable":true,"href":"https:\/\/radiorevelacionfm.cl\/index.php?rest_route=%2Fwp%2Fv2%2Fcategories&post=49786"},{"taxonomy":"post_tag","embeddable":true,"href":"https:\/\/radiorevelacionfm.cl\/index.php?rest_route=%2Fwp%2Fv2%2Ftags&post=49786"}],"curies":[{"name":"wp","href":"https:\/\/api.w.org\/{rel}","templated":true}]}}