{"id":49783,"date":"2025-01-18T17:01:45","date_gmt":"2025-01-18T20:01:45","guid":{"rendered":"https:\/\/radiorevelacionfm.cl\/?p=49783"},"modified":"2025-01-18T17:01:45","modified_gmt":"2025-01-18T20:01:45","slug":"incendio-forestal-en-sector-los-chochos-logro-ser-contenido-cancelando-alerta-roja","status":"publish","type":"post","link":"https:\/\/radiorevelacionfm.cl\/?p=49783","title":{"rendered":"Incendio Forestal en sector \u00abLos Chochos\u00bb logr\u00f3 ser contenido, cancelando alerta roja"},"content":{"rendered":"<div class=\"flex_column av_one_full  flex_column_div av-zero-column-padding first  avia-builder-el-0  el_before_av_one_full  avia-builder-el-first  \" style='border-radius:0px; '><div  class='avia-image-container  av-styling-    avia-builder-el-1  avia-builder-el-no-sibling  avia-align-center '  itemprop=\"image\" itemscope=\"itemscope\" itemtype=\"https:\/\/schema.org\/ImageObject\"  ><div class='avia-image-container-inner'><div class='avia-image-overlay-wrap'><img decoding=\"async\" class='wp-image-49784 avia-img-lazy-loading-not-49784 avia_image' src=\"https:\/\/radiorevelacionfm.cl\/wp-content\/uploads\/2025\/01\/Brigadistas-Coyh-1.jpg\" alt='' title='Brigadistas Coyh (1)' height=\"810\" width=\"799\"  itemprop=\"thumbnailUrl\" srcset=\"https:\/\/radiorevelacionfm.cl\/wp-content\/uploads\/2025\/01\/Brigadistas-Coyh-1.jpg 799w, https:\/\/radiorevelacionfm.cl\/wp-content\/uploads\/2025\/01\/Brigadistas-Coyh-1-296x300.jpg 296w, https:\/\/radiorevelacionfm.cl\/wp-content\/uploads\/2025\/01\/Brigadistas-Coyh-1-80x80.jpg 80w, https:\/\/radiorevelacionfm.cl\/wp-content\/uploads\/2025\/01\/Brigadistas-Coyh-1-768x779.jpg 768w, https:\/\/radiorevelacionfm.cl\/wp-content\/uploads\/2025\/01\/Brigadistas-Coyh-1-36x36.jpg 36w, https:\/\/radiorevelacionfm.cl\/wp-content\/uploads\/2025\/01\/Brigadistas-Coyh-1-695x705.jpg 695w, https:\/\/radiorevelacionfm.cl\/wp-content\/uploads\/2025\/01\/Brigadistas-Coyh-1-450x456.jpg 450w, https:\/\/radiorevelacionfm.cl\/wp-content\/uploads\/2025\/01\/Brigadistas-Coyh-1-600x608.jpg 600w, https:\/\/radiorevelacionfm.cl\/wp-content\/uploads\/2025\/01\/Brigadistas-Coyh-1-100x100.jpg 100w\" sizes=\"(max-width: 799px) 100vw, 799px\" \/><\/div><\/div><\/div><\/div><div class=\"flex_column av_one_full  flex_column_div av-zero-column-padding first  avia-builder-el-2  el_after_av_one_full  el_before_av_one_full  column-top-margin\" style='border-radius:0px; '><section class=\"av_textblock_section \"  itemscope=\"itemscope\" itemtype=\"https:\/\/schema.org\/BlogPosting\" itemprop=\"blogPost\" ><div class='avia_textblock  '   itemprop=\"text\" ><p style=\"text-align: center;\"><strong><span style=\"font-size: 18pt;\">Incendio Forestal en sector \u00abLos Chochos\u00bb logr\u00f3 ser contenido, cancelando alerta roja <\/span><\/strong><\/p>\n<div id=\"gtx-trans\" style=\"position: absolute; left: -50px; top: 4.31534px;\">\n<div class=\"gtx-trans-icon\"><\/div>\n<\/div>\n<\/div><\/section><\/div><div class=\"flex_column av_one_full  flex_column_div av-zero-column-padding first  avia-builder-el-4  el_after_av_one_full  el_before_av_hr  column-top-margin\" style='border-radius:0px; '><section class=\"av_textblock_section \"  itemscope=\"itemscope\" itemtype=\"https:\/\/schema.org\/BlogPosting\" itemprop=\"blogPost\" ><div class='avia_textblock  '   itemprop=\"text\" ><p style=\"text-align: justify;\">De acuerdo con la informaci\u00f3n proporcionada por la Corporaci\u00f3n Nacional Forestal (CONAF), se indica que el incendio forestal denominado \u201cSector Chochos\u201d en la comuna de Coyhaique, se encuentra contenido y combate afectando al momento 2,2 hect\u00e1reas de vegetaci\u00f3n.<\/p>\n<p style=\"text-align: justify;\">Cabe se\u00f1alar que, el incendio forestal se encuentra contenido en todos sus sectores con actividad dentro de \u00e1rea quemada.<\/p>\n<p style=\"text-align: justify;\">En consideraci\u00f3n a estos antecedentes y en base a la informaci\u00f3n t\u00e9cnica proporcionada por CONAF, en coordinaci\u00f3n con la Delegaci\u00f3n Presidencial Regional de Ays\u00e9n del General Carlos Ib\u00e1\u00f1ez del Campo, la Direcci\u00f3n Regional de SENAPRED cancela la Alerta Roja y declara Alerta Amarilla para la Comuna de Coyhaique por incendio forestal, vigente desde hoy y hasta que las condiciones del incendio as\u00ed lo ameriten.<\/p>\n<p style=\"text-align: justify;\">Con la declaraci\u00f3n de esta Alerta Amarilla, se mantendr\u00e1n alistados escalonadamente los recursos necesarios, en apoyo adicional a lo ya desplegado por CONAF, Bomberos y el Sistema Nacional de Prevenci\u00f3n y Respuesta ante Desastres, con el objeto de evitar que el evento crezca en extensi\u00f3n y severidad, minimizando los efectos negativos en las personas, sus bienes y el medio ambiente.<\/p>\n<p style=\"text-align: justify;\">Respecto a persona lesionada, corresponde a un voluntario de Bomberos, se informa que este fue atendido en el lugar por SAMU. En cuanto a Las personas evacuadas de las 11 vivienda en la jornada del 17 de enero, estas retornaron a sus hogares. Finalmente, se indica que la Municipalidad mantiene habilitado 1 albergue en el colegio Pedro Quintana. Durante la jornada del viernes 17 de enero, se realiz\u00f3 un COGRID comunal, presidido por el Delegado Presidencial junto al Director Regional Subrogante de SENARED, d\u00f3nde se realizaron las coordinaciones y an\u00e1lisis de la emergencia.<\/p>\n<p style=\"text-align: justify;\">Contin\u00faan desplegados en el lugar, 03 Brigadas de Conaf, 03 t\u00e9cnicos, 01 cami\u00f3n aljibe de Vialidad y Carabineros.<\/p>\n<\/div><\/section><\/div><div  style='height:50px' class='hr hr-invisible   avia-builder-el-6  el_after_av_one_full  el_before_av_social_share '><span class='hr-inner ' ><span class='hr-inner-style'><\/span><\/span><\/div><\/p>\n<div  class='av-social-sharing-box  avia-builder-el-7  el_after_av_hr  el_before_av_hr  '><div class='av-share-box'><h5 class='av-share-link-description av-no-toc '>Compartir esta noticia<\/h5><ul class='av-share-box-list noLightbox'><li class='av-share-link av-social-link-facebook' ><a target=\"_blank\" aria-label=\"Compartir en Facebook\" href='https:\/\/www.facebook.com\/sharer.php?u=https:\/\/radiorevelacionfm.cl\/?p=49783&#038;t=Incendio%20Forestal%20en%20sector%20%C2%ABLos%20Chochos%C2%BB%20logr%C3%B3%20ser%20contenido%2C%20cancelando%20alerta%20roja' aria-hidden='false' data-av_icon='\ue8f3' data-av_iconfont='entypo-fontello' title='' data-avia-related-tooltip='Compartir en Facebook' rel=\"noopener\"><span class='avia_hidden_link_text'>Compartir en Facebook<\/span><\/a><\/li><li class='av-share-link av-social-link-twitter' ><a target=\"_blank\" aria-label=\"Compartir en Twitter\" href='https:\/\/twitter.com\/share?text=Incendio%20Forestal%20en%20sector%20%C2%ABLos%20Chochos%C2%BB%20logr%C3%B3%20ser%20contenido%2C%20cancelando%20alerta%20roja&#038;url=https:\/\/radiorevelacionfm.cl\/?p=49783' aria-hidden='false' data-av_icon='\ue8f1' data-av_iconfont='entypo-fontello' title='' data-avia-related-tooltip='Compartir en Twitter' rel=\"noopener\"><span class='avia_hidden_link_text'>Compartir en Twitter<\/span><\/a><\/li><li class='av-share-link av-social-link-whatsapp' ><a target=\"_blank\" aria-label=\"Compartir en Whatsapp\" href='https:\/\/api.whatsapp.com\/send?text=https:\/\/radiorevelacionfm.cl\/?p=49783' aria-hidden='false' data-av_icon='\uf232' data-av_iconfont='entypo-fontello' title='' data-avia-related-tooltip='Compartir en Whatsapp' rel=\"noopener\"><span class='avia_hidden_link_text'>Compartir en Whatsapp<\/span><\/a><\/li><li class='av-share-link av-social-link-linkedin' ><a target=\"_blank\" aria-label=\"Compartir en LinkedIn\" href='https:\/\/linkedin.com\/shareArticle?mini=true&#038;title=Incendio%20Forestal%20en%20sector%20%C2%ABLos%20Chochos%C2%BB%20logr%C3%B3%20ser%20contenido%2C%20cancelando%20alerta%20roja&#038;url=https:\/\/radiorevelacionfm.cl\/?p=49783' aria-hidden='false' data-av_icon='\ue8fc' data-av_iconfont='entypo-fontello' title='' data-avia-related-tooltip='Compartir en LinkedIn' rel=\"noopener\"><span class='avia_hidden_link_text'>Compartir en LinkedIn<\/span><\/a><\/li><li class='av-share-link av-social-link-mail' ><a  aria-label=\"Compartir por correo\" href='mailto:?subject=Incendio%20Forestal%20en%20sector%20%C2%ABLos%20Chochos%C2%BB%20logr%C3%B3%20ser%20contenido%2C%20cancelando%20alerta%20roja&#038;body=https:\/\/radiorevelacionfm.cl\/?p=49783' aria-hidden='false' data-av_icon='\ue805' data-av_iconfont='entypo-fontello' title='' data-avia-related-tooltip='Compartir por correo'><span class='avia_hidden_link_text'>Compartir por correo<\/span><\/a><\/li><\/ul><\/div><\/div>\n<div  style='height:50px' class='hr hr-invisible   avia-builder-el-8  el_after_av_social_share  el_before_av_comments_list '><span class='hr-inner ' ><span class='hr-inner-style'><\/span><\/span><\/div>\n<div  class='av-buildercomment  av-blog-meta-html-info-disabled av-blog-meta-tag-disabled  '><\/div>\n","protected":false},"excerpt":{"rendered":"","protected":false},"author":1,"featured_media":49784,"comment_status":"open","ping_status":"open","sticky":false,"template":"","format":"standard","meta":{"footnotes":""},"categories":[38],"tags":[],"class_list":["post-49783","post","type-post","status-publish","format-standard","has-post-thumbnail","hentry","category-regional"],"jetpack_featured_media_url":"https:\/\/radiorevelacionfm.cl\/wp-content\/uploads\/2025\/01\/Brigadistas-Coyh-1.jpg","_links":{"self":[{"href":"https:\/\/radiorevelacionfm.cl\/index.php?rest_route=\/wp\/v2\/posts\/49783","targetHints":{"allow":["GET"]}}],"collection":[{"href":"https:\/\/radiorevelacionfm.cl\/index.php?rest_route=\/wp\/v2\/posts"}],"about":[{"href":"https:\/\/radiorevelacionfm.cl\/index.php?rest_route=\/wp\/v2\/types\/post"}],"author":[{"embeddable":true,"href":"https:\/\/radiorevelacionfm.cl\/index.php?rest_route=\/wp\/v2\/users\/1"}],"replies":[{"embeddable":true,"href":"https:\/\/radiorevelacionfm.cl\/index.php?rest_route=%2Fwp%2Fv2%2Fcomments&post=49783"}],"version-history":[{"count":1,"href":"https:\/\/radiorevelacionfm.cl\/index.php?rest_route=\/wp\/v2\/posts\/49783\/revisions"}],"predecessor-version":[{"id":49785,"href":"https:\/\/radiorevelacionfm.cl\/index.php?rest_route=\/wp\/v2\/posts\/49783\/revisions\/49785"}],"wp:featuredmedia":[{"embeddable":true,"href":"https:\/\/radiorevelacionfm.cl\/index.php?rest_route=\/wp\/v2\/media\/49784"}],"wp:attachment":[{"href":"https:\/\/radiorevelacionfm.cl\/index.php?rest_route=%2Fwp%2Fv2%2Fmedia&parent=49783"}],"wp:term":[{"taxonomy":"category","embeddable":true,"href":"https:\/\/radiorevelacionfm.cl\/index.php?rest_route=%2Fwp%2Fv2%2Fcategories&post=49783"},{"taxonomy":"post_tag","embeddable":true,"href":"https:\/\/radiorevelacionfm.cl\/index.php?rest_route=%2Fwp%2Fv2%2Ftags&post=49783"}],"curies":[{"name":"wp","href":"https:\/\/api.w.org\/{rel}","templated":true}]}}