{"id":49775,"date":"2025-01-18T14:48:47","date_gmt":"2025-01-18T17:48:47","guid":{"rendered":"https:\/\/radiorevelacionfm.cl\/?p=49775"},"modified":"2025-01-18T14:48:47","modified_gmt":"2025-01-18T17:48:47","slug":"general-director-reconoce-a-hijos-de-carabineros-destacados-por-su-excelencia-academica-en-prueba-paes","status":"publish","type":"post","link":"https:\/\/radiorevelacionfm.cl\/?p=49775","title":{"rendered":"General Director reconoce a hijos de carabineros destacados por su excelencia acad\u00e9mica en prueba PAES"},"content":{"rendered":"<div class=\"flex_column av_one_full  flex_column_div av-zero-column-padding first  avia-builder-el-0  el_before_av_one_full  avia-builder-el-first  \" style='border-radius:0px; '><div  class='avia-image-container  av-styling-    avia-builder-el-1  avia-builder-el-no-sibling  avia-align-center '  itemprop=\"image\" itemscope=\"itemscope\" itemtype=\"https:\/\/schema.org\/ImageObject\"  ><div class='avia-image-container-inner'><div class='avia-image-overlay-wrap'><img decoding=\"async\" class='wp-image-49776 avia-img-lazy-loading-not-49776 avia_image' src=\"https:\/\/radiorevelacionfm.cl\/wp-content\/uploads\/2025\/01\/70af2a1a-6d4e-446c-bb76-9693a91ee371-1_optimized.jpg\" alt='' title='70af2a1a-6d4e-446c-bb76-9693a91ee371-(1)_optimized' height=\"600\" width=\"901\"  itemprop=\"thumbnailUrl\" srcset=\"https:\/\/radiorevelacionfm.cl\/wp-content\/uploads\/2025\/01\/70af2a1a-6d4e-446c-bb76-9693a91ee371-1_optimized.jpg 901w, https:\/\/radiorevelacionfm.cl\/wp-content\/uploads\/2025\/01\/70af2a1a-6d4e-446c-bb76-9693a91ee371-1_optimized-300x200.jpg 300w, https:\/\/radiorevelacionfm.cl\/wp-content\/uploads\/2025\/01\/70af2a1a-6d4e-446c-bb76-9693a91ee371-1_optimized-768x511.jpg 768w, https:\/\/radiorevelacionfm.cl\/wp-content\/uploads\/2025\/01\/70af2a1a-6d4e-446c-bb76-9693a91ee371-1_optimized-705x469.jpg 705w, https:\/\/radiorevelacionfm.cl\/wp-content\/uploads\/2025\/01\/70af2a1a-6d4e-446c-bb76-9693a91ee371-1_optimized-450x300.jpg 450w, https:\/\/radiorevelacionfm.cl\/wp-content\/uploads\/2025\/01\/70af2a1a-6d4e-446c-bb76-9693a91ee371-1_optimized-600x400.jpg 600w\" sizes=\"(max-width: 901px) 100vw, 901px\" \/><\/div><\/div><\/div><\/div><div class=\"flex_column av_one_full  flex_column_div av-zero-column-padding first  avia-builder-el-2  el_after_av_one_full  el_before_av_one_full  column-top-margin\" style='border-radius:0px; '><section class=\"av_textblock_section \"  itemscope=\"itemscope\" itemtype=\"https:\/\/schema.org\/BlogPosting\" itemprop=\"blogPost\" ><div class='avia_textblock  '   itemprop=\"text\" ><p style=\"text-align: center;\"><strong><span style=\"font-size: 18pt;\">General Director reconoce a hijos de carabineros destacados por su excelencia acad\u00e9mica en prueba PAES<\/span><\/strong><\/p>\n<div id=\"gtx-trans\" style=\"position: absolute; left: -50px; top: 4.31534px;\">\n<div class=\"gtx-trans-icon\"><\/div>\n<\/div>\n<\/div><\/section><\/div><div class=\"flex_column av_one_full  flex_column_div av-zero-column-padding first  avia-builder-el-4  el_after_av_one_full  el_before_av_hr  column-top-margin\" style='border-radius:0px; '><section class=\"av_textblock_section \"  itemscope=\"itemscope\" itemtype=\"https:\/\/schema.org\/BlogPosting\" itemprop=\"blogPost\" ><div class='avia_textblock  '   itemprop=\"text\" ><p dir=\"ltr\" style=\"text-align: justify;\">El General Director de Carabineros, Marcelo Araya Zapata, encabez\u00f3 un desayuno en honor a los hijos de funcionarios de la instituci\u00f3n que obtuvieron puntajes nacionales en la reciente Prueba de Acceso a la Educaci\u00f3n Superior (PAES).<\/p>\n<p dir=\"ltr\" style=\"text-align: justify;\">En este encuentro se destac\u00f3 no solo el esfuerzo acad\u00e9mico de los j\u00f3venes, sino tambi\u00e9n el apoyo y valores transmitidos por sus familias.<\/p>\n<p dir=\"ltr\" style=\"text-align: justify;\">M\u00e1xima autoridad de la polic\u00eda uniformada hizo un reconocimiento al esfuerzo familiar destac\u00f3 que estos logros son el reflejo del compromiso y sacrificio de las familias de Carabineros, quienes enfrentan desaf\u00edos propios del servicio policial.<\/p>\n<p dir=\"ltr\" style=\"text-align: justify;\">El general afirm\u00f3 que estos j\u00f3venes son un ejemplo de superaci\u00f3n y representan los valores que nuestra instituci\u00f3n promueve.<\/p>\n<p dir=\"ltr\" style=\"text-align: justify;\">El desayuno, realizado en\u00a0 la escuela de oficiales simboliz\u00f3 la cercan\u00eda de la instituci\u00f3n con sus Carabineros y sus familias, resaltando la importancia de valorar los logros personales como parte del compromiso institucional.<\/p>\n<p dir=\"ltr\" style=\"text-align: justify;\">De los premiados, dos obtuvieron 1000 puntos, en tanto que el resto\u00a0 logr\u00f3 puntajes superiores a los 900 puntos.<\/p>\n<\/div><\/section><\/div><div  style='height:50px' class='hr hr-invisible   avia-builder-el-6  el_after_av_one_full  el_before_av_social_share '><span class='hr-inner ' ><span class='hr-inner-style'><\/span><\/span><\/div><\/p>\n<div  class='av-social-sharing-box  avia-builder-el-7  el_after_av_hr  el_before_av_hr  '><div class='av-share-box'><h5 class='av-share-link-description av-no-toc '>Compartir esta noticia<\/h5><ul class='av-share-box-list noLightbox'><li class='av-share-link av-social-link-facebook' ><a target=\"_blank\" aria-label=\"Compartir en Facebook\" href='https:\/\/www.facebook.com\/sharer.php?u=https:\/\/radiorevelacionfm.cl\/?p=49775&#038;t=General%20Director%20reconoce%20a%20hijos%20de%20carabineros%20destacados%20por%20su%20excelencia%20acad%C3%A9mica%20en%20prueba%20PAES' aria-hidden='false' data-av_icon='\ue8f3' data-av_iconfont='entypo-fontello' title='' data-avia-related-tooltip='Compartir en Facebook' rel=\"noopener\"><span class='avia_hidden_link_text'>Compartir en Facebook<\/span><\/a><\/li><li class='av-share-link av-social-link-twitter' ><a target=\"_blank\" aria-label=\"Compartir en Twitter\" href='https:\/\/twitter.com\/share?text=General%20Director%20reconoce%20a%20hijos%20de%20carabineros%20destacados%20por%20su%20excelencia%20acad%C3%A9mica%20en%20prueba%20PAES&#038;url=https:\/\/radiorevelacionfm.cl\/?p=49775' aria-hidden='false' data-av_icon='\ue8f1' data-av_iconfont='entypo-fontello' title='' data-avia-related-tooltip='Compartir en Twitter' rel=\"noopener\"><span class='avia_hidden_link_text'>Compartir en Twitter<\/span><\/a><\/li><li class='av-share-link av-social-link-whatsapp' ><a target=\"_blank\" aria-label=\"Compartir en Whatsapp\" href='https:\/\/api.whatsapp.com\/send?text=https:\/\/radiorevelacionfm.cl\/?p=49775' aria-hidden='false' data-av_icon='\uf232' data-av_iconfont='entypo-fontello' title='' data-avia-related-tooltip='Compartir en Whatsapp' rel=\"noopener\"><span class='avia_hidden_link_text'>Compartir en Whatsapp<\/span><\/a><\/li><li class='av-share-link av-social-link-linkedin' ><a target=\"_blank\" aria-label=\"Compartir en LinkedIn\" href='https:\/\/linkedin.com\/shareArticle?mini=true&#038;title=General%20Director%20reconoce%20a%20hijos%20de%20carabineros%20destacados%20por%20su%20excelencia%20acad%C3%A9mica%20en%20prueba%20PAES&#038;url=https:\/\/radiorevelacionfm.cl\/?p=49775' aria-hidden='false' data-av_icon='\ue8fc' data-av_iconfont='entypo-fontello' title='' data-avia-related-tooltip='Compartir en LinkedIn' rel=\"noopener\"><span class='avia_hidden_link_text'>Compartir en LinkedIn<\/span><\/a><\/li><li class='av-share-link av-social-link-mail' ><a  aria-label=\"Compartir por correo\" href='mailto:?subject=General%20Director%20reconoce%20a%20hijos%20de%20carabineros%20destacados%20por%20su%20excelencia%20acad%C3%A9mica%20en%20prueba%20PAES&#038;body=https:\/\/radiorevelacionfm.cl\/?p=49775' aria-hidden='false' data-av_icon='\ue805' data-av_iconfont='entypo-fontello' title='' data-avia-related-tooltip='Compartir por correo'><span class='avia_hidden_link_text'>Compartir por correo<\/span><\/a><\/li><\/ul><\/div><\/div>\n<div  style='height:50px' class='hr hr-invisible   avia-builder-el-8  el_after_av_social_share  el_before_av_comments_list '><span class='hr-inner ' ><span class='hr-inner-style'><\/span><\/span><\/div>\n<div  class='av-buildercomment  av-blog-meta-html-info-disabled av-blog-meta-tag-disabled  '><\/div>\n","protected":false},"excerpt":{"rendered":"","protected":false},"author":1,"featured_media":49776,"comment_status":"open","ping_status":"open","sticky":false,"template":"","format":"standard","meta":{"footnotes":""},"categories":[61],"tags":[],"class_list":["post-49775","post","type-post","status-publish","format-standard","has-post-thumbnail","hentry","category-nacional"],"jetpack_featured_media_url":"https:\/\/radiorevelacionfm.cl\/wp-content\/uploads\/2025\/01\/70af2a1a-6d4e-446c-bb76-9693a91ee371-1_optimized.jpg","_links":{"self":[{"href":"https:\/\/radiorevelacionfm.cl\/index.php?rest_route=\/wp\/v2\/posts\/49775","targetHints":{"allow":["GET"]}}],"collection":[{"href":"https:\/\/radiorevelacionfm.cl\/index.php?rest_route=\/wp\/v2\/posts"}],"about":[{"href":"https:\/\/radiorevelacionfm.cl\/index.php?rest_route=\/wp\/v2\/types\/post"}],"author":[{"embeddable":true,"href":"https:\/\/radiorevelacionfm.cl\/index.php?rest_route=\/wp\/v2\/users\/1"}],"replies":[{"embeddable":true,"href":"https:\/\/radiorevelacionfm.cl\/index.php?rest_route=%2Fwp%2Fv2%2Fcomments&post=49775"}],"version-history":[{"count":1,"href":"https:\/\/radiorevelacionfm.cl\/index.php?rest_route=\/wp\/v2\/posts\/49775\/revisions"}],"predecessor-version":[{"id":49777,"href":"https:\/\/radiorevelacionfm.cl\/index.php?rest_route=\/wp\/v2\/posts\/49775\/revisions\/49777"}],"wp:featuredmedia":[{"embeddable":true,"href":"https:\/\/radiorevelacionfm.cl\/index.php?rest_route=\/wp\/v2\/media\/49776"}],"wp:attachment":[{"href":"https:\/\/radiorevelacionfm.cl\/index.php?rest_route=%2Fwp%2Fv2%2Fmedia&parent=49775"}],"wp:term":[{"taxonomy":"category","embeddable":true,"href":"https:\/\/radiorevelacionfm.cl\/index.php?rest_route=%2Fwp%2Fv2%2Fcategories&post=49775"},{"taxonomy":"post_tag","embeddable":true,"href":"https:\/\/radiorevelacionfm.cl\/index.php?rest_route=%2Fwp%2Fv2%2Ftags&post=49775"}],"curies":[{"name":"wp","href":"https:\/\/api.w.org\/{rel}","templated":true}]}}