{"id":4977,"date":"2021-06-07T10:26:45","date_gmt":"2021-06-07T13:26:45","guid":{"rendered":"https:\/\/radiorevelacionfm.cl\/?p=4977"},"modified":"2021-06-07T10:26:45","modified_gmt":"2021-06-07T13:26:45","slug":"seremi-de-educacion-urge-recuperar-los-aprendizajes-perdidos-y-entregar-a-nuestros-estudiantes-las-herramientas-formativas-que-no-han-podido-desarrollar","status":"publish","type":"post","link":"https:\/\/radiorevelacionfm.cl\/?p=4977","title":{"rendered":"Seremi de Educaci\u00f3n: \u00abUrge recuperar los aprendizajes perdidos y entregar a nuestros estudiantes las herramientas formativas que no han podido desarrollar\u00bb"},"content":{"rendered":"<div class=\"flex_column av_one_full  flex_column_div av-zero-column-padding first  avia-builder-el-0  el_before_av_one_full  avia-builder-el-first  \" style='border-radius:0px; '><div  class='avia-image-container  av-styling-    avia-builder-el-1  avia-builder-el-no-sibling  avia-align-center '  itemprop=\"image\" itemscope=\"itemscope\" itemtype=\"https:\/\/schema.org\/ImageObject\"  ><div class='avia-image-container-inner'><div class='avia-image-overlay-wrap'><img decoding=\"async\" class='wp-image-0 avia-img-lazy-loading-not-0 avia_image' src=\"https:\/\/radiorevelacionfm.cl\/wp-content\/uploads\/2021\/04\/seremi2_optimized.jpg\" alt='' title=''   itemprop=\"thumbnailUrl\"  \/><\/div><\/div><\/div><\/div><div class=\"flex_column av_one_full  flex_column_div av-zero-column-padding first  avia-builder-el-2  el_after_av_one_full  el_before_av_one_full  column-top-margin\" style='border-radius:0px; '><section class=\"av_textblock_section \"  itemscope=\"itemscope\" itemtype=\"https:\/\/schema.org\/BlogPosting\" itemprop=\"blogPost\" ><div class='avia_textblock  '   itemprop=\"text\" ><p style=\"text-align: center;\"><span style=\"font-size: 18pt;\"><strong>Seremi de Educaci\u00f3n: \u00abUrge recuperar los aprendizajes perdidos y entregar a nuestros estudiantes las herramientas formativas que no han podido desarrollar\u00bb<\/strong><\/span><\/p>\n<div id=\"gtx-trans\" style=\"position: absolute; left: -50px; top: 4.31534px;\">\n<div class=\"gtx-trans-icon\"><\/div>\n<\/div>\n<\/div><\/section><\/div><div class=\"flex_column av_one_full  flex_column_div av-zero-column-padding first  avia-builder-el-4  el_after_av_one_full  el_before_av_hr  column-top-margin\" style='border-radius:0px; '><section class=\"av_textblock_section \"  itemscope=\"itemscope\" itemtype=\"https:\/\/schema.org\/BlogPosting\" itemprop=\"blogPost\" ><div class='avia_textblock  '   itemprop=\"text\" ><p class=\"v1MsoNormal\" style=\"text-align: justify;\"><span lang=\"ES\">Entre marzo y abril de este a\u00f1o, 7 mil colegios y 1.8 millones de estudiantes del pa\u00eds realizaron el Diagn\u00f3stico Integral de Aprendizajes (DIA), desarrollado por la Agencia de Calidad de la Educaci\u00f3n para medir los aprendizajes alcanzados por los estudiantes de cada establecimiento durante 2020, tras la suspensi\u00f3n de clases presenciales producto de la pandemia.<\/span><\/p>\n<p class=\"v1MsoNormal\" style=\"text-align: justify;\"><span lang=\"ES\">Los resultados de cada diagn\u00f3stico se tradujeron en informes, que ya fueron entregados a cada colegio, y que detallan a nivel de curso y estudiante en qu\u00e9 condiciones llegaron los alumnos al iniciar el a\u00f1o acad\u00e9mico 2021. Esto con el fin de que cada comunidad educativa pueda orientar sus estrategias y usar los recursos dispuestos en fortalecer los aspectos en que sus alumnos fueron m\u00e1s afectados.<\/span><\/p>\n<p class=\"v1MsoNormal\" style=\"text-align: justify;\"><span lang=\"ES\">Los datos obtenidos a nivel nacional, en m\u00e1s de 73 mil informes, fueron entregados por la Agencia a Mineduc, y arrojaron resultados alarmantes: a nivel acad\u00e9mico, los estudiantes entre sexto b\u00e1sico y IV medio no alcanzaron los conocimientos m\u00ednimos necesarios -pues la medici\u00f3n se hizo sobre el curr\u00edculum ya priorizado-, en Lectura y en Matem\u00e1tica.<\/span><\/p>\n<p class=\"v1MsoNormal\" style=\"text-align: justify;\"><span lang=\"ES\">A nivel nacional, en Lectura ninguno de los cursos alcanz\u00f3 un 60% de los aprendizajes, porcentaje que en una equivalencia en notas es un 4.0. En Matem\u00e1tica la situaci\u00f3n es m\u00e1s dram\u00e1tica, pues ninguno de los niveles super\u00f3 el 47% y en II medio los estudiantes aprendieron solo un 27% de lo que deb\u00edan aprender el a\u00f1o pasado.<\/span><\/p>\n<p class=\"v1MsoNormal\" style=\"text-align: justify;\"><b><span lang=\"ES\">Situaci\u00f3n regional<\/span><\/b><\/p>\n<p class=\"v1MsoNormal\" style=\"text-align: justify;\"><span lang=\"ES\">El Seremi de Educaci\u00f3n Sergio Becerra Mera inform\u00f3 que regi\u00f3n de Ays\u00e9n, 12.203 estudiantes de 64 establecimientos participaron en el diagn\u00f3stico, lo que representa el 90% de sus escuelas, y alert\u00f3 que la situaci\u00f3n nacional se replica en el plano local.<\/span><\/p>\n<p class=\"v1MsoNormal\" style=\"text-align: justify;\"><span lang=\"ES\">\u00abLos resultados de nuestra regi\u00f3n son tan preocupantes como a nivel nacional: en II medio los estudiantes solo alcanzan un 22% del logro esperado en Matem\u00e1tica. Otros resultados muestran que en Lectura van disminuyendo los aprendizajes logrados conforme se avanza de curso. As\u00ed en 1\u00b0 B\u00e1sico el porcentaje de logro de aprendizajes es de 78% y va disminuyendo hasta llegar a 47% en III Medio\u00bb.<\/span><\/p>\n<p class=\"v1MsoNormal\" style=\"text-align: justify;\"><span lang=\"ES\">Sergio Becerra alert\u00f3 que \u00a0en Matem\u00e1tica es donde se presentan los resultados m\u00e1s bajos. En 3\u00b0 B\u00e1sico se alcanza un porcentaje de logro de aprendizajes de 76%\u00a0 y este porcentaje va disminuyendo hasta llegar a 28% en Tercero Medio y 22% en Segundo Medio.<\/span><\/p>\n<p class=\"v1MsoNormal\" style=\"text-align: justify;\"><span lang=\"ES\">Por lo anterior, afirm\u00f3 que el sistema educativo debe implementar medidas remediales a este negativo diagn\u00f3stico acad\u00e9mico.<\/span><\/p>\n<p class=\"v1MsoNormal\" style=\"text-align: justify;\"><span lang=\"ES\">\u00abAnte esta grave situaci\u00f3n necesitamos actuar todos, juntos, para devolverle a los ni\u00f1os los aprendizajes que perdieron el a\u00f1o pasado y las herramientas formativas que no han podido desarrollar, porque ya no tenemos un segundo que perder. Por ello, es importante que los colegios permanezcan abiertos y atendiendo a los estudiantes presencialmente en aquellas comunas donde las condiciones sanitarias lo hagan posible, es decir cuando se est\u00e1 en fase 2 o superiores\u00bb, concluy\u00f3 \u00a0la autoridad sectorial regional.<\/span><\/p>\n<\/div><\/section><\/div><div  style='height:50px' class='hr hr-invisible   avia-builder-el-6  el_after_av_one_full  el_before_av_social_share '><span class='hr-inner ' ><span class='hr-inner-style'><\/span><\/span><\/div><\/p>\n<div  class='av-social-sharing-box  avia-builder-el-7  el_after_av_hr  el_before_av_hr  '><div class='av-share-box'><h5 class='av-share-link-description av-no-toc '>Compartir esta noticia<\/h5><ul class='av-share-box-list noLightbox'><li class='av-share-link av-social-link-facebook' ><a target=\"_blank\" aria-label=\"Compartir en Facebook\" href='https:\/\/www.facebook.com\/sharer.php?u=https:\/\/radiorevelacionfm.cl\/?p=4977&#038;t=Seremi%20de%20Educaci%C3%B3n%3A%20%C2%ABUrge%20recuperar%20los%20aprendizajes%20perdidos%20y%20entregar%20a%20nuestros%20estudiantes%20las%20herramientas%20formativas%20que%20no%20han%20podido%20desarrollar%C2%BB' aria-hidden='false' data-av_icon='\ue8f3' data-av_iconfont='entypo-fontello' title='' data-avia-related-tooltip='Compartir en Facebook' rel=\"noopener\"><span class='avia_hidden_link_text'>Compartir en Facebook<\/span><\/a><\/li><li class='av-share-link av-social-link-twitter' ><a target=\"_blank\" aria-label=\"Compartir en Twitter\" href='https:\/\/twitter.com\/share?text=Seremi%20de%20Educaci%C3%B3n%3A%20%C2%ABUrge%20recuperar%20los%20aprendizajes%20perdidos%20y%20entregar%20a%20nuestros%20estudiantes%20las%20herramientas%20formativas%20que%20no%20han%20podido%20desarrollar%C2%BB&#038;url=https:\/\/radiorevelacionfm.cl\/?p=4977' aria-hidden='false' data-av_icon='\ue8f1' data-av_iconfont='entypo-fontello' title='' data-avia-related-tooltip='Compartir en Twitter' rel=\"noopener\"><span class='avia_hidden_link_text'>Compartir en Twitter<\/span><\/a><\/li><li class='av-share-link av-social-link-whatsapp' ><a target=\"_blank\" aria-label=\"Compartir en Whatsapp\" href='https:\/\/api.whatsapp.com\/send?text=https:\/\/radiorevelacionfm.cl\/?p=4977' aria-hidden='false' data-av_icon='\uf232' data-av_iconfont='entypo-fontello' title='' data-avia-related-tooltip='Compartir en Whatsapp' rel=\"noopener\"><span class='avia_hidden_link_text'>Compartir en Whatsapp<\/span><\/a><\/li><li class='av-share-link av-social-link-linkedin' ><a target=\"_blank\" aria-label=\"Compartir en LinkedIn\" href='https:\/\/linkedin.com\/shareArticle?mini=true&#038;title=Seremi%20de%20Educaci%C3%B3n%3A%20%C2%ABUrge%20recuperar%20los%20aprendizajes%20perdidos%20y%20entregar%20a%20nuestros%20estudiantes%20las%20herramientas%20formativas%20que%20no%20han%20podido%20desarrollar%C2%BB&#038;url=https:\/\/radiorevelacionfm.cl\/?p=4977' aria-hidden='false' data-av_icon='\ue8fc' data-av_iconfont='entypo-fontello' title='' data-avia-related-tooltip='Compartir en LinkedIn' rel=\"noopener\"><span class='avia_hidden_link_text'>Compartir en LinkedIn<\/span><\/a><\/li><li class='av-share-link av-social-link-mail' ><a  aria-label=\"Compartir por correo\" href='mailto:?subject=Seremi%20de%20Educaci%C3%B3n%3A%20%C2%ABUrge%20recuperar%20los%20aprendizajes%20perdidos%20y%20entregar%20a%20nuestros%20estudiantes%20las%20herramientas%20formativas%20que%20no%20han%20podido%20desarrollar%C2%BB&#038;body=https:\/\/radiorevelacionfm.cl\/?p=4977' aria-hidden='false' data-av_icon='\ue805' data-av_iconfont='entypo-fontello' title='' data-avia-related-tooltip='Compartir por correo'><span class='avia_hidden_link_text'>Compartir por correo<\/span><\/a><\/li><\/ul><\/div><\/div>\n<div  style='height:50px' class='hr hr-invisible   avia-builder-el-8  el_after_av_social_share  el_before_av_comments_list '><span class='hr-inner ' ><span class='hr-inner-style'><\/span><\/span><\/div>\n<div  class='av-buildercomment  av-blog-meta-html-info-disabled av-blog-meta-tag-disabled  '><\/div>\n","protected":false},"excerpt":{"rendered":"","protected":false},"author":1,"featured_media":0,"comment_status":"open","ping_status":"open","sticky":false,"template":"","format":"standard","meta":{"footnotes":""},"categories":[49],"tags":[],"class_list":["post-4977","post","type-post","status-publish","format-standard","hentry","category-educacion"],"jetpack_featured_media_url":"","_links":{"self":[{"href":"https:\/\/radiorevelacionfm.cl\/index.php?rest_route=\/wp\/v2\/posts\/4977","targetHints":{"allow":["GET"]}}],"collection":[{"href":"https:\/\/radiorevelacionfm.cl\/index.php?rest_route=\/wp\/v2\/posts"}],"about":[{"href":"https:\/\/radiorevelacionfm.cl\/index.php?rest_route=\/wp\/v2\/types\/post"}],"author":[{"embeddable":true,"href":"https:\/\/radiorevelacionfm.cl\/index.php?rest_route=\/wp\/v2\/users\/1"}],"replies":[{"embeddable":true,"href":"https:\/\/radiorevelacionfm.cl\/index.php?rest_route=%2Fwp%2Fv2%2Fcomments&post=4977"}],"version-history":[{"count":1,"href":"https:\/\/radiorevelacionfm.cl\/index.php?rest_route=\/wp\/v2\/posts\/4977\/revisions"}],"predecessor-version":[{"id":4978,"href":"https:\/\/radiorevelacionfm.cl\/index.php?rest_route=\/wp\/v2\/posts\/4977\/revisions\/4978"}],"wp:attachment":[{"href":"https:\/\/radiorevelacionfm.cl\/index.php?rest_route=%2Fwp%2Fv2%2Fmedia&parent=4977"}],"wp:term":[{"taxonomy":"category","embeddable":true,"href":"https:\/\/radiorevelacionfm.cl\/index.php?rest_route=%2Fwp%2Fv2%2Fcategories&post=4977"},{"taxonomy":"post_tag","embeddable":true,"href":"https:\/\/radiorevelacionfm.cl\/index.php?rest_route=%2Fwp%2Fv2%2Ftags&post=4977"}],"curies":[{"name":"wp","href":"https:\/\/api.w.org\/{rel}","templated":true}]}}