{"id":49766,"date":"2025-01-18T12:07:17","date_gmt":"2025-01-18T15:07:17","guid":{"rendered":"https:\/\/radiorevelacionfm.cl\/?p=49766"},"modified":"2025-01-18T12:07:17","modified_gmt":"2025-01-18T15:07:17","slug":"fiscalias-de-aysen-registran-el-mayor-porcentaje-de-condenas-en-el-pais-y-la-menor-cifra-de-archivos-provisionales-de-causas","status":"publish","type":"post","link":"https:\/\/radiorevelacionfm.cl\/?p=49766","title":{"rendered":"Fiscal\u00edas de Ays\u00e9n registran el mayor porcentaje de condenas en el pa\u00eds y la menor cifra de archivos provisionales de causas"},"content":{"rendered":"<div class=\"flex_column av_one_full  flex_column_div av-zero-column-padding first  avia-builder-el-0  el_before_av_one_full  avia-builder-el-first  \" style='border-radius:0px; '><div  class='avia-image-container  av-styling-    avia-builder-el-1  avia-builder-el-no-sibling  avia-align-center '  itemprop=\"image\" itemscope=\"itemscope\" itemtype=\"https:\/\/schema.org\/ImageObject\"  ><div class='avia-image-container-inner'><div class='avia-image-overlay-wrap'><img decoding=\"async\" class='wp-image-49767 avia-img-lazy-loading-not-49767 avia_image' src=\"https:\/\/radiorevelacionfm.cl\/wp-content\/uploads\/2025\/01\/1-2025-01-17t195828_optimized.692.jpg\" alt='' title='1 - -2025-01-17t195828_optimized.692' height=\"600\" width=\"900\"  itemprop=\"thumbnailUrl\" srcset=\"https:\/\/radiorevelacionfm.cl\/wp-content\/uploads\/2025\/01\/1-2025-01-17t195828_optimized.692.jpg 900w, https:\/\/radiorevelacionfm.cl\/wp-content\/uploads\/2025\/01\/1-2025-01-17t195828_optimized.692-300x200.jpg 300w, https:\/\/radiorevelacionfm.cl\/wp-content\/uploads\/2025\/01\/1-2025-01-17t195828_optimized.692-768x512.jpg 768w, https:\/\/radiorevelacionfm.cl\/wp-content\/uploads\/2025\/01\/1-2025-01-17t195828_optimized.692-705x470.jpg 705w, https:\/\/radiorevelacionfm.cl\/wp-content\/uploads\/2025\/01\/1-2025-01-17t195828_optimized.692-450x300.jpg 450w, https:\/\/radiorevelacionfm.cl\/wp-content\/uploads\/2025\/01\/1-2025-01-17t195828_optimized.692-600x400.jpg 600w\" sizes=\"(max-width: 900px) 100vw, 900px\" \/><\/div><\/div><\/div><\/div><div class=\"flex_column av_one_full  flex_column_div av-zero-column-padding first  avia-builder-el-2  el_after_av_one_full  el_before_av_one_full  column-top-margin\" style='border-radius:0px; '><section class=\"av_textblock_section \"  itemscope=\"itemscope\" itemtype=\"https:\/\/schema.org\/BlogPosting\" itemprop=\"blogPost\" ><div class='avia_textblock  '   itemprop=\"text\" ><p style=\"text-align: center;\"><span style=\"font-size: 18pt;\"><b>Fiscal\u00edas de Ays\u00e9n registran el mayor porcentaje de condenas en el pa\u00eds y la menor cifra de archivos provisionales de causas<\/b><\/span><\/p>\n<div id=\"gtx-trans\" style=\"position: absolute; left: -50px; top: 4.31534px;\">\n<div class=\"gtx-trans-icon\"><\/div>\n<\/div>\n<\/div><\/section><\/div><div class=\"flex_column av_one_full  flex_column_div av-zero-column-padding first  avia-builder-el-4  el_after_av_one_full  el_before_av_hr  column-top-margin\" style='border-radius:0px; '><section class=\"av_textblock_section \"  itemscope=\"itemscope\" itemtype=\"https:\/\/schema.org\/BlogPosting\" itemprop=\"blogPost\" ><div class='avia_textblock  '   itemprop=\"text\" ><p style=\"font-weight: 400; text-align: justify;\"><em>Adem\u00e1s, se verific\u00f3 el nivel m\u00e1s alto de ingresos de denuncias en la historia de la Reforma Procesal Penal en la Regi\u00f3n de Ays\u00e9n.<\/em><\/p>\n<p style=\"font-weight: 400; text-align: justify;\">En el marco de la cuenta p\u00fablica anual del Ministerio P\u00fablico efectuada este viernes en el auditorio del Ej\u00e9rcito en Coyhaique, el Fiscal Regional subrogante de Ays\u00e9n, Jos\u00e9 Moris, present\u00f3 un balance detallado de la gesti\u00f3n 2024, destacando una cifra r\u00e9cord en ingresos de causas, positivos resultados judiciales y eficiencia operativa, los que posicionan a la regi\u00f3n como l\u00edder a nivel nacional en varios indicadores de relevancia en materia de persecuci\u00f3n penal.<\/p>\n<p style=\"font-weight: 400; text-align: justify;\">En este sentido, el a\u00f1o pasado la Fiscal\u00eda registr\u00f3 un ingreso de 10 mil 954 causas, presentando un aumento del 10,2% respecto al a\u00f1o anterior. \u201cEste es el nivel de ingresos m\u00e1s alto en la historia de la reforma procesal penal en la Regi\u00f3n de Ays\u00e9n\u201d, explic\u00f3 el Fiscal Moris ante una numerosa audiencia integrada por autoridades, polic\u00edas, funcionarios del Ministerio P\u00fablico, l\u00edderes sociales de la comuna y ciudadanos.<\/p>\n<p style=\"font-weight: 400; text-align: justify;\">AUMENTO DE ESTAFAS<\/p>\n<p style=\"font-weight: 400; text-align: justify;\">En relaci\u00f3n a los delitos que ingresan a la Fiscal\u00eda, la mayor incidencia la tienen las lesiones con un 12,4% del total. Le siguen en importancia relativa, aquellos delitos contra la libertad e intimidad de las personas, es decir, las amenazas, con un 11,5%; los robos y hurtos que en conjunto representan el 10,9%, los delitos econ\u00f3micos y tributarios con un 8,5% y los delitos vinculados a la ley del tr\u00e1nsito con un 7,7% del total recibido.<\/p>\n<p style=\"font-weight: 400; text-align: justify;\">\u201cHaciendo un an\u00e1lisis individual de los delitos de mayor crecimiento a\u00f1o tras a\u00f1o, nos encontramos con aquellos vinculados a infracciones econ\u00f3micas y tributarias, los cuales no paran de crecer. Me refiero a las estafas y otras defraudaciones contra particulares, que el \u00faltimo a\u00f1o han aumentado un 34% y en la \u00faltima d\u00e9cada se han multiplicado casi 4 veces\u201d, explic\u00f3 el persecutor penal.<\/p>\n<p style=\"font-weight: 400; text-align: justify;\">En esta misma l\u00ednea se encuentra el delito de uso fraudulento de tarjetas y otros medios de pago, que en los \u00faltimos 10 a\u00f1os se ha m\u00e1s que triplicado.<\/p>\n<p style=\"font-weight: 400; text-align: justify;\">DROGAS Y HOMICIDIOS<\/p>\n<p style=\"font-weight: 400; text-align: justify;\">En el \u00e1mbito de los delitos de drogas, en la \u00faltima d\u00e9cada el tr\u00e1fico il\u00edcito de sustancias estupefacientes se ha multiplicado por 10 y el microtr\u00e1fico casi se ha triplicado, detall\u00f3 el Fiscal Regional subrogante.<\/p>\n<p style=\"font-weight: 400; text-align: justify;\">\u201cHemos logrado fortalecer nuestra persecuci\u00f3n, la cual ha visto crecer las causas por tr\u00e1fico 10 veces en la \u00faltima d\u00e9cada\u201d, sostuvo el Fiscal Moris.<\/p>\n<p style=\"font-weight: 400; text-align: justify;\">Durante el 2024 se incaut\u00f3 un total de 40 kilos de droga, principalmente coca\u00edna y marihuana elaborada gracias al trabajo del OS 7 de Carabineros y de la Brigada Antinarc\u00f3ticos y Contra el Crimen Organizado de la PDI. En el a\u00f1o 2019 las incautaciones totales llegaban solo a los 7 kilos de estas sustancias.<\/p>\n<p style=\"font-weight: 400; text-align: justify;\">\u201cY nos preocupa tambi\u00e9n la situaci\u00f3n de los homicidios consumados, que, si bien su frecuencia no tiene trascendencia estad\u00edstica en el global, se han m\u00e1s que duplicado en tan solo 10 a\u00f1os\u201d. En el a\u00f1o 2024, se registraron 9 homicidios consumados.<\/p>\n<p style=\"font-weight: 400; text-align: justify;\">T\u00c9RMINOS JUDICIALES<\/p>\n<p style=\"font-weight: 400; text-align: justify;\">En relaci\u00f3n a los denominados t\u00e9rminos de calidad, durante el a\u00f1o 2024, los t\u00e9rminos judiciales ascendieron al 61,9% del total, superando ampliamente, por m\u00e1s de 30 puntos porcentuales, el promedio nacional que alcanz\u00f3 solo el 31,3%.<\/p>\n<p style=\"font-weight: 400; text-align: justify;\">\u201cSomos, por lejos, la regi\u00f3n que m\u00e1s t\u00e9rminos de calidad obtiene, y esto es un resultado que se repite a\u00f1o tras a\u00f1o\u201d, asever\u00f3 el fiscal Moris.<\/p>\n<p style=\"font-weight: 400; text-align: justify;\">Asimismo, la Fiscal\u00eda en la Regi\u00f3n de Ays\u00e9n \u201cpresenta resultados mucho mayores que regiones de tama\u00f1o similar a la nuestra, a quienes superamos por 16 puntos porcentuales\u201d, a\u00f1adi\u00f3 la autoridad.<\/p>\n<p style=\"font-weight: 400; text-align: justify;\">\u201cSi nos comparamos con las fiscal\u00edas de la Regi\u00f3n Metropolitana, la distancia es de proporciones: son 37 puntos porcentuales que marcan la diferencia en favor nuestra. En otras palabras, Ays\u00e9n judicializa 2,5 veces m\u00e1s que las fiscal\u00edas de Santiago\u201d, manifest\u00f3 Moris.<\/p>\n<p style=\"font-weight: 400; text-align: justify;\">En este sentido, agradeci\u00f3 la labor de los aliados estrat\u00e9gicos. \u201cSin la labor de la SIP de Carabineros de las cuatro Comisar\u00edas de la regi\u00f3n, de las Brigada de la PDI en Coyhaique y Puerto Ays\u00e9n, del personal de Gendarmer\u00eda y la Armada, nuestra labor sin duda se dificultar\u00eda enormemente\u201d, expres\u00f3.<\/p>\n<p style=\"font-weight: 400; text-align: justify;\">CONDENAS<\/p>\n<p style=\"font-weight: 400; text-align: justify;\">En el a\u00f1o 2024, el 18,5% de los t\u00e9rminos fue una condena, doblando con ello el promedio nacional que solo alcanz\u00f3 un 9,2%. En este \u00e1mbito, la Fiscal\u00eda en Ays\u00e9n dobla el porcentaje de sentencias condenatorias del pa\u00eds.<\/p>\n<p style=\"font-weight: 400; text-align: justify;\">\u201cSolo para efectos de dimensionar esta cifra, el promedio de sentencias condenatorias en la Regi\u00f3n Metropolitana asciende al 6,7%, es decir, en Ays\u00e9n casi se triplica esta cifra\u201d, expuso Jos\u00e9 Moris.<\/p>\n<p style=\"font-weight: 400; text-align: justify;\">Sobre las salidas alternativas, que consolidan los acuerdos reparatorios y las suspensiones condicionales del procedimiento, el persecutor penal inform\u00f3 que \u201cestas salidas alcanzaron durante el a\u00f1o 2024, el 10,9% de nuestros t\u00e9rminos, un porcentaje nuevamente superior al que exhibe el promedio nacional del Ministerio P\u00fablico, que se situ\u00f3 en solo un 5,6%, es decir, la mitad nuestra\u201d.<\/p>\n<p style=\"font-weight: 400; text-align: justify;\">MENOR ARCHIVO PROVISIONAL<\/p>\n<p style=\"font-weight: 400; text-align: justify;\">Otro aspecto mencionado en la cuenta p\u00fablica, fue que los equipos de la Fiscal\u00eda en la Regi\u00f3n de Ays\u00e9n lograron durante el 2024 el menor nivel de archivos provisionales del pa\u00eds, con un 24,9%, mientras que el promedio nacional ascendi\u00f3 al 57,4%.<\/p>\n<p style=\"font-weight: 400; text-align: justify;\">\u201cEn Ays\u00e9n tenemos menos de la mitad de los archivos provisionales que exhibe el promedio nacional y muy distante de Fiscal\u00edas que archivan alrededor del 70% de sus causas. En pocas palabras, en esta regi\u00f3n investigamos m\u00e1s y desestimamos menos\u201d, detall\u00f3 el Fiscal Moris.<\/p>\n<p style=\"font-weight: 400; text-align: justify;\">VIOLENCIA INTRAFAMILIAR<\/p>\n<p style=\"font-weight: 400; text-align: justify;\">\u201cDurante el a\u00f1o pasado, afortunadamente, no lamentamos ning\u00fan femicidio consumado. No obstante ello, sigue siendo un tema que nos mantiene atentos pues, durante 2024, tuvimos 11 casos de femicidio frustrado o tentado\u201d, coment\u00f3 el persecutor penal.<\/p>\n<p style=\"font-weight: 400; text-align: justify;\">En 2024 se informaron 1.517 delitos en contexto de violencia intrafamiliar, los que crecieron un 25,1% el a\u00f1o reci\u00e9n pasado y lo vienen haciendo sostenidamente durante la \u00faltima d\u00e9cada.<\/p>\n<p style=\"font-weight: 400; text-align: justify;\">En materia de delitos sexuales, se denunciaron 487 casos durante el a\u00f1o 2024. \u201cSi miramos con detalle, no obstante el \u00faltimo a\u00f1o haber descendido la categor\u00eda de delitos sexuales en un 6%, la \u00faltima d\u00e9cada nos sorprende con un crecimiento de 138%, es decir, en diez a\u00f1os hemos m\u00e1s que doblado los casos investigados en esta materia\u201d, dijo el fiscal Jos\u00e9 Moris.<\/p>\n<p style=\"font-weight: 400; text-align: justify;\">La mayor\u00eda de las v\u00edctimas son ni\u00f1os, ni\u00f1as y adolescentes, los que equivalen al 71,5% de los casos y el 83,9% de las v\u00edctimas es mujer.<\/p>\n<p style=\"font-weight: 400; text-align: justify;\">Finalmente, la Fiscal\u00eda inform\u00f3 que durante el a\u00f1o 2024 se realizaron 217 entrevistas investigativas videograbadas a ni\u00f1os, ni\u00f1as y adolescentes y se destinaron 100 millones de pesos a la protecci\u00f3n de v\u00edctimas y testigos, brindando m\u00e1s de mil prestaciones de protecci\u00f3n personal a trav\u00e9s de alarmas personales, tel\u00e9fonos, instalaci\u00f3n de circuito de c\u00e1maras, alarmas domiciliarias, reforzamientos de puertas y\/o ventanas y de asistencia en l\u00ednea. Tambi\u00e9n se realizaron prestaciones de asistencia social con victimas afectadas por violencia econ\u00f3mica y reubicaciones domiciliarias, entre otros antecedentes de inter\u00e9s expuestos por el Fiscal Moris en su cuenta p\u00fablica a la comunidad.<\/p>\n<\/div><\/section><\/div><div  style='height:50px' class='hr hr-invisible   avia-builder-el-6  el_after_av_one_full  el_before_av_social_share '><span class='hr-inner ' ><span class='hr-inner-style'><\/span><\/span><\/div><\/p>\n<div  class='av-social-sharing-box  avia-builder-el-7  el_after_av_hr  el_before_av_hr  '><div class='av-share-box'><h5 class='av-share-link-description av-no-toc '>Compartir esta noticia<\/h5><ul class='av-share-box-list noLightbox'><li class='av-share-link av-social-link-facebook' ><a target=\"_blank\" aria-label=\"Compartir en Facebook\" href='https:\/\/www.facebook.com\/sharer.php?u=https:\/\/radiorevelacionfm.cl\/?p=49766&#038;t=Fiscal%C3%ADas%20de%20Ays%C3%A9n%20registran%20el%20mayor%20porcentaje%20de%20condenas%20en%20el%20pa%C3%ADs%20y%20la%20menor%20cifra%20de%20archivos%20provisionales%20de%20causas' aria-hidden='false' data-av_icon='\ue8f3' data-av_iconfont='entypo-fontello' title='' data-avia-related-tooltip='Compartir en Facebook' rel=\"noopener\"><span class='avia_hidden_link_text'>Compartir en Facebook<\/span><\/a><\/li><li class='av-share-link av-social-link-twitter' ><a target=\"_blank\" aria-label=\"Compartir en Twitter\" href='https:\/\/twitter.com\/share?text=Fiscal%C3%ADas%20de%20Ays%C3%A9n%20registran%20el%20mayor%20porcentaje%20de%20condenas%20en%20el%20pa%C3%ADs%20y%20la%20menor%20cifra%20de%20archivos%20provisionales%20de%20causas&#038;url=https:\/\/radiorevelacionfm.cl\/?p=49766' aria-hidden='false' data-av_icon='\ue8f1' data-av_iconfont='entypo-fontello' title='' data-avia-related-tooltip='Compartir en Twitter' rel=\"noopener\"><span class='avia_hidden_link_text'>Compartir en Twitter<\/span><\/a><\/li><li class='av-share-link av-social-link-whatsapp' ><a target=\"_blank\" aria-label=\"Compartir en Whatsapp\" href='https:\/\/api.whatsapp.com\/send?text=https:\/\/radiorevelacionfm.cl\/?p=49766' aria-hidden='false' data-av_icon='\uf232' data-av_iconfont='entypo-fontello' title='' data-avia-related-tooltip='Compartir en Whatsapp' rel=\"noopener\"><span class='avia_hidden_link_text'>Compartir en Whatsapp<\/span><\/a><\/li><li class='av-share-link av-social-link-linkedin' ><a target=\"_blank\" aria-label=\"Compartir en LinkedIn\" href='https:\/\/linkedin.com\/shareArticle?mini=true&#038;title=Fiscal%C3%ADas%20de%20Ays%C3%A9n%20registran%20el%20mayor%20porcentaje%20de%20condenas%20en%20el%20pa%C3%ADs%20y%20la%20menor%20cifra%20de%20archivos%20provisionales%20de%20causas&#038;url=https:\/\/radiorevelacionfm.cl\/?p=49766' aria-hidden='false' data-av_icon='\ue8fc' data-av_iconfont='entypo-fontello' title='' data-avia-related-tooltip='Compartir en LinkedIn' rel=\"noopener\"><span class='avia_hidden_link_text'>Compartir en LinkedIn<\/span><\/a><\/li><li class='av-share-link av-social-link-mail' ><a  aria-label=\"Compartir por correo\" href='mailto:?subject=Fiscal%C3%ADas%20de%20Ays%C3%A9n%20registran%20el%20mayor%20porcentaje%20de%20condenas%20en%20el%20pa%C3%ADs%20y%20la%20menor%20cifra%20de%20archivos%20provisionales%20de%20causas&#038;body=https:\/\/radiorevelacionfm.cl\/?p=49766' aria-hidden='false' data-av_icon='\ue805' data-av_iconfont='entypo-fontello' title='' data-avia-related-tooltip='Compartir por correo'><span class='avia_hidden_link_text'>Compartir por correo<\/span><\/a><\/li><\/ul><\/div><\/div>\n<div  style='height:50px' class='hr hr-invisible   avia-builder-el-8  el_after_av_social_share  el_before_av_comments_list '><span class='hr-inner ' ><span class='hr-inner-style'><\/span><\/span><\/div>\n<div  class='av-buildercomment  av-blog-meta-html-info-disabled av-blog-meta-tag-disabled  '><\/div>\n","protected":false},"excerpt":{"rendered":"","protected":false},"author":1,"featured_media":49767,"comment_status":"open","ping_status":"open","sticky":false,"template":"","format":"standard","meta":{"footnotes":""},"categories":[55],"tags":[],"class_list":["post-49766","post","type-post","status-publish","format-standard","has-post-thumbnail","hentry","category-justicia"],"jetpack_featured_media_url":"https:\/\/radiorevelacionfm.cl\/wp-content\/uploads\/2025\/01\/1-2025-01-17t195828_optimized.692.jpg","_links":{"self":[{"href":"https:\/\/radiorevelacionfm.cl\/index.php?rest_route=\/wp\/v2\/posts\/49766","targetHints":{"allow":["GET"]}}],"collection":[{"href":"https:\/\/radiorevelacionfm.cl\/index.php?rest_route=\/wp\/v2\/posts"}],"about":[{"href":"https:\/\/radiorevelacionfm.cl\/index.php?rest_route=\/wp\/v2\/types\/post"}],"author":[{"embeddable":true,"href":"https:\/\/radiorevelacionfm.cl\/index.php?rest_route=\/wp\/v2\/users\/1"}],"replies":[{"embeddable":true,"href":"https:\/\/radiorevelacionfm.cl\/index.php?rest_route=%2Fwp%2Fv2%2Fcomments&post=49766"}],"version-history":[{"count":1,"href":"https:\/\/radiorevelacionfm.cl\/index.php?rest_route=\/wp\/v2\/posts\/49766\/revisions"}],"predecessor-version":[{"id":49768,"href":"https:\/\/radiorevelacionfm.cl\/index.php?rest_route=\/wp\/v2\/posts\/49766\/revisions\/49768"}],"wp:featuredmedia":[{"embeddable":true,"href":"https:\/\/radiorevelacionfm.cl\/index.php?rest_route=\/wp\/v2\/media\/49767"}],"wp:attachment":[{"href":"https:\/\/radiorevelacionfm.cl\/index.php?rest_route=%2Fwp%2Fv2%2Fmedia&parent=49766"}],"wp:term":[{"taxonomy":"category","embeddable":true,"href":"https:\/\/radiorevelacionfm.cl\/index.php?rest_route=%2Fwp%2Fv2%2Fcategories&post=49766"},{"taxonomy":"post_tag","embeddable":true,"href":"https:\/\/radiorevelacionfm.cl\/index.php?rest_route=%2Fwp%2Fv2%2Ftags&post=49766"}],"curies":[{"name":"wp","href":"https:\/\/api.w.org\/{rel}","templated":true}]}}