{"id":49763,"date":"2025-01-18T11:29:26","date_gmt":"2025-01-18T14:29:26","guid":{"rendered":"https:\/\/radiorevelacionfm.cl\/?p=49763"},"modified":"2025-01-18T11:29:26","modified_gmt":"2025-01-18T14:29:26","slug":"entro-en-funcionamiento-el-servicio-de-reinsercion-social-juvenil-en-aysen","status":"publish","type":"post","link":"https:\/\/radiorevelacionfm.cl\/?p=49763","title":{"rendered":"Entr\u00f3 en funcionamiento el Servicio de Reinserci\u00f3n Social Juvenil en Ays\u00e9n"},"content":{"rendered":"<div class=\"flex_column av_one_full  flex_column_div av-zero-column-padding first  avia-builder-el-0  el_before_av_one_full  avia-builder-el-first  \" style='border-radius:0px; '><div  class='avia-image-container  av-styling-    avia-builder-el-1  avia-builder-el-no-sibling  avia-align-center '  itemprop=\"image\" itemscope=\"itemscope\" itemtype=\"https:\/\/schema.org\/ImageObject\"  ><div class='avia-image-container-inner'><div class='avia-image-overlay-wrap'><img decoding=\"async\" class='wp-image-49764 avia-img-lazy-loading-not-49764 avia_image' src=\"https:\/\/radiorevelacionfm.cl\/wp-content\/uploads\/2025\/01\/servicio-4-1-1.jpeg\" alt='' title='servicio 4 (1) (1)' height=\"600\" width=\"901\"  itemprop=\"thumbnailUrl\" srcset=\"https:\/\/radiorevelacionfm.cl\/wp-content\/uploads\/2025\/01\/servicio-4-1-1.jpeg 901w, https:\/\/radiorevelacionfm.cl\/wp-content\/uploads\/2025\/01\/servicio-4-1-1-300x200.jpeg 300w, https:\/\/radiorevelacionfm.cl\/wp-content\/uploads\/2025\/01\/servicio-4-1-1-768x511.jpeg 768w, https:\/\/radiorevelacionfm.cl\/wp-content\/uploads\/2025\/01\/servicio-4-1-1-705x469.jpeg 705w, https:\/\/radiorevelacionfm.cl\/wp-content\/uploads\/2025\/01\/servicio-4-1-1-450x300.jpeg 450w, https:\/\/radiorevelacionfm.cl\/wp-content\/uploads\/2025\/01\/servicio-4-1-1-600x400.jpeg 600w\" sizes=\"(max-width: 901px) 100vw, 901px\" \/><\/div><\/div><\/div><\/div><div class=\"flex_column av_one_full  flex_column_div av-zero-column-padding first  avia-builder-el-2  el_after_av_one_full  el_before_av_one_full  column-top-margin\" style='border-radius:0px; '><section class=\"av_textblock_section \"  itemscope=\"itemscope\" itemtype=\"https:\/\/schema.org\/BlogPosting\" itemprop=\"blogPost\" ><div class='avia_textblock  '   itemprop=\"text\" ><p style=\"text-align: center;\"><strong><span style=\"font-size: 18pt;\">Entr\u00f3 en funcionamiento el Servicio de Reinserci\u00f3n Social Juvenil en Ays\u00e9n<\/span><\/strong><\/p>\n<div id=\"gtx-trans\" style=\"position: absolute; left: -50px; top: 4.31534px;\">\n<div class=\"gtx-trans-icon\"><\/div>\n<\/div>\n<\/div><\/section><\/div><div class=\"flex_column av_one_full  flex_column_div av-zero-column-padding first  avia-builder-el-4  el_after_av_one_full  el_before_av_hr  column-top-margin\" style='border-radius:0px; '><section class=\"av_textblock_section \"  itemscope=\"itemscope\" itemtype=\"https:\/\/schema.org\/BlogPosting\" itemprop=\"blogPost\" ><div class='avia_textblock  '   itemprop=\"text\" ><p style=\"text-align: justify;\"><em>La iniciativa sustituye al Sename en lo relativo a menores infractores de la ley<\/em><em>.<\/em><\/p>\n<p style=\"text-align: justify;\">Con la participaci\u00f3n de diversas autoridades regionales, encabezadas por el seremi de Justicia y Derechos Humanos Samuel Navarro,\u00a0el presidente de la Ilustr\u00edsima Corte de Apelaciones de Coyhaique ministro Luis Aedo, el defensor regional Jorge Moraga y el director regional Israel Villavicencio, se dio el inicio oficial\u00a0al Servicio de Reinserci\u00f3n Social Juvenil\u00a0en la regi\u00f3n de Ays\u00e9n.<\/p>\n<p style=\"text-align: justify;\">La iniciativa sustituye al Servicio Nacional de Menores (Sename) y est\u00e1 dirigida a toda persona que al momento de cometer un delito haya tenido\u00a0entre 14 y 17 a\u00f1os\u00a0o\u00a0que cuenten con una sanci\u00f3n o medida\u00a0en conformidad a la ley N\u00b020.084 sobre Responsabilidad Penal Adolescente.<\/p>\n<p style=\"text-align: justify;\">El seremi de Justicia y Derechos Humanos, Samuel Navarro Castro explic\u00f3 que \u201cbueno hoy d\u00eda hemos dado un paso significativo de la puesta en marcha del nuevo servicio de reinserci\u00f3n social juvenil en la regi\u00f3n de Ays\u00e9n, como el resto de la macrozona sur \u00a0comenz\u00f3 su funcionamiento el 13 de enero y contamos en este hito con la participaci\u00f3n y presencia de diversas autoridades e instituciones, tambi\u00e9n estuvieron presente los trabajadores y trabajadoras que fueron traspasados desde el ex Sename y que han contribuido con anterioridad en este \u00e1mbito de los j\u00f3venes y adolescentes infractores de ley, en este momento damos inicio a este nuevo servicio que cuenta con mayores atribuciones con mayores recursos, tambi\u00e9n con nuevos modelos de intervenci\u00f3n y con varios cambios que va a permitir ver con esperanzas el futuro, nuestro gobierno est\u00e1 preocupado en esta materia y por lo mismo todos estos cambios que tienen que ver con la ni\u00f1ez, con la adolescencia y en este caso con los j\u00f3venes y adolescentes en conflicto con la justicia nos permiten visualizar que vamos por la senda correcta de poder avanzar con distintas herramientas, con un trabajo m\u00e1s coordinado y presente del Estado ya no solo de una instituci\u00f3n por la senda de poder reinsertar o insertar a los j\u00f3venes para que sean un aporte a la sociedad y para que puedan contribuir al desarrollo de esta comunidad\u201d.<\/p>\n<p style=\"text-align: justify;\">Cabe mencionar que en la regi\u00f3n de Ays\u00e9n son 72\u00a0j\u00f3venes\u00a0que cumplen medidas y sanciones judiciales, de los cuales 3 se encuentran medio privativo (internaci\u00f3n provisoria), 62 en medio libre (5 en medida cautelar ambulatoria; 20 por suspensi\u00f3n condicional del procedimiento y 37 cumpliendo sanci\u00f3n) y 7 en Libertad Asistida Especial con Internaci\u00f3n Parcial.<\/p>\n<p style=\"text-align: justify;\">Mientras que el director regional del Servicio de Reinserci\u00f3n Social Juvenil,\u00a0Israel Villavicencio explic\u00f3 que \u00abes un gran desaf\u00edo que asumimos con mucha responsabilidad, tenemos que instaurar todos los elementos innovadores que trae la ley 21.527, entre ellos el acompa\u00f1amiento post egreso, la mediaci\u00f3n penal juvenil que son dos elementos que vienen a reforzar precisamente los procesos de reinserci\u00f3n, formas alternativas de resoluci\u00f3n de conflictos para no derechamente involucrar a los j\u00f3venes en un sistema tan duro como es el sistema penal\u201d.<\/p>\n<p style=\"text-align: justify;\">Finalmente, se\u00f1alar que no solo es un nuevo servicio, sino que es un cambio al sistema de responsabilidad penal adolescente en su conjunto, que implica\u00a0jueces, fiscales y defensores\u00a0especializados para abordar estas tem\u00e1ticas, y nuevas reglas que permitir\u00e1n tener\u00a0un sistema m\u00e1s robusto\u00a0a la luz de los desaf\u00edos que tiene nuestro pa\u00eds.<\/p>\n<\/div><\/section><\/div><div  style='height:50px' class='hr hr-invisible   avia-builder-el-6  el_after_av_one_full  el_before_av_social_share '><span class='hr-inner ' ><span class='hr-inner-style'><\/span><\/span><\/div><\/p>\n<div  class='av-social-sharing-box  avia-builder-el-7  el_after_av_hr  el_before_av_hr  '><div class='av-share-box'><h5 class='av-share-link-description av-no-toc '>Compartir esta noticia<\/h5><ul class='av-share-box-list noLightbox'><li class='av-share-link av-social-link-facebook' ><a target=\"_blank\" aria-label=\"Compartir en Facebook\" href='https:\/\/www.facebook.com\/sharer.php?u=https:\/\/radiorevelacionfm.cl\/?p=49763&#038;t=Entr%C3%B3%20en%20funcionamiento%20el%20Servicio%20de%20Reinserci%C3%B3n%20Social%20Juvenil%20en%20Ays%C3%A9n' aria-hidden='false' data-av_icon='\ue8f3' data-av_iconfont='entypo-fontello' title='' data-avia-related-tooltip='Compartir en Facebook' rel=\"noopener\"><span class='avia_hidden_link_text'>Compartir en Facebook<\/span><\/a><\/li><li class='av-share-link av-social-link-twitter' ><a target=\"_blank\" aria-label=\"Compartir en Twitter\" href='https:\/\/twitter.com\/share?text=Entr%C3%B3%20en%20funcionamiento%20el%20Servicio%20de%20Reinserci%C3%B3n%20Social%20Juvenil%20en%20Ays%C3%A9n&#038;url=https:\/\/radiorevelacionfm.cl\/?p=49763' aria-hidden='false' data-av_icon='\ue8f1' data-av_iconfont='entypo-fontello' title='' data-avia-related-tooltip='Compartir en Twitter' rel=\"noopener\"><span class='avia_hidden_link_text'>Compartir en Twitter<\/span><\/a><\/li><li class='av-share-link av-social-link-whatsapp' ><a target=\"_blank\" aria-label=\"Compartir en Whatsapp\" href='https:\/\/api.whatsapp.com\/send?text=https:\/\/radiorevelacionfm.cl\/?p=49763' aria-hidden='false' data-av_icon='\uf232' data-av_iconfont='entypo-fontello' title='' data-avia-related-tooltip='Compartir en Whatsapp' rel=\"noopener\"><span class='avia_hidden_link_text'>Compartir en Whatsapp<\/span><\/a><\/li><li class='av-share-link av-social-link-linkedin' ><a target=\"_blank\" aria-label=\"Compartir en LinkedIn\" href='https:\/\/linkedin.com\/shareArticle?mini=true&#038;title=Entr%C3%B3%20en%20funcionamiento%20el%20Servicio%20de%20Reinserci%C3%B3n%20Social%20Juvenil%20en%20Ays%C3%A9n&#038;url=https:\/\/radiorevelacionfm.cl\/?p=49763' aria-hidden='false' data-av_icon='\ue8fc' data-av_iconfont='entypo-fontello' title='' data-avia-related-tooltip='Compartir en LinkedIn' rel=\"noopener\"><span class='avia_hidden_link_text'>Compartir en LinkedIn<\/span><\/a><\/li><li class='av-share-link av-social-link-mail' ><a  aria-label=\"Compartir por correo\" href='mailto:?subject=Entr%C3%B3%20en%20funcionamiento%20el%20Servicio%20de%20Reinserci%C3%B3n%20Social%20Juvenil%20en%20Ays%C3%A9n&#038;body=https:\/\/radiorevelacionfm.cl\/?p=49763' aria-hidden='false' data-av_icon='\ue805' data-av_iconfont='entypo-fontello' title='' data-avia-related-tooltip='Compartir por correo'><span class='avia_hidden_link_text'>Compartir por correo<\/span><\/a><\/li><\/ul><\/div><\/div>\n<div  style='height:50px' class='hr hr-invisible   avia-builder-el-8  el_after_av_social_share  el_before_av_comments_list '><span class='hr-inner ' ><span class='hr-inner-style'><\/span><\/span><\/div>\n<div  class='av-buildercomment  av-blog-meta-html-info-disabled av-blog-meta-tag-disabled  '><\/div>\n","protected":false},"excerpt":{"rendered":"","protected":false},"author":1,"featured_media":49764,"comment_status":"open","ping_status":"open","sticky":false,"template":"","format":"standard","meta":{"footnotes":""},"categories":[55],"tags":[],"class_list":["post-49763","post","type-post","status-publish","format-standard","has-post-thumbnail","hentry","category-justicia"],"jetpack_featured_media_url":"https:\/\/radiorevelacionfm.cl\/wp-content\/uploads\/2025\/01\/servicio-4-1-1.jpeg","_links":{"self":[{"href":"https:\/\/radiorevelacionfm.cl\/index.php?rest_route=\/wp\/v2\/posts\/49763","targetHints":{"allow":["GET"]}}],"collection":[{"href":"https:\/\/radiorevelacionfm.cl\/index.php?rest_route=\/wp\/v2\/posts"}],"about":[{"href":"https:\/\/radiorevelacionfm.cl\/index.php?rest_route=\/wp\/v2\/types\/post"}],"author":[{"embeddable":true,"href":"https:\/\/radiorevelacionfm.cl\/index.php?rest_route=\/wp\/v2\/users\/1"}],"replies":[{"embeddable":true,"href":"https:\/\/radiorevelacionfm.cl\/index.php?rest_route=%2Fwp%2Fv2%2Fcomments&post=49763"}],"version-history":[{"count":1,"href":"https:\/\/radiorevelacionfm.cl\/index.php?rest_route=\/wp\/v2\/posts\/49763\/revisions"}],"predecessor-version":[{"id":49765,"href":"https:\/\/radiorevelacionfm.cl\/index.php?rest_route=\/wp\/v2\/posts\/49763\/revisions\/49765"}],"wp:featuredmedia":[{"embeddable":true,"href":"https:\/\/radiorevelacionfm.cl\/index.php?rest_route=\/wp\/v2\/media\/49764"}],"wp:attachment":[{"href":"https:\/\/radiorevelacionfm.cl\/index.php?rest_route=%2Fwp%2Fv2%2Fmedia&parent=49763"}],"wp:term":[{"taxonomy":"category","embeddable":true,"href":"https:\/\/radiorevelacionfm.cl\/index.php?rest_route=%2Fwp%2Fv2%2Fcategories&post=49763"},{"taxonomy":"post_tag","embeddable":true,"href":"https:\/\/radiorevelacionfm.cl\/index.php?rest_route=%2Fwp%2Fv2%2Ftags&post=49763"}],"curies":[{"name":"wp","href":"https:\/\/api.w.org\/{rel}","templated":true}]}}