{"id":49760,"date":"2025-01-18T11:54:39","date_gmt":"2025-01-18T14:54:39","guid":{"rendered":"https:\/\/radiorevelacionfm.cl\/?p=49760"},"modified":"2025-01-18T11:54:39","modified_gmt":"2025-01-18T14:54:39","slug":"servicio-de-salud-aysen-cumple-historica-ejecucion-presupuestaria-en-el-ano-2024","status":"publish","type":"post","link":"https:\/\/radiorevelacionfm.cl\/?p=49760","title":{"rendered":"Servicio de Salud Ays\u00e9n cumple hist\u00f3rica ejecuci\u00f3n presupuestaria en el a\u00f1o 2024"},"content":{"rendered":"<div class=\"flex_column av_one_full  flex_column_div av-zero-column-padding first  avia-builder-el-0  el_before_av_one_full  avia-builder-el-first  \" style='border-radius:0px; '><div  class='avia-image-container  av-styling-    avia-builder-el-1  avia-builder-el-no-sibling  avia-align-center '  itemprop=\"image\" itemscope=\"itemscope\" itemtype=\"https:\/\/schema.org\/ImageObject\"  ><div class='avia-image-container-inner'><div class='avia-image-overlay-wrap'><img decoding=\"async\" class='wp-image-49761 avia-img-lazy-loading-not-49761 avia_image' src=\"https:\/\/radiorevelacionfm.cl\/wp-content\/uploads\/2025\/01\/SSA-2-1-1.jpeg\" alt='' title='SSA (2) (1) (1)' height=\"600\" width=\"900\"  itemprop=\"thumbnailUrl\" srcset=\"https:\/\/radiorevelacionfm.cl\/wp-content\/uploads\/2025\/01\/SSA-2-1-1.jpeg 900w, https:\/\/radiorevelacionfm.cl\/wp-content\/uploads\/2025\/01\/SSA-2-1-1-300x200.jpeg 300w, https:\/\/radiorevelacionfm.cl\/wp-content\/uploads\/2025\/01\/SSA-2-1-1-768x512.jpeg 768w, https:\/\/radiorevelacionfm.cl\/wp-content\/uploads\/2025\/01\/SSA-2-1-1-705x470.jpeg 705w, https:\/\/radiorevelacionfm.cl\/wp-content\/uploads\/2025\/01\/SSA-2-1-1-450x300.jpeg 450w, https:\/\/radiorevelacionfm.cl\/wp-content\/uploads\/2025\/01\/SSA-2-1-1-600x400.jpeg 600w\" sizes=\"(max-width: 900px) 100vw, 900px\" \/><\/div><\/div><\/div><\/div><div class=\"flex_column av_one_full  flex_column_div av-zero-column-padding first  avia-builder-el-2  el_after_av_one_full  el_before_av_one_full  column-top-margin\" style='border-radius:0px; '><section class=\"av_textblock_section \"  itemscope=\"itemscope\" itemtype=\"https:\/\/schema.org\/BlogPosting\" itemprop=\"blogPost\" ><div class='avia_textblock  '   itemprop=\"text\" ><p style=\"text-align: center;\"><span style=\"font-size: 18pt;\"><b>Servicio de Salud Ays\u00e9n cumple hist\u00f3rica ejecuci\u00f3n presupuestaria en el a\u00f1o 2024<\/b><\/span><\/p>\n<div id=\"gtx-trans\" style=\"position: absolute; left: -50px; top: 4.31534px;\">\n<div class=\"gtx-trans-icon\"><\/div>\n<\/div>\n<\/div><\/section><\/div><div class=\"flex_column av_one_full  flex_column_div av-zero-column-padding first  avia-builder-el-4  el_after_av_one_full  el_before_av_hr  column-top-margin\" style='border-radius:0px; '><section class=\"av_textblock_section \"  itemscope=\"itemscope\" itemtype=\"https:\/\/schema.org\/BlogPosting\" itemprop=\"blogPost\" ><div class='avia_textblock  '   itemprop=\"text\" ><p style=\"font-weight: 400; text-align: justify;\">Una ejecuci\u00f3n cercana al 100% tuvo el Servicio de Salud Ays\u00e9n (SSA) en materia de compra de bienes y servicios durante el a\u00f1o 2024, lo que le permite una buena posici\u00f3n para negociar eventuales incrementos presupuestarios para este a\u00f1o y es el reflejo del buen trabajo realizado durante el \u00faltimo a\u00f1o.<\/p>\n<p style=\"font-weight: 400; text-align: justify;\">\u201cEn el subt\u00edtulo 22 que permite compra de bienes y servicios tuvimos un presupuesto del orden de 53 mil millones de pesos (\u2026) una ejecuci\u00f3n hist\u00f3rica no hab\u00edamos llegado a esos n\u00fameros\u201d, inform\u00f3 Patricio Vel\u00e1squez, Jefe (S) del Sub Departamento de Finanzas del SSA, quien destac\u00f3 el trabajo coordinado de las \u00e1reas de proyectos, abastecimiento y finanzas.<\/p>\n<p style=\"font-weight: 400; text-align: justify;\">Con estos resultados el SSA se encuentra en una mejor posici\u00f3n para negociar incrementos presupuestarios ante la autoridad nacional. \u201cEste a\u00f1o fuimos extremadamente eficientes y se utiliz\u00f3 todo el presupuesto que tuvimos disponible durante el a\u00f1o 2024, para nuestras distintas actividades y eso nos deja en muy buen pie ante la Subsecretar\u00eda de Redes y el Ministerio de Salud en general, para poder negociar para este a\u00f1o 2025 aumentos de presupuesto, dado que siempre es un an\u00e1lisis que est\u00e1 sobre la mesa al analizar la ejecuci\u00f3n del a\u00f1o anterior, por lo que esto nos pone en muy buen pie para recurrir a una eventual petici\u00f3n de aumento de presupuesto para este a\u00f1o que iniciamos\u201d, explic\u00f3 Vel\u00e1squez.<\/p>\n<p style=\"font-weight: 400; text-align: justify;\">En ese sentido cabe se\u00f1alar que el a\u00f1o pasado se generaron m\u00e1s de 30 modificaciones a la ley de presupuesto inicial, las que se realizan a trav\u00e9s de decretos que agregan recursos a las partidas originales.<\/p>\n<p style=\"font-weight: 400; text-align: justify;\">\u201cDestaco lo que se realiz\u00f3 durante el a\u00f1o 2024, ya que hubo una muy buena coordinaci\u00f3n, una mejor planificaci\u00f3n de compra, una apertura de los establecimientos a colaborar permanentemente con la Red, lo que nos permiti\u00f3 llegar al porcentaje cercano al 100%\u201d, precis\u00f3 por su parte Mauricio Cort\u00e9s, subdirector administrativo del SSA.<\/p>\n<p style=\"font-weight: 400; text-align: justify;\">El a\u00f1o 2024 hubo un importante recorte presupuestario, pero a\u00fan as\u00ed el Servicio de Salud logr\u00f3 cumplir con las acciones en cada establecimiento de salud de la regi\u00f3n, lo cual tambi\u00e9n fue destacado por Cort\u00e9s Molina. \u201cHist\u00f3ricamente nunca hab\u00edamos ejecutado la totalidad de los recursos PRAPS, los Programas de Reforzamiento de Atenci\u00f3n Primaria y eso es un hito importante, ya que involucra mucha coordinaci\u00f3n con los establecimientos, por lo tanto, ejecutar el 100% de la producci\u00f3n en cada establecimiento es muy meritorio\u201d, puntualiz\u00f3.<\/p>\n<p style=\"font-weight: 400; text-align: justify;\">El presupuesto inicial para el subt\u00edtulo 22 inicia para 2025 en los 37 mil millones aproximadamente y se incrementa durante el a\u00f1o de acuerdo al d\u00e9ficit que se proyecta.<\/p>\n<p style=\"font-weight: 400; text-align: justify;\">Los directivos agradecieron el compromiso de los establecimientos de la Red Asistencial y a las distintas \u00e1reas involucradas para lograr estas promisorias cifras.<\/p>\n<\/div><\/section><\/div><div  style='height:50px' class='hr hr-invisible   avia-builder-el-6  el_after_av_one_full  el_before_av_social_share '><span class='hr-inner ' ><span class='hr-inner-style'><\/span><\/span><\/div><\/p>\n<div  class='av-social-sharing-box  avia-builder-el-7  el_after_av_hr  el_before_av_hr  '><div class='av-share-box'><h5 class='av-share-link-description av-no-toc '>Compartir esta noticia<\/h5><ul class='av-share-box-list noLightbox'><li class='av-share-link av-social-link-facebook' ><a target=\"_blank\" aria-label=\"Compartir en Facebook\" href='https:\/\/www.facebook.com\/sharer.php?u=https:\/\/radiorevelacionfm.cl\/?p=49760&#038;t=Servicio%20de%20Salud%20Ays%C3%A9n%20cumple%20hist%C3%B3rica%20ejecuci%C3%B3n%20presupuestaria%20en%20el%20a%C3%B1o%202024' aria-hidden='false' data-av_icon='\ue8f3' data-av_iconfont='entypo-fontello' title='' data-avia-related-tooltip='Compartir en Facebook' rel=\"noopener\"><span class='avia_hidden_link_text'>Compartir en Facebook<\/span><\/a><\/li><li class='av-share-link av-social-link-twitter' ><a target=\"_blank\" aria-label=\"Compartir en Twitter\" href='https:\/\/twitter.com\/share?text=Servicio%20de%20Salud%20Ays%C3%A9n%20cumple%20hist%C3%B3rica%20ejecuci%C3%B3n%20presupuestaria%20en%20el%20a%C3%B1o%202024&#038;url=https:\/\/radiorevelacionfm.cl\/?p=49760' aria-hidden='false' data-av_icon='\ue8f1' data-av_iconfont='entypo-fontello' title='' data-avia-related-tooltip='Compartir en Twitter' rel=\"noopener\"><span class='avia_hidden_link_text'>Compartir en Twitter<\/span><\/a><\/li><li class='av-share-link av-social-link-whatsapp' ><a target=\"_blank\" aria-label=\"Compartir en Whatsapp\" href='https:\/\/api.whatsapp.com\/send?text=https:\/\/radiorevelacionfm.cl\/?p=49760' aria-hidden='false' data-av_icon='\uf232' data-av_iconfont='entypo-fontello' title='' data-avia-related-tooltip='Compartir en Whatsapp' rel=\"noopener\"><span class='avia_hidden_link_text'>Compartir en Whatsapp<\/span><\/a><\/li><li class='av-share-link av-social-link-linkedin' ><a target=\"_blank\" aria-label=\"Compartir en LinkedIn\" href='https:\/\/linkedin.com\/shareArticle?mini=true&#038;title=Servicio%20de%20Salud%20Ays%C3%A9n%20cumple%20hist%C3%B3rica%20ejecuci%C3%B3n%20presupuestaria%20en%20el%20a%C3%B1o%202024&#038;url=https:\/\/radiorevelacionfm.cl\/?p=49760' aria-hidden='false' data-av_icon='\ue8fc' data-av_iconfont='entypo-fontello' title='' data-avia-related-tooltip='Compartir en LinkedIn' rel=\"noopener\"><span class='avia_hidden_link_text'>Compartir en LinkedIn<\/span><\/a><\/li><li class='av-share-link av-social-link-mail' ><a  aria-label=\"Compartir por correo\" href='mailto:?subject=Servicio%20de%20Salud%20Ays%C3%A9n%20cumple%20hist%C3%B3rica%20ejecuci%C3%B3n%20presupuestaria%20en%20el%20a%C3%B1o%202024&#038;body=https:\/\/radiorevelacionfm.cl\/?p=49760' aria-hidden='false' data-av_icon='\ue805' data-av_iconfont='entypo-fontello' title='' data-avia-related-tooltip='Compartir por correo'><span class='avia_hidden_link_text'>Compartir por correo<\/span><\/a><\/li><\/ul><\/div><\/div>\n<div  style='height:50px' class='hr hr-invisible   avia-builder-el-8  el_after_av_social_share  el_before_av_comments_list '><span class='hr-inner ' ><span class='hr-inner-style'><\/span><\/span><\/div>\n<div  class='av-buildercomment  av-blog-meta-html-info-disabled av-blog-meta-tag-disabled  '><\/div>\n","protected":false},"excerpt":{"rendered":"","protected":false},"author":1,"featured_media":49761,"comment_status":"open","ping_status":"open","sticky":false,"template":"","format":"standard","meta":{"footnotes":""},"categories":[46],"tags":[],"class_list":["post-49760","post","type-post","status-publish","format-standard","has-post-thumbnail","hentry","category-salud"],"jetpack_featured_media_url":"https:\/\/radiorevelacionfm.cl\/wp-content\/uploads\/2025\/01\/SSA-2-1-1.jpeg","_links":{"self":[{"href":"https:\/\/radiorevelacionfm.cl\/index.php?rest_route=\/wp\/v2\/posts\/49760","targetHints":{"allow":["GET"]}}],"collection":[{"href":"https:\/\/radiorevelacionfm.cl\/index.php?rest_route=\/wp\/v2\/posts"}],"about":[{"href":"https:\/\/radiorevelacionfm.cl\/index.php?rest_route=\/wp\/v2\/types\/post"}],"author":[{"embeddable":true,"href":"https:\/\/radiorevelacionfm.cl\/index.php?rest_route=\/wp\/v2\/users\/1"}],"replies":[{"embeddable":true,"href":"https:\/\/radiorevelacionfm.cl\/index.php?rest_route=%2Fwp%2Fv2%2Fcomments&post=49760"}],"version-history":[{"count":1,"href":"https:\/\/radiorevelacionfm.cl\/index.php?rest_route=\/wp\/v2\/posts\/49760\/revisions"}],"predecessor-version":[{"id":49762,"href":"https:\/\/radiorevelacionfm.cl\/index.php?rest_route=\/wp\/v2\/posts\/49760\/revisions\/49762"}],"wp:featuredmedia":[{"embeddable":true,"href":"https:\/\/radiorevelacionfm.cl\/index.php?rest_route=\/wp\/v2\/media\/49761"}],"wp:attachment":[{"href":"https:\/\/radiorevelacionfm.cl\/index.php?rest_route=%2Fwp%2Fv2%2Fmedia&parent=49760"}],"wp:term":[{"taxonomy":"category","embeddable":true,"href":"https:\/\/radiorevelacionfm.cl\/index.php?rest_route=%2Fwp%2Fv2%2Fcategories&post=49760"},{"taxonomy":"post_tag","embeddable":true,"href":"https:\/\/radiorevelacionfm.cl\/index.php?rest_route=%2Fwp%2Fv2%2Ftags&post=49760"}],"curies":[{"name":"wp","href":"https:\/\/api.w.org\/{rel}","templated":true}]}}