{"id":49757,"date":"2025-01-20T11:28:52","date_gmt":"2025-01-20T14:28:52","guid":{"rendered":"https:\/\/radiorevelacionfm.cl\/?p=49757"},"modified":"2025-01-20T11:29:10","modified_gmt":"2025-01-20T14:29:10","slug":"tres-proyectos-regionales-que-buscan-acercar-la-ciencia-a-la-comunidad-seran-financiados-por-el-minciencia","status":"publish","type":"post","link":"https:\/\/radiorevelacionfm.cl\/?p=49757","title":{"rendered":"Tres proyectos regionales que buscan acercar la ciencia a la comunidad ser\u00e1n financiados por el MinCiencia"},"content":{"rendered":"<div class=\"flex_column av_one_full  flex_column_div av-zero-column-padding first  avia-builder-el-0  el_before_av_one_full  avia-builder-el-first  \" style='border-radius:0px; '><div  class='avia-image-container  av-styling-    avia-builder-el-1  avia-builder-el-no-sibling  avia-align-center '  itemprop=\"image\" itemscope=\"itemscope\" itemtype=\"https:\/\/schema.org\/ImageObject\"  ><div class='avia-image-container-inner'><div class='avia-image-overlay-wrap'><img decoding=\"async\" class='wp-image-49758 avia-img-lazy-loading-not-49758 avia_image' src=\"https:\/\/radiorevelacionfm.cl\/wp-content\/uploads\/2025\/01\/CP23-DIVULGACION-1024x576-1-1.jpg\" alt='' title='CP23-DIVULGACION-1024x576 (1) (1)' height=\"600\" width=\"1067\"  itemprop=\"thumbnailUrl\" srcset=\"https:\/\/radiorevelacionfm.cl\/wp-content\/uploads\/2025\/01\/CP23-DIVULGACION-1024x576-1-1.jpg 1067w, https:\/\/radiorevelacionfm.cl\/wp-content\/uploads\/2025\/01\/CP23-DIVULGACION-1024x576-1-1-300x169.jpg 300w, https:\/\/radiorevelacionfm.cl\/wp-content\/uploads\/2025\/01\/CP23-DIVULGACION-1024x576-1-1-1030x579.jpg 1030w, https:\/\/radiorevelacionfm.cl\/wp-content\/uploads\/2025\/01\/CP23-DIVULGACION-1024x576-1-1-768x432.jpg 768w, https:\/\/radiorevelacionfm.cl\/wp-content\/uploads\/2025\/01\/CP23-DIVULGACION-1024x576-1-1-705x396.jpg 705w, https:\/\/radiorevelacionfm.cl\/wp-content\/uploads\/2025\/01\/CP23-DIVULGACION-1024x576-1-1-450x253.jpg 450w, https:\/\/radiorevelacionfm.cl\/wp-content\/uploads\/2025\/01\/CP23-DIVULGACION-1024x576-1-1-600x337.jpg 600w\" sizes=\"(max-width: 1067px) 100vw, 1067px\" \/><\/div><\/div><\/div><\/div><div class=\"flex_column av_one_full  flex_column_div av-zero-column-padding first  avia-builder-el-2  el_after_av_one_full  el_before_av_one_full  column-top-margin\" style='border-radius:0px; '><section class=\"av_textblock_section \"  itemscope=\"itemscope\" itemtype=\"https:\/\/schema.org\/BlogPosting\" itemprop=\"blogPost\" ><div class='avia_textblock  '   itemprop=\"text\" ><p style=\"text-align: center;\"><span style=\"font-size: 18pt;\"><b><span lang=\"es\">Tres proyectos regionales que buscan acercar la ciencia a la comunidad ser\u00e1n financiados por el MinCiencia<\/span><\/b><\/span><\/p>\n<div id=\"gtx-trans\" style=\"position: absolute; left: -50px; top: 4.31534px;\">\n<div class=\"gtx-trans-icon\"><\/div>\n<\/div>\n<\/div><\/section><\/div><div class=\"flex_column av_one_full  flex_column_div av-zero-column-padding first  avia-builder-el-4  el_after_av_one_full  el_before_av_hr  column-top-margin\" style='border-radius:0px; '><section class=\"av_textblock_section \"  itemscope=\"itemscope\" itemtype=\"https:\/\/schema.org\/BlogPosting\" itemprop=\"blogPost\" ><div class='avia_textblock  '   itemprop=\"text\" ><p style=\"text-align: justify;\"><em>Un libro con refranes populares sobre el cielo marinense de Puerto Ra\u00fal Mar\u00edn Balmaceda; actividades inmersivas para promover el valor de las turberas; y una serie documental sobre el cambio clim\u00e1tico en la regi\u00f3n son las iniciativas que recibir\u00e1n financiamiento del programa Ciencia P\u00fablica del ministerio.<\/em><\/p>\n<p style=\"text-align: justify;\">Hace algunos d\u00edas el Ministerio de Ciencia, Tecnolog\u00eda, Conocimiento e Innovaci\u00f3n (MinCiencia), dio a conocer las iniciativas adjudicadas en las tres categor\u00edas de los Concursos Ciencia P\u00fablica:\u00a0<em>Experiencias de Comunicaci\u00f3n de Conocimientos en Espacios Regionales<\/em><em>,\u00a0Dispositivos de Comunicaci\u00f3n de Conocimientos y Laboratorio Ciencia P\u00fablica de Proyectos Comunitarios<\/em>.\u00a0De los 41 proyectos seleccionados a nivel nacional, tres ser\u00e1n ejecutados este 2025 en la regi\u00f3n de Ays\u00e9n asociados a diversas tem\u00e1ticas que buscan descentralizar la difusi\u00f3n del conocimiento.<\/p>\n<p style=\"text-align: justify;\">En relaci\u00f3n a esta adjudicaci\u00f3n la seremi de Ciencia, Ver\u00f3nica Vallejos, felicit\u00f3 a quienes ganaron y recalc\u00f3 la importancia de crear instancias que permitan que la ciudadan\u00eda se apropie de los conocimientos que se generan en los territorios. \u201cEl programa Ciencia P\u00fablica tiene como objetivo promover la socializaci\u00f3n de los conocimientos y ampliarlos p\u00fablicamente, considerando temas de inter\u00e9s con pertinencia regional. Para esto, es vital la articulaci\u00f3n entre diversos actores e instituciones encargadas de generar instancias o crear herramientas que de forma efectiva acerquen los saberes y conocimientos cient\u00edficos y tecnol\u00f3gicos a las personas, fomentando el reconocimiento del entorno que habitan, y estimulando el pensamiento cr\u00edtico\u201d.<\/p>\n<p style=\"text-align: justify;\">Correspondiente a la categor\u00eda\u00a0<em>Experiencias de Comunicaci\u00f3n de Conocimientos en Espacios Regionales<\/em><em>,<\/em>\u00a0y con un monto de $22 millones, el proyecto del INIA Tamel Aike, \u201cTurberas: Un tesoro escondido en la Patagonia\u201d, busca proporcionar a los participantes una experiencia inmersiva para promover el valor de las turberas.<\/p>\n<p style=\"text-align: justify;\">Por su parte, \u201cHistorias de cambios: datos y relatos del cambio clim\u00e1tico en Ays\u00e9n\u201d presentado por el investigador Luis G\u00f3mez Parada, se enmarca en la categor\u00eda\u00a0<em>Dispositivos de Comunicaci\u00f3n de Conocimientos<\/em>\u00a0y corresponde a una serie documental y una gu\u00eda t\u00e9cnica digital que aborda el cambio clim\u00e1tico en Ays\u00e9n, a partir de relatos de sus habitantes y datos de investigaciones cient\u00edficas que abordan el fen\u00f3meno desde diferentes aristas. \u00c9ste cuenta con un financiamiento de aproximadamente $25 millones.<\/p>\n<p style=\"text-align: justify;\">En la nueva versi\u00f3n de la categor\u00eda\u00a0<em>Laboratorio Ciencia P\u00fablica de Proyectos Comunitarios<\/em>, que tiene modificaciones como la creaci\u00f3n de un programa de mentor\u00edas a cargo de una consultora externa, el colectivo Mujer Austral recibir\u00e1 $8 millones para ejecutar su proyecto \u201cRefranes del Cielo\u201d, que busca poner en valor el conocimiento local de la comunidad de Puerto Ra\u00fal Mar\u00edn Balmaceda asociado a su cielo, a trav\u00e9s de un libro de cuentos ilustrado que albergar\u00e1 los refranes populares del lugar, el que tambi\u00e9n contar\u00e1 con cuentos y apartados l\u00fadicos de divulgaci\u00f3n cient\u00edfica.<\/p>\n<p style=\"text-align: justify;\">A nivel nacional el ministerio entregar\u00e1 $1.100 millones para la ejecuci\u00f3n de los proyectos. Sobre esta inversi\u00f3n la ministra de la cartera, Ais\u00e9n Etcheverry, coment\u00f3 que \u201clos proyectos de nuestro programa Ciencia P\u00fablica, en sus tres l\u00edneas, cumplen un rol fundamental: acercar la ciencia, la tecnolog\u00eda y los conocimientos a la sociedad, a las comunidades y a los centros culturales de distintas formas. Es importante porque el fomento del pensamiento cr\u00edtico es clave para los desaf\u00edos que hoy vivimos. Necesitamos una ciudadan\u00eda que se haga muchas preguntas, que busque respuestas, por ejemplo, frente a tecnolog\u00edas como la inteligencia artificial. Y ese pensamiento cr\u00edtico, lo sabemos, se desarrolla fuertemente con las herramientas que nos entrega la ciencia\u201d.<\/p>\n<p style=\"text-align: justify;\">\u201cEn todas las regiones del pa\u00eds se desarrollar\u00e1 al menos uno de estos 41 proyectos. Esto es un ejemplo de descentralizaci\u00f3n, uno de los pilares de nuestro ministerio y est\u00e1 en l\u00ednea con el fortalecimiento de las capacidades de ciencia, tecnolog\u00eda, conocimiento e innovaci\u00f3n desde y para los territorios. Varios de estos proyectos apuntan a rescatar los conocimientos ancestrales. La ciencia es una herramienta que permite mejorar la convivencia social y avanzar hacia un desarrollo sostenible\u201d, concluy\u00f3 el subsecretario del MinCiencia, Cristian Cuevas.<\/p>\n<\/div><\/section><\/div><div  style='height:50px' class='hr hr-invisible   avia-builder-el-6  el_after_av_one_full  el_before_av_social_share '><span class='hr-inner ' ><span class='hr-inner-style'><\/span><\/span><\/div><\/p>\n<div  class='av-social-sharing-box  avia-builder-el-7  el_after_av_hr  el_before_av_hr  '><div class='av-share-box'><h5 class='av-share-link-description av-no-toc '>Compartir esta noticia<\/h5><ul class='av-share-box-list noLightbox'><li class='av-share-link av-social-link-facebook' ><a target=\"_blank\" aria-label=\"Compartir en Facebook\" href='https:\/\/www.facebook.com\/sharer.php?u=https:\/\/radiorevelacionfm.cl\/?p=49757&#038;t=Tres%20proyectos%20regionales%20que%20buscan%20acercar%20la%20ciencia%20a%20la%20comunidad%20ser%C3%A1n%20financiados%20por%20el%20MinCiencia' aria-hidden='false' data-av_icon='\ue8f3' data-av_iconfont='entypo-fontello' title='' data-avia-related-tooltip='Compartir en Facebook' rel=\"noopener\"><span class='avia_hidden_link_text'>Compartir en Facebook<\/span><\/a><\/li><li class='av-share-link av-social-link-twitter' ><a target=\"_blank\" aria-label=\"Compartir en Twitter\" href='https:\/\/twitter.com\/share?text=Tres%20proyectos%20regionales%20que%20buscan%20acercar%20la%20ciencia%20a%20la%20comunidad%20ser%C3%A1n%20financiados%20por%20el%20MinCiencia&#038;url=https:\/\/radiorevelacionfm.cl\/?p=49757' aria-hidden='false' data-av_icon='\ue8f1' data-av_iconfont='entypo-fontello' title='' data-avia-related-tooltip='Compartir en Twitter' rel=\"noopener\"><span class='avia_hidden_link_text'>Compartir en Twitter<\/span><\/a><\/li><li class='av-share-link av-social-link-whatsapp' ><a target=\"_blank\" aria-label=\"Compartir en Whatsapp\" href='https:\/\/api.whatsapp.com\/send?text=https:\/\/radiorevelacionfm.cl\/?p=49757' aria-hidden='false' data-av_icon='\uf232' data-av_iconfont='entypo-fontello' title='' data-avia-related-tooltip='Compartir en Whatsapp' rel=\"noopener\"><span class='avia_hidden_link_text'>Compartir en Whatsapp<\/span><\/a><\/li><li class='av-share-link av-social-link-linkedin' ><a target=\"_blank\" aria-label=\"Compartir en LinkedIn\" href='https:\/\/linkedin.com\/shareArticle?mini=true&#038;title=Tres%20proyectos%20regionales%20que%20buscan%20acercar%20la%20ciencia%20a%20la%20comunidad%20ser%C3%A1n%20financiados%20por%20el%20MinCiencia&#038;url=https:\/\/radiorevelacionfm.cl\/?p=49757' aria-hidden='false' data-av_icon='\ue8fc' data-av_iconfont='entypo-fontello' title='' data-avia-related-tooltip='Compartir en LinkedIn' rel=\"noopener\"><span class='avia_hidden_link_text'>Compartir en LinkedIn<\/span><\/a><\/li><li class='av-share-link av-social-link-mail' ><a  aria-label=\"Compartir por correo\" href='mailto:?subject=Tres%20proyectos%20regionales%20que%20buscan%20acercar%20la%20ciencia%20a%20la%20comunidad%20ser%C3%A1n%20financiados%20por%20el%20MinCiencia&#038;body=https:\/\/radiorevelacionfm.cl\/?p=49757' aria-hidden='false' data-av_icon='\ue805' data-av_iconfont='entypo-fontello' title='' data-avia-related-tooltip='Compartir por correo'><span class='avia_hidden_link_text'>Compartir por correo<\/span><\/a><\/li><\/ul><\/div><\/div>\n<div  style='height:50px' class='hr hr-invisible   avia-builder-el-8  el_after_av_social_share  el_before_av_comments_list '><span class='hr-inner ' ><span class='hr-inner-style'><\/span><\/span><\/div>\n<div  class='av-buildercomment  av-blog-meta-html-info-disabled av-blog-meta-tag-disabled  '><\/div>\n","protected":false},"excerpt":{"rendered":"","protected":false},"author":1,"featured_media":49758,"comment_status":"open","ping_status":"open","sticky":false,"template":"","format":"standard","meta":{"footnotes":""},"categories":[53],"tags":[],"class_list":["post-49757","post","type-post","status-publish","format-standard","has-post-thumbnail","hentry","category-ciencia"],"jetpack_featured_media_url":"https:\/\/radiorevelacionfm.cl\/wp-content\/uploads\/2025\/01\/CP23-DIVULGACION-1024x576-1-1.jpg","_links":{"self":[{"href":"https:\/\/radiorevelacionfm.cl\/index.php?rest_route=\/wp\/v2\/posts\/49757","targetHints":{"allow":["GET"]}}],"collection":[{"href":"https:\/\/radiorevelacionfm.cl\/index.php?rest_route=\/wp\/v2\/posts"}],"about":[{"href":"https:\/\/radiorevelacionfm.cl\/index.php?rest_route=\/wp\/v2\/types\/post"}],"author":[{"embeddable":true,"href":"https:\/\/radiorevelacionfm.cl\/index.php?rest_route=\/wp\/v2\/users\/1"}],"replies":[{"embeddable":true,"href":"https:\/\/radiorevelacionfm.cl\/index.php?rest_route=%2Fwp%2Fv2%2Fcomments&post=49757"}],"version-history":[{"count":1,"href":"https:\/\/radiorevelacionfm.cl\/index.php?rest_route=\/wp\/v2\/posts\/49757\/revisions"}],"predecessor-version":[{"id":49759,"href":"https:\/\/radiorevelacionfm.cl\/index.php?rest_route=\/wp\/v2\/posts\/49757\/revisions\/49759"}],"wp:featuredmedia":[{"embeddable":true,"href":"https:\/\/radiorevelacionfm.cl\/index.php?rest_route=\/wp\/v2\/media\/49758"}],"wp:attachment":[{"href":"https:\/\/radiorevelacionfm.cl\/index.php?rest_route=%2Fwp%2Fv2%2Fmedia&parent=49757"}],"wp:term":[{"taxonomy":"category","embeddable":true,"href":"https:\/\/radiorevelacionfm.cl\/index.php?rest_route=%2Fwp%2Fv2%2Fcategories&post=49757"},{"taxonomy":"post_tag","embeddable":true,"href":"https:\/\/radiorevelacionfm.cl\/index.php?rest_route=%2Fwp%2Fv2%2Ftags&post=49757"}],"curies":[{"name":"wp","href":"https:\/\/api.w.org\/{rel}","templated":true}]}}