{"id":49754,"date":"2025-01-17T20:24:16","date_gmt":"2025-01-17T23:24:16","guid":{"rendered":"https:\/\/radiorevelacionfm.cl\/?p=49754"},"modified":"2025-01-17T20:24:16","modified_gmt":"2025-01-17T23:24:16","slug":"comienza-segunda-etapa-de-consulta-indigena-sobre-areas-protegidas-y-sitios-prioritarios","status":"publish","type":"post","link":"https:\/\/radiorevelacionfm.cl\/?p=49754","title":{"rendered":"Comienza segunda etapa de consulta ind\u00edgena sobre \u00e1reas protegidas y sitios prioritarios"},"content":{"rendered":"<div class=\"flex_column av_one_full  flex_column_div av-zero-column-padding first  avia-builder-el-0  el_before_av_one_full  avia-builder-el-first  \" style='border-radius:0px; '><div  class='avia-image-container  av-styling-    avia-builder-el-1  avia-builder-el-no-sibling  avia-align-center '  itemprop=\"image\" itemscope=\"itemscope\" itemtype=\"https:\/\/schema.org\/ImageObject\"  ><div class='avia-image-container-inner'><div class='avia-image-overlay-wrap'><img decoding=\"async\" class='wp-image-49755 avia-img-lazy-loading-not-49755 avia_image' src=\"https:\/\/radiorevelacionfm.cl\/wp-content\/uploads\/2025\/01\/Plantilla-1-1.jpg\" alt='' title='Plantilla (1) (1)' height=\"600\" width=\"1067\"  itemprop=\"thumbnailUrl\" srcset=\"https:\/\/radiorevelacionfm.cl\/wp-content\/uploads\/2025\/01\/Plantilla-1-1.jpg 1067w, https:\/\/radiorevelacionfm.cl\/wp-content\/uploads\/2025\/01\/Plantilla-1-1-300x169.jpg 300w, https:\/\/radiorevelacionfm.cl\/wp-content\/uploads\/2025\/01\/Plantilla-1-1-1030x579.jpg 1030w, https:\/\/radiorevelacionfm.cl\/wp-content\/uploads\/2025\/01\/Plantilla-1-1-768x432.jpg 768w, https:\/\/radiorevelacionfm.cl\/wp-content\/uploads\/2025\/01\/Plantilla-1-1-705x396.jpg 705w, https:\/\/radiorevelacionfm.cl\/wp-content\/uploads\/2025\/01\/Plantilla-1-1-450x253.jpg 450w, https:\/\/radiorevelacionfm.cl\/wp-content\/uploads\/2025\/01\/Plantilla-1-1-600x337.jpg 600w\" sizes=\"(max-width: 1067px) 100vw, 1067px\" \/><\/div><\/div><\/div><\/div><div class=\"flex_column av_one_full  flex_column_div av-zero-column-padding first  avia-builder-el-2  el_after_av_one_full  el_before_av_one_full  column-top-margin\" style='border-radius:0px; '><section class=\"av_textblock_section \"  itemscope=\"itemscope\" itemtype=\"https:\/\/schema.org\/BlogPosting\" itemprop=\"blogPost\" ><div class='avia_textblock  '   itemprop=\"text\" ><p style=\"text-align: center;\"><strong><span style=\"font-size: 18pt;\">Comienza segunda etapa de consulta ind\u00edgena sobre \u00e1reas protegidas y sitios prioritarios<\/span><\/strong><\/p>\n<div id=\"gtx-trans\" style=\"position: absolute; left: -50px; top: 4.31534px;\">\n<div class=\"gtx-trans-icon\"><\/div>\n<\/div>\n<\/div><\/section><\/div><div class=\"flex_column av_one_full  flex_column_div av-zero-column-padding first  avia-builder-el-4  el_after_av_one_full  el_before_av_hr  column-top-margin\" style='border-radius:0px; '><section class=\"av_textblock_section \"  itemscope=\"itemscope\" itemtype=\"https:\/\/schema.org\/BlogPosting\" itemprop=\"blogPost\" ><div class='avia_textblock  '   itemprop=\"text\" ><p style=\"text-align: justify;\">Luego del despliegue regional realizado a fines de 2024 por parte de la SEREMI del Medio Ambiente, consistente en el primer acercamiento a comunidades y organizaciones ind\u00edgenas, el Seremi del Medio Ambiente, anunci\u00f3 el inicio de la segunda etapa del proceso que considera la entrega de informaci\u00f3n de la Consulta Ind\u00edgena sobre diversas materias, que ser\u00e1n reguladas en los futuros reglamentos sobre \u00c1reas Protegidas y Sitios Prioritarios y que fueron establecidos en la denominada \u201cLey para la Naturaleza\u201d.<\/p>\n<p style=\"text-align: justify;\">\u201cEn nuestro primer despliegue pudimos compartir y dialogar con las comunidades ind\u00edgenas de nuestra regi\u00f3n, y as\u00ed tambi\u00e9n acordar la forma en que abordar\u00edamos cada una de las materias que queremos someter a consulta. En esta nueva etapa nos reuniremos a entregar la informaci\u00f3n pertinente para este amplio proceso que en las pr\u00f3ximas etapas nos va a permitir recoger la voz, las experiencias y los saberes de los pueblos ind\u00edgenas que ancestralmente han estado conviviendo en medio de territorios y \u00e1reas de conservaci\u00f3n de la biodiversidad.\u201d, expres\u00f3 el Seremi, reiterando su invitaci\u00f3n a continuar participando activamente del proceso.<\/p>\n<p style=\"text-align: justify;\">La Ley para la Naturaleza, que crea el SBAP, establece la necesidad de elaborar reglamentos sobre \u00e1reas protegidas y de sitios prioritarios, para elaborar estos reglamentos se ha considerado el desarrollo de esta Consulta Ind\u00edgena a nivel nacional, que se ha presentado como una invitaci\u00f3n a organizaciones y comunidades ind\u00edgenas a participar de un di\u00e1logo con el objetivo llegar a un acuerdo acerca de medidas legislativas o administrativas susceptibles de afectarlos directamente y que, en este caso, provienen de la ley que cre\u00f3 el Servicio de Biodiversidad y \u00c1reas Protegidas (SBAP).<\/p>\n<p style=\"text-align: justify;\">Durante la primera etapa de este proceso, el equipo de la Seremi del Medio Ambiente de la Regi\u00f3n de Ays\u00e9n, realiz\u00f3 encuentros de planificaci\u00f3n, en las ciudades de Cochrane, Coyhaique, Puerto Ays\u00e9n, Villa Cerro Castillo, Puerto Cisnes, La Junta, Melinka, Chile Chico y Coyhaique, preparando el trabajo que se retomar\u00e1 este s\u00e1bado en la ciudad de Puerto Ays\u00e9n.<\/p>\n<p style=\"text-align: justify;\">La segunda etapa tiene por finalidad entregar todos los antecedentes de la medida a consultar a los pueblos ind\u00edgenas, considerando los motivos que la justifican, la naturaleza de la medida, su alcance e implicancias; considerando toda la informaci\u00f3n y documentaci\u00f3n que posee el Ministerio sobre las medidas a consultar, con el objetivo de resguardar que los pueblos ind\u00edgenas susceptibles de ser afectados por la medida comprendan, en su totalidad, los efectos de la medida a ser consultada.<\/p>\n<p style=\"text-align: justify;\">Esta etapa complementa y profundiza la primera reuni\u00f3n de la etapa de Planificaci\u00f3n, en donde se presentan y explican con mayor profundidad las medidas a consultar.<\/p>\n<p style=\"text-align: justify;\">El Seremi destac\u00f3 la importancia de que las comunidades sigan participando del proceso que en sus etapas futuras considera la deliberaci\u00f3n interna, para luego dialogar con el Estado, para lo que invit\u00f3 a las organizaciones y comunidades a mantenerse atentos al calendario de reuniones disponibles en <a href=\"http:\/\/consultaindigena.mma.gob.cl\">http:\/\/consultaindigena.mma.gob.cl<\/a>.<\/p>\n<\/div><\/section><\/div><div  style='height:50px' class='hr hr-invisible   avia-builder-el-6  el_after_av_one_full  el_before_av_social_share '><span class='hr-inner ' ><span class='hr-inner-style'><\/span><\/span><\/div><\/p>\n<div  class='av-social-sharing-box  avia-builder-el-7  el_after_av_hr  el_before_av_hr  '><div class='av-share-box'><h5 class='av-share-link-description av-no-toc '>Compartir esta noticia<\/h5><ul class='av-share-box-list noLightbox'><li class='av-share-link av-social-link-facebook' ><a target=\"_blank\" aria-label=\"Compartir en Facebook\" href='https:\/\/www.facebook.com\/sharer.php?u=https:\/\/radiorevelacionfm.cl\/?p=49754&#038;t=Comienza%20segunda%20etapa%20de%20consulta%20ind%C3%ADgena%20sobre%20%C3%A1reas%20protegidas%20y%20sitios%20prioritarios' aria-hidden='false' data-av_icon='\ue8f3' data-av_iconfont='entypo-fontello' title='' data-avia-related-tooltip='Compartir en Facebook' rel=\"noopener\"><span class='avia_hidden_link_text'>Compartir en Facebook<\/span><\/a><\/li><li class='av-share-link av-social-link-twitter' ><a target=\"_blank\" aria-label=\"Compartir en Twitter\" href='https:\/\/twitter.com\/share?text=Comienza%20segunda%20etapa%20de%20consulta%20ind%C3%ADgena%20sobre%20%C3%A1reas%20protegidas%20y%20sitios%20prioritarios&#038;url=https:\/\/radiorevelacionfm.cl\/?p=49754' aria-hidden='false' data-av_icon='\ue8f1' data-av_iconfont='entypo-fontello' title='' data-avia-related-tooltip='Compartir en Twitter' rel=\"noopener\"><span class='avia_hidden_link_text'>Compartir en Twitter<\/span><\/a><\/li><li class='av-share-link av-social-link-whatsapp' ><a target=\"_blank\" aria-label=\"Compartir en Whatsapp\" href='https:\/\/api.whatsapp.com\/send?text=https:\/\/radiorevelacionfm.cl\/?p=49754' aria-hidden='false' data-av_icon='\uf232' data-av_iconfont='entypo-fontello' title='' data-avia-related-tooltip='Compartir en Whatsapp' rel=\"noopener\"><span class='avia_hidden_link_text'>Compartir en Whatsapp<\/span><\/a><\/li><li class='av-share-link av-social-link-linkedin' ><a target=\"_blank\" aria-label=\"Compartir en LinkedIn\" href='https:\/\/linkedin.com\/shareArticle?mini=true&#038;title=Comienza%20segunda%20etapa%20de%20consulta%20ind%C3%ADgena%20sobre%20%C3%A1reas%20protegidas%20y%20sitios%20prioritarios&#038;url=https:\/\/radiorevelacionfm.cl\/?p=49754' aria-hidden='false' data-av_icon='\ue8fc' data-av_iconfont='entypo-fontello' title='' data-avia-related-tooltip='Compartir en LinkedIn' rel=\"noopener\"><span class='avia_hidden_link_text'>Compartir en LinkedIn<\/span><\/a><\/li><li class='av-share-link av-social-link-mail' ><a  aria-label=\"Compartir por correo\" href='mailto:?subject=Comienza%20segunda%20etapa%20de%20consulta%20ind%C3%ADgena%20sobre%20%C3%A1reas%20protegidas%20y%20sitios%20prioritarios&#038;body=https:\/\/radiorevelacionfm.cl\/?p=49754' aria-hidden='false' data-av_icon='\ue805' data-av_iconfont='entypo-fontello' title='' data-avia-related-tooltip='Compartir por correo'><span class='avia_hidden_link_text'>Compartir por correo<\/span><\/a><\/li><\/ul><\/div><\/div>\n<div  style='height:50px' class='hr hr-invisible   avia-builder-el-8  el_after_av_social_share  el_before_av_comments_list '><span class='hr-inner ' ><span class='hr-inner-style'><\/span><\/span><\/div>\n<div  class='av-buildercomment  av-blog-meta-html-info-disabled av-blog-meta-tag-disabled  '><\/div>\n","protected":false},"excerpt":{"rendered":"","protected":false},"author":1,"featured_media":49755,"comment_status":"open","ping_status":"open","sticky":false,"template":"","format":"standard","meta":{"footnotes":""},"categories":[38],"tags":[],"class_list":["post-49754","post","type-post","status-publish","format-standard","has-post-thumbnail","hentry","category-regional"],"jetpack_featured_media_url":"https:\/\/radiorevelacionfm.cl\/wp-content\/uploads\/2025\/01\/Plantilla-1-1.jpg","_links":{"self":[{"href":"https:\/\/radiorevelacionfm.cl\/index.php?rest_route=\/wp\/v2\/posts\/49754","targetHints":{"allow":["GET"]}}],"collection":[{"href":"https:\/\/radiorevelacionfm.cl\/index.php?rest_route=\/wp\/v2\/posts"}],"about":[{"href":"https:\/\/radiorevelacionfm.cl\/index.php?rest_route=\/wp\/v2\/types\/post"}],"author":[{"embeddable":true,"href":"https:\/\/radiorevelacionfm.cl\/index.php?rest_route=\/wp\/v2\/users\/1"}],"replies":[{"embeddable":true,"href":"https:\/\/radiorevelacionfm.cl\/index.php?rest_route=%2Fwp%2Fv2%2Fcomments&post=49754"}],"version-history":[{"count":1,"href":"https:\/\/radiorevelacionfm.cl\/index.php?rest_route=\/wp\/v2\/posts\/49754\/revisions"}],"predecessor-version":[{"id":49756,"href":"https:\/\/radiorevelacionfm.cl\/index.php?rest_route=\/wp\/v2\/posts\/49754\/revisions\/49756"}],"wp:featuredmedia":[{"embeddable":true,"href":"https:\/\/radiorevelacionfm.cl\/index.php?rest_route=\/wp\/v2\/media\/49755"}],"wp:attachment":[{"href":"https:\/\/radiorevelacionfm.cl\/index.php?rest_route=%2Fwp%2Fv2%2Fmedia&parent=49754"}],"wp:term":[{"taxonomy":"category","embeddable":true,"href":"https:\/\/radiorevelacionfm.cl\/index.php?rest_route=%2Fwp%2Fv2%2Fcategories&post=49754"},{"taxonomy":"post_tag","embeddable":true,"href":"https:\/\/radiorevelacionfm.cl\/index.php?rest_route=%2Fwp%2Fv2%2Ftags&post=49754"}],"curies":[{"name":"wp","href":"https:\/\/api.w.org\/{rel}","templated":true}]}}