{"id":49751,"date":"2025-01-17T18:08:41","date_gmt":"2025-01-17T21:08:41","guid":{"rendered":"https:\/\/radiorevelacionfm.cl\/?p=49751"},"modified":"2025-01-17T18:08:41","modified_gmt":"2025-01-17T21:08:41","slug":"aysen-sera-sede-del-campeonato-nacional-de-futbol-rural-2025","status":"publish","type":"post","link":"https:\/\/radiorevelacionfm.cl\/?p=49751","title":{"rendered":"Ays\u00e9n ser\u00e1 sede del Campeonato Nacional de F\u00fatbol Rural 2025"},"content":{"rendered":"<div class=\"flex_column av_one_full  flex_column_div av-zero-column-padding first  avia-builder-el-0  el_before_av_one_full  avia-builder-el-first  \" style='border-radius:0px; '><div  class='avia-image-container  av-styling-    avia-builder-el-1  avia-builder-el-no-sibling  avia-align-center '  itemprop=\"image\" itemscope=\"itemscope\" itemtype=\"https:\/\/schema.org\/ImageObject\"  ><div class='avia-image-container-inner'><div class='avia-image-overlay-wrap'><img decoding=\"async\" class='wp-image-49752 avia-img-lazy-loading-not-49752 avia_image' src=\"https:\/\/radiorevelacionfm.cl\/wp-content\/uploads\/2025\/01\/estadio-aysen-1_optimized-1.jpg\" alt='' title='estadio-ays\u00e9n-(1)_optimized (1)' height=\"600\" width=\"1067\"  itemprop=\"thumbnailUrl\" srcset=\"https:\/\/radiorevelacionfm.cl\/wp-content\/uploads\/2025\/01\/estadio-aysen-1_optimized-1.jpg 1067w, https:\/\/radiorevelacionfm.cl\/wp-content\/uploads\/2025\/01\/estadio-aysen-1_optimized-1-300x169.jpg 300w, https:\/\/radiorevelacionfm.cl\/wp-content\/uploads\/2025\/01\/estadio-aysen-1_optimized-1-1030x579.jpg 1030w, https:\/\/radiorevelacionfm.cl\/wp-content\/uploads\/2025\/01\/estadio-aysen-1_optimized-1-768x432.jpg 768w, https:\/\/radiorevelacionfm.cl\/wp-content\/uploads\/2025\/01\/estadio-aysen-1_optimized-1-705x396.jpg 705w, https:\/\/radiorevelacionfm.cl\/wp-content\/uploads\/2025\/01\/estadio-aysen-1_optimized-1-450x253.jpg 450w, https:\/\/radiorevelacionfm.cl\/wp-content\/uploads\/2025\/01\/estadio-aysen-1_optimized-1-600x337.jpg 600w\" sizes=\"(max-width: 1067px) 100vw, 1067px\" \/><\/div><\/div><\/div><\/div><div class=\"flex_column av_one_full  flex_column_div av-zero-column-padding first  avia-builder-el-2  el_after_av_one_full  el_before_av_one_full  column-top-margin\" style='border-radius:0px; '><section class=\"av_textblock_section \"  itemscope=\"itemscope\" itemtype=\"https:\/\/schema.org\/BlogPosting\" itemprop=\"blogPost\" ><div class='avia_textblock  '   itemprop=\"text\" ><p style=\"text-align: center;\"><strong><span style=\"font-size: 18pt;\">Ays\u00e9n ser\u00e1 sede del Campeonato Nacional de F\u00fatbol Rural 2025<\/span><\/strong><\/p>\n<div id=\"gtx-trans\" style=\"position: absolute; left: -50px; top: 4.31534px;\">\n<div class=\"gtx-trans-icon\"><\/div>\n<\/div>\n<\/div><\/section><\/div><div class=\"flex_column av_one_full  flex_column_div av-zero-column-padding first  avia-builder-el-4  el_after_av_one_full  el_before_av_hr  column-top-margin\" style='border-radius:0px; '><section class=\"av_textblock_section \"  itemscope=\"itemscope\" itemtype=\"https:\/\/schema.org\/BlogPosting\" itemprop=\"blogPost\" ><div class='avia_textblock  '   itemprop=\"text\" ><p style=\"text-align: justify;\"><em>En una sesi\u00f3n extraordinaria del Concejo Municipal de Ays\u00e9n, los ediles aprobaron el traspaso de m\u00e1s de 37 millones de pesos para la realizaci\u00f3n de la competici\u00f3n. Esta llevar\u00e1 a 16 equipos nacionales a competir en las canchas de la comuna para disputar el t\u00edtulo del mejor del pa\u00eds.<\/em><\/p>\n<p style=\"text-align: justify;\">Despu\u00e9s de meses de trabajo por parte de la directiva de la Asociaci\u00f3n de Futbolistas Rurales de Ays\u00e9n, en el concejo extraordinario del d\u00eda 17 de enero, el alcalde y los concejales votaron a favor para brindar el apoyo econ\u00f3mico para la realizaci\u00f3n de la quinta versi\u00f3n del torneo nacional de f\u00fatbol rural en la comuna de Ays\u00e9n.<\/p>\n<p style=\"text-align: justify;\">Luis Mart\u00ednez, alcalde de Ays\u00e9n comenta que \u201cfue un trabajo arduo en nuestro equipo, de la Corporaci\u00f3n del Deporte y Presupuesto, para comenzar a buscar los recursos, a poder ayudarlos, ya que es un campeonato que debe costar en el orden de los 70 millones de pesos. El ANFUR ha trabajado para conseguir un lugar donde los futbolistas duerman, se trasladen, por lo que hay diferentes agentes que han apoyado, pero el municipio ha puesto hoy d\u00eda casi 40 millones de pesos para que se lleve a cabo de buena forma este campeonato de f\u00fatbol rural\u201d.<\/p>\n<p style=\"text-align: justify;\">Una competici\u00f3n que traer\u00e1 a los m\u00e1s aguerridos futbolistas de los campos y pueblos de Chile, comenzando por los clubes deportivos locales: Patagonia, R\u00edo El Salto, Pasarela y San Jorge. En cuanto a los visitantes, estos son: CD Bandera y CD San Juan de la regi\u00f3n Metropolitana, Luis L.Ratti de Arica y Parinacota, Pisagua de Tarapac\u00e1, Juventud Riquelme y Juventud Orval de Valpara\u00edso,\u00a0 San Jos\u00e9 de Cupo de antofagasta; Club O\u2019Higgins de Los R\u00edos, Deportivo El Blanco de la comuna de Coyhaique; adem\u00e1s de los campeones por confirmar de las regiones de Coquimbo y El Maule.<\/p>\n<p style=\"text-align: justify;\">La presidenta de la ANFUR Ays\u00e9n, Sof\u00eda Vargas, expres\u00f3 sus agradecimientos al Concejo, \u201cpara m\u00ed es un gran alivio, voy a llegar a comentarle a todos los jugadores, ya que estaban ansiosos de esperar este momento. Estoy totalmente agradecida del Concejo Municipal y el alcalde, porque ten\u00edan la gran responsabilidad de aprobar todo esto y de apoyarnos. Por todo lo que tuve que esforzarme, camin\u00e9 todo lo que no se pod\u00eda haber caminado tocando todas las puertas del mundo para que me puedan ayudar con este nacional, que total alberga casi 270 personas futbolistas\u201d.<\/p>\n<p style=\"text-align: justify;\">La directiva tambi\u00e9n est\u00e1 agradecida por la colaboraci\u00f3n de entidades como el Regimiento N\u00ba8 Chilo\u00e9 que facilitar\u00e1 varias literas para los visitantes, al igual que al SLEP, que prestar\u00e1 dependencias en las cuales se albergar\u00e1n parte de los 66 futbolistas que llegar\u00e1n a la comuna.<\/p>\n<p style=\"text-align: justify;\">Este campeonato tendr\u00e1 una duraci\u00f3n de 8 d\u00edas, comenzar\u00e1 el d\u00eda 25 de enero con el partido inaugural en el estadio ANFA de Puerto Ays\u00e9n a las 10:00 horas. El formato dividir\u00e1\u00a0 los 16 equipos en cuatro grupos, los cuales los cabeza de serie ser\u00e1n los equipos representantes locales y en el cual cada uno jugar\u00e1 en una de las sedes.<\/p>\n<p style=\"text-align: justify;\">Adem\u00e1s del campo de Puerto Ays\u00e9n, se utilizar\u00e1n el estadio de Villa Ma\u00f1ihuales, de Valle Verde (Kil\u00f3metro 10) y el de Puerto Chacabuco; lo cual significa que ser\u00e1 un campeonato descentralizado y se utilizar\u00e1n las mejores canchas de la comuna.<\/p>\n<\/div><\/section><\/div><div  style='height:50px' class='hr hr-invisible   avia-builder-el-6  el_after_av_one_full  el_before_av_social_share '><span class='hr-inner ' ><span class='hr-inner-style'><\/span><\/span><\/div><\/p>\n<div  class='av-social-sharing-box  avia-builder-el-7  el_after_av_hr  el_before_av_hr  '><div class='av-share-box'><h5 class='av-share-link-description av-no-toc '>Compartir esta noticia<\/h5><ul class='av-share-box-list noLightbox'><li class='av-share-link av-social-link-facebook' ><a target=\"_blank\" aria-label=\"Compartir en Facebook\" href='https:\/\/www.facebook.com\/sharer.php?u=https:\/\/radiorevelacionfm.cl\/?p=49751&#038;t=Ays%C3%A9n%20ser%C3%A1%20sede%20del%20Campeonato%20Nacional%20de%20F%C3%BAtbol%20Rural%202025' aria-hidden='false' data-av_icon='\ue8f3' data-av_iconfont='entypo-fontello' title='' data-avia-related-tooltip='Compartir en Facebook' rel=\"noopener\"><span class='avia_hidden_link_text'>Compartir en Facebook<\/span><\/a><\/li><li class='av-share-link av-social-link-twitter' ><a target=\"_blank\" aria-label=\"Compartir en Twitter\" href='https:\/\/twitter.com\/share?text=Ays%C3%A9n%20ser%C3%A1%20sede%20del%20Campeonato%20Nacional%20de%20F%C3%BAtbol%20Rural%202025&#038;url=https:\/\/radiorevelacionfm.cl\/?p=49751' aria-hidden='false' data-av_icon='\ue8f1' data-av_iconfont='entypo-fontello' title='' data-avia-related-tooltip='Compartir en Twitter' rel=\"noopener\"><span class='avia_hidden_link_text'>Compartir en Twitter<\/span><\/a><\/li><li class='av-share-link av-social-link-whatsapp' ><a target=\"_blank\" aria-label=\"Compartir en Whatsapp\" href='https:\/\/api.whatsapp.com\/send?text=https:\/\/radiorevelacionfm.cl\/?p=49751' aria-hidden='false' data-av_icon='\uf232' data-av_iconfont='entypo-fontello' title='' data-avia-related-tooltip='Compartir en Whatsapp' rel=\"noopener\"><span class='avia_hidden_link_text'>Compartir en Whatsapp<\/span><\/a><\/li><li class='av-share-link av-social-link-linkedin' ><a target=\"_blank\" aria-label=\"Compartir en LinkedIn\" href='https:\/\/linkedin.com\/shareArticle?mini=true&#038;title=Ays%C3%A9n%20ser%C3%A1%20sede%20del%20Campeonato%20Nacional%20de%20F%C3%BAtbol%20Rural%202025&#038;url=https:\/\/radiorevelacionfm.cl\/?p=49751' aria-hidden='false' data-av_icon='\ue8fc' data-av_iconfont='entypo-fontello' title='' data-avia-related-tooltip='Compartir en LinkedIn' rel=\"noopener\"><span class='avia_hidden_link_text'>Compartir en LinkedIn<\/span><\/a><\/li><li class='av-share-link av-social-link-mail' ><a  aria-label=\"Compartir por correo\" href='mailto:?subject=Ays%C3%A9n%20ser%C3%A1%20sede%20del%20Campeonato%20Nacional%20de%20F%C3%BAtbol%20Rural%202025&#038;body=https:\/\/radiorevelacionfm.cl\/?p=49751' aria-hidden='false' data-av_icon='\ue805' data-av_iconfont='entypo-fontello' title='' data-avia-related-tooltip='Compartir por correo'><span class='avia_hidden_link_text'>Compartir por correo<\/span><\/a><\/li><\/ul><\/div><\/div>\n<div  style='height:50px' class='hr hr-invisible   avia-builder-el-8  el_after_av_social_share  el_before_av_comments_list '><span class='hr-inner ' ><span class='hr-inner-style'><\/span><\/span><\/div>\n<div  class='av-buildercomment  av-blog-meta-html-info-disabled av-blog-meta-tag-disabled  '><\/div>\n","protected":false},"excerpt":{"rendered":"","protected":false},"author":1,"featured_media":49752,"comment_status":"open","ping_status":"open","sticky":false,"template":"","format":"standard","meta":{"footnotes":""},"categories":[40],"tags":[],"class_list":["post-49751","post","type-post","status-publish","format-standard","has-post-thumbnail","hentry","category-deportes"],"jetpack_featured_media_url":"https:\/\/radiorevelacionfm.cl\/wp-content\/uploads\/2025\/01\/estadio-aysen-1_optimized-1.jpg","_links":{"self":[{"href":"https:\/\/radiorevelacionfm.cl\/index.php?rest_route=\/wp\/v2\/posts\/49751","targetHints":{"allow":["GET"]}}],"collection":[{"href":"https:\/\/radiorevelacionfm.cl\/index.php?rest_route=\/wp\/v2\/posts"}],"about":[{"href":"https:\/\/radiorevelacionfm.cl\/index.php?rest_route=\/wp\/v2\/types\/post"}],"author":[{"embeddable":true,"href":"https:\/\/radiorevelacionfm.cl\/index.php?rest_route=\/wp\/v2\/users\/1"}],"replies":[{"embeddable":true,"href":"https:\/\/radiorevelacionfm.cl\/index.php?rest_route=%2Fwp%2Fv2%2Fcomments&post=49751"}],"version-history":[{"count":1,"href":"https:\/\/radiorevelacionfm.cl\/index.php?rest_route=\/wp\/v2\/posts\/49751\/revisions"}],"predecessor-version":[{"id":49753,"href":"https:\/\/radiorevelacionfm.cl\/index.php?rest_route=\/wp\/v2\/posts\/49751\/revisions\/49753"}],"wp:featuredmedia":[{"embeddable":true,"href":"https:\/\/radiorevelacionfm.cl\/index.php?rest_route=\/wp\/v2\/media\/49752"}],"wp:attachment":[{"href":"https:\/\/radiorevelacionfm.cl\/index.php?rest_route=%2Fwp%2Fv2%2Fmedia&parent=49751"}],"wp:term":[{"taxonomy":"category","embeddable":true,"href":"https:\/\/radiorevelacionfm.cl\/index.php?rest_route=%2Fwp%2Fv2%2Fcategories&post=49751"},{"taxonomy":"post_tag","embeddable":true,"href":"https:\/\/radiorevelacionfm.cl\/index.php?rest_route=%2Fwp%2Fv2%2Ftags&post=49751"}],"curies":[{"name":"wp","href":"https:\/\/api.w.org\/{rel}","templated":true}]}}