{"id":49748,"date":"2025-01-17T17:19:41","date_gmt":"2025-01-17T20:19:41","guid":{"rendered":"https:\/\/radiorevelacionfm.cl\/?p=49748"},"modified":"2025-01-17T17:19:41","modified_gmt":"2025-01-17T20:19:41","slug":"inauguran-exposicion-de-piezas-de-ceramica-inspiradas-en-la-naturaleza-de-chile-chico-y-el-parque-nacional-patagonia","status":"publish","type":"post","link":"https:\/\/radiorevelacionfm.cl\/?p=49748","title":{"rendered":"Inauguran exposici\u00f3n de piezas de cer\u00e1mica inspiradas en la naturaleza de Chile Chico y el Parque Nacional Patagonia"},"content":{"rendered":"<div class=\"flex_column av_one_full  flex_column_div av-zero-column-padding first  avia-builder-el-0  el_before_av_one_full  avia-builder-el-first  \" style='border-radius:0px; '><div  class='avia-image-container  av-styling-    avia-builder-el-1  avia-builder-el-no-sibling  avia-align-center '  itemprop=\"image\" itemscope=\"itemscope\" itemtype=\"https:\/\/schema.org\/ImageObject\"  ><div class='avia-image-container-inner'><div class='avia-image-overlay-wrap'><img decoding=\"async\" class='wp-image-49749 avia-img-lazy-loading-not-49749 avia_image' src=\"https:\/\/radiorevelacionfm.cl\/wp-content\/uploads\/2025\/01\/expo-chch-17-01-f-1_optimized.jpg\" alt='' title='expo-chch-17-01-f-(1)_optimized' height=\"600\" width=\"800\"  itemprop=\"thumbnailUrl\" srcset=\"https:\/\/radiorevelacionfm.cl\/wp-content\/uploads\/2025\/01\/expo-chch-17-01-f-1_optimized.jpg 800w, https:\/\/radiorevelacionfm.cl\/wp-content\/uploads\/2025\/01\/expo-chch-17-01-f-1_optimized-300x225.jpg 300w, https:\/\/radiorevelacionfm.cl\/wp-content\/uploads\/2025\/01\/expo-chch-17-01-f-1_optimized-768x576.jpg 768w, https:\/\/radiorevelacionfm.cl\/wp-content\/uploads\/2025\/01\/expo-chch-17-01-f-1_optimized-705x529.jpg 705w, https:\/\/radiorevelacionfm.cl\/wp-content\/uploads\/2025\/01\/expo-chch-17-01-f-1_optimized-450x338.jpg 450w, https:\/\/radiorevelacionfm.cl\/wp-content\/uploads\/2025\/01\/expo-chch-17-01-f-1_optimized-600x450.jpg 600w\" sizes=\"(max-width: 800px) 100vw, 800px\" \/><\/div><\/div><\/div><\/div><div class=\"flex_column av_one_full  flex_column_div av-zero-column-padding first  avia-builder-el-2  el_after_av_one_full  el_before_av_one_full  column-top-margin\" style='border-radius:0px; '><section class=\"av_textblock_section \"  itemscope=\"itemscope\" itemtype=\"https:\/\/schema.org\/BlogPosting\" itemprop=\"blogPost\" ><div class='avia_textblock  '   itemprop=\"text\" ><p style=\"text-align: center;\"><span style=\"font-size: 18pt;\"><strong>Inauguran exposici\u00f3n de piezas de cer\u00e1mica inspiradas en la naturaleza de Chile Chico y el Parque Nacional Patagonia<\/strong><\/span><\/p>\n<div id=\"gtx-trans\" style=\"position: absolute; left: -50px; top: 4.31534px;\">\n<div class=\"gtx-trans-icon\"><\/div>\n<\/div>\n<\/div><\/section><\/div><div class=\"flex_column av_one_full  flex_column_div av-zero-column-padding first  avia-builder-el-4  el_after_av_one_full  el_before_av_hr  column-top-margin\" style='border-radius:0px; '><section class=\"av_textblock_section \"  itemscope=\"itemscope\" itemtype=\"https:\/\/schema.org\/BlogPosting\" itemprop=\"blogPost\" ><div class='avia_textblock  '   itemprop=\"text\" ><p style=\"text-align: justify;\"><em>En una exhibici\u00f3n en la Casona Belga, 11 artesanas y creadoras locales mostraron el trabajo final de lo que fueron los talleres denominados \u201cLaboratorios Creativos: Cer\u00e1mica y Naturaleza\u201d donde la estepa patag\u00f3nica fue su principal inspiraci\u00f3n.<\/em><\/p>\n<p style=\"text-align: justify;\">La iniciativa desarrollada por el \u00e1rea de vinculaci\u00f3n comunitaria de la <em>Fundaci\u00f3n Rewilding Chile<\/em>, en su programa <em>Amigos del Parque Nacional Patagonia<\/em>, busc\u00f3 ense\u00f1ar y mejorar la t\u00e9cnica de vecinos interesados en la cer\u00e1mica, para fortalecer el sentido de orgullo con oficios ancestrales que son parte de la identidad de Chile Chico<strong>.<\/strong><\/p>\n<p style=\"text-align: justify;\">La estepa patag\u00f3nica, y el di\u00e1logo entre lo tradicional y lo contempor\u00e1neo fue la inspiraci\u00f3n para esta colecci\u00f3n. \u201c<em>Aires contempor\u00e1neos conectaron la arcilla con el paisaje dando vida a figuras que homenajean al radiante sol, la emblem\u00e1tica martineta, el sonoro viento, el inmenso lago, el cielo celeste y la flora nativa como el calafate<\/em>\u201d, fueron algunas de las palabras con que Pulso Austral y las participantes definieron la inspiraci\u00f3n de est\u00e1s piezas creadas por ellas en los \u00faltimos meses de 2024.<\/p>\n<p style=\"text-align: justify;\">Yamilet Burgos, Presidenta de la agrupaci\u00f3n <em>Ceramistas de la Patagonia<\/em> y participante de los talleres, destaca la convocatoria e impacto de los encuentros: \u201d<em>Lo que m\u00e1s me ha sorprendido y gustado es que se abri\u00f3 un espacio para la comunidad. Hubo gran inter\u00e9s en aprender cer\u00e1mica y vincularla con la naturaleza. Se presentaron ideas muy creativas para realizar piezas de greda \u00fanicas\u00bb.<\/em><\/p>\n<p style=\"text-align: justify;\">Los talleres fueron facilitados por <em>Pulso Austral<\/em>, organizaci\u00f3n interdisciplinaria de mujeres arraigadas en la Regi\u00f3n de Ays\u00e9n, que se dedica a crear puentes entre la cultura, el arte, la educaci\u00f3n y la ecolog\u00eda, con el fin de aportar al bienestar de las comunidades; Junto a destacados maestros y maestras ceramistas, como Gabriela Az\u00f3car (Chile Chico), Eva Carrillo (Puerto Ib\u00e1\u00f1ez) y el Estudio P\u00e1ramo (Chilo\u00e9), los que compartieron sus conocimientos con las participantes en estos encuentros se realizaron de manera peri\u00f3dica en las instalaciones de <em>Ceramistas de la Patagonia<\/em>, quienes tambi\u00e9n formaron parte activa de las sesiones.<\/p>\n<p style=\"text-align: justify;\">\u00ab<em>Celebramos que estos laboratorios permitieron abrir las puertas del taller de las Ceramistas de la Patagonia a la comunidad de Chile Chico. Vecinas que buscaban un espacio de conexi\u00f3n con el arte, la naturaleza y el bienestar, se unieron a las artesanas, para juntas crear una colecci\u00f3n colectiva con sello local. Fortaleciendo, por un lado, los lazos comunitarios de esta localidad; y, por otra parte, la tradici\u00f3n ceramista, una de las vocaciones culturales de este territorio<\/em>\u00ab, comentan las Directoras de <em>Pulso Austral<\/em>, Catalina Camus y Cecilia Moura.<\/p>\n<p style=\"text-align: justify;\">\u00ab<em>Hoy en d\u00eda, a trav\u00e9s de este oficio, se entrelazan la inspiraci\u00f3n en la naturaleza con el foco en el Parque Nacional Patagonia , la identidad del territorio y una oportunidad concreta para el desarrollo econ\u00f3mico local. Estas iniciativas no solo fortalecen las tradiciones culturales, sino que tambi\u00e9n potencian el sentido de orgullo y pertenencia de la comunidad. Desde Rewilding Chile, celebramos el impacto transformador que el arte puede generar en la vida de las personas y en el cuidado de nuestro entorno<\/em>.\u00bb comenta Carolina Cerda, Directora del \u00e1rea de Vinculaci\u00f3n Comunitaria de la Fundaci\u00f3n Rewilding Chile.<\/p>\n<p style=\"text-align: justify;\">La exposici\u00f3n estar\u00e1 abierta al p\u00fablico de lunes a domingo de 10:30 a 20:00 hrs, desde el 17 al 26 de enero del 2025.<\/p>\n<p style=\"text-align: justify;\">Casona Belga, Bernardo O&#8217;Higgins 895, Chile Chico.<\/p>\n<p style=\"text-align: justify;\">M\u00e1s informaci\u00f3n en el Instagram @Amigos_pn_patagonia<\/p>\n<\/div><\/section><\/div><div  style='height:50px' class='hr hr-invisible   avia-builder-el-6  el_after_av_one_full  el_before_av_social_share '><span class='hr-inner ' ><span class='hr-inner-style'><\/span><\/span><\/div><\/p>\n<div  class='av-social-sharing-box  avia-builder-el-7  el_after_av_hr  el_before_av_hr  '><div class='av-share-box'><h5 class='av-share-link-description av-no-toc '>Compartir esta noticia<\/h5><ul class='av-share-box-list noLightbox'><li class='av-share-link av-social-link-facebook' ><a target=\"_blank\" aria-label=\"Compartir en Facebook\" href='https:\/\/www.facebook.com\/sharer.php?u=https:\/\/radiorevelacionfm.cl\/?p=49748&#038;t=Inauguran%20exposici%C3%B3n%20de%20piezas%20de%20cer%C3%A1mica%20inspiradas%20en%20la%20naturaleza%20de%20Chile%20Chico%20y%20el%20Parque%20Nacional%20Patagonia' aria-hidden='false' data-av_icon='\ue8f3' data-av_iconfont='entypo-fontello' title='' data-avia-related-tooltip='Compartir en Facebook' rel=\"noopener\"><span class='avia_hidden_link_text'>Compartir en Facebook<\/span><\/a><\/li><li class='av-share-link av-social-link-twitter' ><a target=\"_blank\" aria-label=\"Compartir en Twitter\" href='https:\/\/twitter.com\/share?text=Inauguran%20exposici%C3%B3n%20de%20piezas%20de%20cer%C3%A1mica%20inspiradas%20en%20la%20naturaleza%20de%20Chile%20Chico%20y%20el%20Parque%20Nacional%20Patagonia&#038;url=https:\/\/radiorevelacionfm.cl\/?p=49748' aria-hidden='false' data-av_icon='\ue8f1' data-av_iconfont='entypo-fontello' title='' data-avia-related-tooltip='Compartir en Twitter' rel=\"noopener\"><span class='avia_hidden_link_text'>Compartir en Twitter<\/span><\/a><\/li><li class='av-share-link av-social-link-whatsapp' ><a target=\"_blank\" aria-label=\"Compartir en Whatsapp\" href='https:\/\/api.whatsapp.com\/send?text=https:\/\/radiorevelacionfm.cl\/?p=49748' aria-hidden='false' data-av_icon='\uf232' data-av_iconfont='entypo-fontello' title='' data-avia-related-tooltip='Compartir en Whatsapp' rel=\"noopener\"><span class='avia_hidden_link_text'>Compartir en Whatsapp<\/span><\/a><\/li><li class='av-share-link av-social-link-linkedin' ><a target=\"_blank\" aria-label=\"Compartir en LinkedIn\" href='https:\/\/linkedin.com\/shareArticle?mini=true&#038;title=Inauguran%20exposici%C3%B3n%20de%20piezas%20de%20cer%C3%A1mica%20inspiradas%20en%20la%20naturaleza%20de%20Chile%20Chico%20y%20el%20Parque%20Nacional%20Patagonia&#038;url=https:\/\/radiorevelacionfm.cl\/?p=49748' aria-hidden='false' data-av_icon='\ue8fc' data-av_iconfont='entypo-fontello' title='' data-avia-related-tooltip='Compartir en LinkedIn' rel=\"noopener\"><span class='avia_hidden_link_text'>Compartir en LinkedIn<\/span><\/a><\/li><li class='av-share-link av-social-link-mail' ><a  aria-label=\"Compartir por correo\" href='mailto:?subject=Inauguran%20exposici%C3%B3n%20de%20piezas%20de%20cer%C3%A1mica%20inspiradas%20en%20la%20naturaleza%20de%20Chile%20Chico%20y%20el%20Parque%20Nacional%20Patagonia&#038;body=https:\/\/radiorevelacionfm.cl\/?p=49748' aria-hidden='false' data-av_icon='\ue805' data-av_iconfont='entypo-fontello' title='' data-avia-related-tooltip='Compartir por correo'><span class='avia_hidden_link_text'>Compartir por correo<\/span><\/a><\/li><\/ul><\/div><\/div>\n<div  style='height:50px' class='hr hr-invisible   avia-builder-el-8  el_after_av_social_share  el_before_av_comments_list '><span class='hr-inner ' ><span class='hr-inner-style'><\/span><\/span><\/div>\n<div  class='av-buildercomment  av-blog-meta-html-info-disabled av-blog-meta-tag-disabled  '><\/div>\n","protected":false},"excerpt":{"rendered":"","protected":false},"author":1,"featured_media":49749,"comment_status":"open","ping_status":"open","sticky":false,"template":"","format":"standard","meta":{"footnotes":""},"categories":[38],"tags":[],"class_list":["post-49748","post","type-post","status-publish","format-standard","has-post-thumbnail","hentry","category-regional"],"jetpack_featured_media_url":"https:\/\/radiorevelacionfm.cl\/wp-content\/uploads\/2025\/01\/expo-chch-17-01-f-1_optimized.jpg","_links":{"self":[{"href":"https:\/\/radiorevelacionfm.cl\/index.php?rest_route=\/wp\/v2\/posts\/49748","targetHints":{"allow":["GET"]}}],"collection":[{"href":"https:\/\/radiorevelacionfm.cl\/index.php?rest_route=\/wp\/v2\/posts"}],"about":[{"href":"https:\/\/radiorevelacionfm.cl\/index.php?rest_route=\/wp\/v2\/types\/post"}],"author":[{"embeddable":true,"href":"https:\/\/radiorevelacionfm.cl\/index.php?rest_route=\/wp\/v2\/users\/1"}],"replies":[{"embeddable":true,"href":"https:\/\/radiorevelacionfm.cl\/index.php?rest_route=%2Fwp%2Fv2%2Fcomments&post=49748"}],"version-history":[{"count":1,"href":"https:\/\/radiorevelacionfm.cl\/index.php?rest_route=\/wp\/v2\/posts\/49748\/revisions"}],"predecessor-version":[{"id":49750,"href":"https:\/\/radiorevelacionfm.cl\/index.php?rest_route=\/wp\/v2\/posts\/49748\/revisions\/49750"}],"wp:featuredmedia":[{"embeddable":true,"href":"https:\/\/radiorevelacionfm.cl\/index.php?rest_route=\/wp\/v2\/media\/49749"}],"wp:attachment":[{"href":"https:\/\/radiorevelacionfm.cl\/index.php?rest_route=%2Fwp%2Fv2%2Fmedia&parent=49748"}],"wp:term":[{"taxonomy":"category","embeddable":true,"href":"https:\/\/radiorevelacionfm.cl\/index.php?rest_route=%2Fwp%2Fv2%2Fcategories&post=49748"},{"taxonomy":"post_tag","embeddable":true,"href":"https:\/\/radiorevelacionfm.cl\/index.php?rest_route=%2Fwp%2Fv2%2Ftags&post=49748"}],"curies":[{"name":"wp","href":"https:\/\/api.w.org\/{rel}","templated":true}]}}