{"id":49745,"date":"2025-01-17T16:51:21","date_gmt":"2025-01-17T19:51:21","guid":{"rendered":"https:\/\/radiorevelacionfm.cl\/?p=49745"},"modified":"2025-01-17T16:51:21","modified_gmt":"2025-01-17T19:51:21","slug":"trabajo-coordinado-entre-fiscalia-y-pdi-logra-condena-de-autores-de-trafico-de-drogas","status":"publish","type":"post","link":"https:\/\/radiorevelacionfm.cl\/?p=49745","title":{"rendered":"Trabajo coordinado entre Fiscal\u00eda y PDI logra condena de autores de tr\u00e1fico de drogas"},"content":{"rendered":"<div class=\"flex_column av_one_full  flex_column_div av-zero-column-padding first  avia-builder-el-0  el_before_av_one_full  avia-builder-el-first  \" style='border-radius:0px; '><div  class='avia-image-container  av-styling-    avia-builder-el-1  avia-builder-el-no-sibling  avia-align-center '  itemprop=\"image\" itemscope=\"itemscope\" itemtype=\"https:\/\/schema.org\/ImageObject\"  ><div class='avia-image-container-inner'><div class='avia-image-overlay-wrap'><img decoding=\"async\" class='wp-image-49746 avia-img-lazy-loading-not-49746 avia_image' src=\"https:\/\/radiorevelacionfm.cl\/wp-content\/uploads\/2025\/01\/DSC_0006-1-1.jpg\" alt='' title='DSC_0006 (1) (1)' height=\"600\" width=\"900\"  itemprop=\"thumbnailUrl\" srcset=\"https:\/\/radiorevelacionfm.cl\/wp-content\/uploads\/2025\/01\/DSC_0006-1-1.jpg 900w, https:\/\/radiorevelacionfm.cl\/wp-content\/uploads\/2025\/01\/DSC_0006-1-1-300x200.jpg 300w, https:\/\/radiorevelacionfm.cl\/wp-content\/uploads\/2025\/01\/DSC_0006-1-1-768x512.jpg 768w, https:\/\/radiorevelacionfm.cl\/wp-content\/uploads\/2025\/01\/DSC_0006-1-1-705x470.jpg 705w, https:\/\/radiorevelacionfm.cl\/wp-content\/uploads\/2025\/01\/DSC_0006-1-1-450x300.jpg 450w, https:\/\/radiorevelacionfm.cl\/wp-content\/uploads\/2025\/01\/DSC_0006-1-1-600x400.jpg 600w\" sizes=\"(max-width: 900px) 100vw, 900px\" \/><\/div><\/div><\/div><\/div><div class=\"flex_column av_one_full  flex_column_div av-zero-column-padding first  avia-builder-el-2  el_after_av_one_full  el_before_av_one_full  column-top-margin\" style='border-radius:0px; '><section class=\"av_textblock_section \"  itemscope=\"itemscope\" itemtype=\"https:\/\/schema.org\/BlogPosting\" itemprop=\"blogPost\" ><div class='avia_textblock  '   itemprop=\"text\" ><p style=\"text-align: center;\"><strong><span style=\"font-size: 18pt;\">Trabajo coordinado entre Fiscal\u00eda y PDI logra condena de autores de tr\u00e1fico de drogas<\/span><\/strong><\/p>\n<div id=\"gtx-trans\" style=\"position: absolute; left: -50px; top: 4.31534px;\">\n<div class=\"gtx-trans-icon\"><\/div>\n<\/div>\n<\/div><\/section><\/div><div class=\"flex_column av_one_full  flex_column_div av-zero-column-padding first  avia-builder-el-4  el_after_av_one_full  el_before_av_hr  column-top-margin\" style='border-radius:0px; '><section class=\"av_textblock_section \"  itemscope=\"itemscope\" itemtype=\"https:\/\/schema.org\/BlogPosting\" itemprop=\"blogPost\" ><div class='avia_textblock  '   itemprop=\"text\" ><p style=\"text-align: justify;\">Gracias a un exhaustivo trabajo investigativo de la Brigada Antinarc\u00f3ticos y Contra el Crimen Organizado (BRIANCO) Coyhaique, en coordinaci\u00f3n con la Unidad de Drogas de la Fiscal\u00eda Regional de Ays\u00e9n, recientemente, el Tribunal Oral en lo Penal de Coyhaique conden\u00f3 a cinco personas que, en conjunto, suman 38 a\u00f1os de presidio por su responsabilidad en calidad de autores y coautores del delito consumado de tr\u00e1fico de drogas.<\/p>\n<p style=\"text-align: justify;\">Se trata de dos casos diferentes de tr\u00e1fico de drogas en la Regi\u00f3n de Ays\u00e9n que permitieron sacar de circulaci\u00f3n 3.188 gramos de cannabis y 2.126 gramos de clorhidrato de coca\u00edna, lo que equivale a m\u00e1s de 18 mil dosis con un aval\u00fao de m\u00e1s de 90 millones de pesos, sustancias que pretend\u00edan ser comercializadas en Coyhaique y Puerto Ays\u00e9n.<\/p>\n<p style=\"text-align: justify;\">Ambas investigaciones desarrolladas por detectives de la Brigada Antinarc\u00f3ticos Coyhaique, y dirigidas por la fiscal Mar\u00eda In\u00e9s Nu\u00f1ez Briso, lograron entregar pruebas contundentes al Tribunal que permitieron la condena de los involucrados, resaltando la importancia de la investigaci\u00f3n profesional de los delitos al servicio de la verdad y la justicia.<\/p>\n<p style=\"text-align: justify;\"><strong>M\u00e1s de tres kilos de cannabis <\/strong><\/p>\n<p style=\"text-align: justify;\">Conforme a datos de la carpeta investigativa, el primer caso se relaciona a una estructura criminal dedicada a internar a la regi\u00f3n sustancias il\u00edcitas provenientes de la zona centro del pa\u00eds. As\u00ed, en abril de 2024, Germ\u00e1n M\u00e1rquez Bahamonde, Mauricio Aburto V\u00e1squez y Felipe Miranda Miranda coordinaron el transporte de m\u00e1s de tres kilos de cannabis, cuyo destino final era la comuna de Ays\u00e9n.<\/p>\n<p style=\"text-align: justify;\">Gracias a la investigaci\u00f3n desarrollada por personal especializado de la PDI, se logr\u00f3 detectar la sustancia il\u00edcita, la que fue incautada y sustituida para la entrega controlada. Tras este procedimiento, se intervinieron dos domicilios en la comuna de Ays\u00e9n, donde se detectaron otras peque\u00f1as cantidades de cannabis y clorhidrato de coca\u00edna, adem\u00e1s, dinero en efectivo y elementos para la dosificaci\u00f3n de la droga.<\/p>\n<p style=\"text-align: justify;\">Por estos hechos, el TOP de Coyhaique conden\u00f3 a M\u00e1rquez a 13 a\u00f1os de presidio y el pago de una multa de 60 UTM como autor del delito de tr\u00e1fico de drogas, mientras que Aburto y Miranda fueron condenados a 8 y 5 a\u00f1os de presidio, m\u00e1s el pago de una multa de 40 UTM, como coautores del delito.<\/p>\n<p style=\"text-align: justify;\"><strong>M\u00e1s de dos kilos de coca\u00edna <\/strong><\/p>\n<p style=\"text-align: justify;\">El segundo caso se remonta a junio del a\u00f1o 2024 y responde a un trabajo coordinado entre la Fiscal\u00eda, PDI, Armada y Aduanas, donde, de acuerdo a los antecedentes de la investigaci\u00f3n, en el puerto de Ra\u00fal Mar\u00edn Balmaceda se logr\u00f3 detectar a una persona que trasladaba al interior de una mochila m\u00e1s de dos kilos de clorhidrato de coca\u00edna. Tras su detenci\u00f3n, y la aplicaci\u00f3n de diversas t\u00e9cnicas investigativas amparadas en la Ley 20.000, se logr\u00f3 detener en la ciudad de Coyhaique al receptor de esta droga que correspond\u00eda a un ciudadano de nacionalidad colombiana que se encontraba de manera irregular en el territorio nacional.<\/p>\n<p style=\"text-align: justify;\">Gracias a la investigaci\u00f3n y las pruebas presentadas en el juicio, el TOP de Coyhaique conden\u00f3 a Wanderlei Hern\u00e1ndez Cuero a 8 a\u00f1os de presidio y el pago de una multa de 24 UTM como autor del delito de tr\u00e1fico de drogas y a Kevin Vargas Nenen a 4 a\u00f1os de presidio y el pago de 24 UTM como coautor del delito.<\/p>\n<\/div><\/section><\/div><div  style='height:50px' class='hr hr-invisible   avia-builder-el-6  el_after_av_one_full  el_before_av_social_share '><span class='hr-inner ' ><span class='hr-inner-style'><\/span><\/span><\/div><\/p>\n<div  class='av-social-sharing-box  avia-builder-el-7  el_after_av_hr  el_before_av_hr  '><div class='av-share-box'><h5 class='av-share-link-description av-no-toc '>Compartir esta noticia<\/h5><ul class='av-share-box-list noLightbox'><li class='av-share-link av-social-link-facebook' ><a target=\"_blank\" aria-label=\"Compartir en Facebook\" href='https:\/\/www.facebook.com\/sharer.php?u=https:\/\/radiorevelacionfm.cl\/?p=49745&#038;t=Trabajo%20coordinado%20entre%20Fiscal%C3%ADa%20y%20PDI%20logra%20condena%20de%20autores%20de%20tr%C3%A1fico%20de%20drogas' aria-hidden='false' data-av_icon='\ue8f3' data-av_iconfont='entypo-fontello' title='' data-avia-related-tooltip='Compartir en Facebook' rel=\"noopener\"><span class='avia_hidden_link_text'>Compartir en Facebook<\/span><\/a><\/li><li class='av-share-link av-social-link-twitter' ><a target=\"_blank\" aria-label=\"Compartir en Twitter\" href='https:\/\/twitter.com\/share?text=Trabajo%20coordinado%20entre%20Fiscal%C3%ADa%20y%20PDI%20logra%20condena%20de%20autores%20de%20tr%C3%A1fico%20de%20drogas&#038;url=https:\/\/radiorevelacionfm.cl\/?p=49745' aria-hidden='false' data-av_icon='\ue8f1' data-av_iconfont='entypo-fontello' title='' data-avia-related-tooltip='Compartir en Twitter' rel=\"noopener\"><span class='avia_hidden_link_text'>Compartir en Twitter<\/span><\/a><\/li><li class='av-share-link av-social-link-whatsapp' ><a target=\"_blank\" aria-label=\"Compartir en Whatsapp\" href='https:\/\/api.whatsapp.com\/send?text=https:\/\/radiorevelacionfm.cl\/?p=49745' aria-hidden='false' data-av_icon='\uf232' data-av_iconfont='entypo-fontello' title='' data-avia-related-tooltip='Compartir en Whatsapp' rel=\"noopener\"><span class='avia_hidden_link_text'>Compartir en Whatsapp<\/span><\/a><\/li><li class='av-share-link av-social-link-linkedin' ><a target=\"_blank\" aria-label=\"Compartir en LinkedIn\" href='https:\/\/linkedin.com\/shareArticle?mini=true&#038;title=Trabajo%20coordinado%20entre%20Fiscal%C3%ADa%20y%20PDI%20logra%20condena%20de%20autores%20de%20tr%C3%A1fico%20de%20drogas&#038;url=https:\/\/radiorevelacionfm.cl\/?p=49745' aria-hidden='false' data-av_icon='\ue8fc' data-av_iconfont='entypo-fontello' title='' data-avia-related-tooltip='Compartir en LinkedIn' rel=\"noopener\"><span class='avia_hidden_link_text'>Compartir en LinkedIn<\/span><\/a><\/li><li class='av-share-link av-social-link-mail' ><a  aria-label=\"Compartir por correo\" href='mailto:?subject=Trabajo%20coordinado%20entre%20Fiscal%C3%ADa%20y%20PDI%20logra%20condena%20de%20autores%20de%20tr%C3%A1fico%20de%20drogas&#038;body=https:\/\/radiorevelacionfm.cl\/?p=49745' aria-hidden='false' data-av_icon='\ue805' data-av_iconfont='entypo-fontello' title='' data-avia-related-tooltip='Compartir por correo'><span class='avia_hidden_link_text'>Compartir por correo<\/span><\/a><\/li><\/ul><\/div><\/div>\n<div  style='height:50px' class='hr hr-invisible   avia-builder-el-8  el_after_av_social_share  el_before_av_comments_list '><span class='hr-inner ' ><span class='hr-inner-style'><\/span><\/span><\/div>\n<div  class='av-buildercomment  av-blog-meta-html-info-disabled av-blog-meta-tag-disabled  '><\/div>\n","protected":false},"excerpt":{"rendered":"","protected":false},"author":1,"featured_media":49746,"comment_status":"open","ping_status":"open","sticky":false,"template":"","format":"standard","meta":{"footnotes":""},"categories":[36],"tags":[],"class_list":["post-49745","post","type-post","status-publish","format-standard","has-post-thumbnail","hentry","category-policial"],"jetpack_featured_media_url":"https:\/\/radiorevelacionfm.cl\/wp-content\/uploads\/2025\/01\/DSC_0006-1-1.jpg","_links":{"self":[{"href":"https:\/\/radiorevelacionfm.cl\/index.php?rest_route=\/wp\/v2\/posts\/49745","targetHints":{"allow":["GET"]}}],"collection":[{"href":"https:\/\/radiorevelacionfm.cl\/index.php?rest_route=\/wp\/v2\/posts"}],"about":[{"href":"https:\/\/radiorevelacionfm.cl\/index.php?rest_route=\/wp\/v2\/types\/post"}],"author":[{"embeddable":true,"href":"https:\/\/radiorevelacionfm.cl\/index.php?rest_route=\/wp\/v2\/users\/1"}],"replies":[{"embeddable":true,"href":"https:\/\/radiorevelacionfm.cl\/index.php?rest_route=%2Fwp%2Fv2%2Fcomments&post=49745"}],"version-history":[{"count":1,"href":"https:\/\/radiorevelacionfm.cl\/index.php?rest_route=\/wp\/v2\/posts\/49745\/revisions"}],"predecessor-version":[{"id":49747,"href":"https:\/\/radiorevelacionfm.cl\/index.php?rest_route=\/wp\/v2\/posts\/49745\/revisions\/49747"}],"wp:featuredmedia":[{"embeddable":true,"href":"https:\/\/radiorevelacionfm.cl\/index.php?rest_route=\/wp\/v2\/media\/49746"}],"wp:attachment":[{"href":"https:\/\/radiorevelacionfm.cl\/index.php?rest_route=%2Fwp%2Fv2%2Fmedia&parent=49745"}],"wp:term":[{"taxonomy":"category","embeddable":true,"href":"https:\/\/radiorevelacionfm.cl\/index.php?rest_route=%2Fwp%2Fv2%2Fcategories&post=49745"},{"taxonomy":"post_tag","embeddable":true,"href":"https:\/\/radiorevelacionfm.cl\/index.php?rest_route=%2Fwp%2Fv2%2Ftags&post=49745"}],"curies":[{"name":"wp","href":"https:\/\/api.w.org\/{rel}","templated":true}]}}