{"id":49742,"date":"2025-01-17T16:38:54","date_gmt":"2025-01-17T19:38:54","guid":{"rendered":"https:\/\/radiorevelacionfm.cl\/?p=49742"},"modified":"2025-01-17T16:38:54","modified_gmt":"2025-01-17T19:38:54","slug":"ke-personajes-y-lucybell-seran-parte-del-97-aniversario-de-puerto-aysen","status":"publish","type":"post","link":"https:\/\/radiorevelacionfm.cl\/?p=49742","title":{"rendered":"Ke Personajes y Lucybell ser\u00e1n parte del 97 aniversario de Puerto Ays\u00e9n"},"content":{"rendered":"<div class=\"flex_column av_one_full  flex_column_div av-zero-column-padding first  avia-builder-el-0  el_before_av_one_full  avia-builder-el-first  \" style='border-radius:0px; '><div  class='avia-image-container  av-styling-    avia-builder-el-1  avia-builder-el-no-sibling  avia-align-center '  itemprop=\"image\" itemscope=\"itemscope\" itemtype=\"https:\/\/schema.org\/ImageObject\"  ><div class='avia-image-container-inner'><div class='avia-image-overlay-wrap'><img decoding=\"async\" class='wp-image-49743 avia-img-lazy-loading-not-49743 avia_image' src=\"https:\/\/radiorevelacionfm.cl\/wp-content\/uploads\/2025\/01\/DSC01057-1-1.jpg\" alt='' title='DSC01057 (1) (1)' height=\"600\" width=\"1005\"  itemprop=\"thumbnailUrl\" srcset=\"https:\/\/radiorevelacionfm.cl\/wp-content\/uploads\/2025\/01\/DSC01057-1-1.jpg 1005w, https:\/\/radiorevelacionfm.cl\/wp-content\/uploads\/2025\/01\/DSC01057-1-1-300x179.jpg 300w, https:\/\/radiorevelacionfm.cl\/wp-content\/uploads\/2025\/01\/DSC01057-1-1-768x459.jpg 768w, https:\/\/radiorevelacionfm.cl\/wp-content\/uploads\/2025\/01\/DSC01057-1-1-705x421.jpg 705w, https:\/\/radiorevelacionfm.cl\/wp-content\/uploads\/2025\/01\/DSC01057-1-1-450x269.jpg 450w, https:\/\/radiorevelacionfm.cl\/wp-content\/uploads\/2025\/01\/DSC01057-1-1-600x358.jpg 600w\" sizes=\"(max-width: 1005px) 100vw, 1005px\" \/><\/div><\/div><\/div><\/div><div class=\"flex_column av_one_full  flex_column_div av-zero-column-padding first  avia-builder-el-2  el_after_av_one_full  el_before_av_one_full  column-top-margin\" style='border-radius:0px; '><section class=\"av_textblock_section \"  itemscope=\"itemscope\" itemtype=\"https:\/\/schema.org\/BlogPosting\" itemprop=\"blogPost\" ><div class='avia_textblock  '   itemprop=\"text\" ><p style=\"text-align: center;\"><span style=\"font-size: 18pt;\"><strong>Ke Personajes y Lucybell ser\u00e1n parte del 97 aniversario de Puerto Ays\u00e9n <\/strong><\/span><\/p>\n<div id=\"gtx-trans\" style=\"position: absolute; left: -50px; top: 4.31534px;\">\n<div class=\"gtx-trans-icon\"><\/div>\n<\/div>\n<\/div><\/section><\/div><div class=\"flex_column av_one_full  flex_column_div av-zero-column-padding first  avia-builder-el-4  el_after_av_one_full  el_before_av_hr  column-top-margin\" style='border-radius:0px; '><section class=\"av_textblock_section \"  itemscope=\"itemscope\" itemtype=\"https:\/\/schema.org\/BlogPosting\" itemprop=\"blogPost\" ><div class='avia_textblock  '   itemprop=\"text\" ><p style=\"text-align: justify;\"><em>Adem\u00e1s, se presentar\u00e1n Glup!, Fran Maira, King Savagge, y Alanis Lagos, en una programaci\u00f3n pensada para todos los gustos y edades.<\/em><\/p>\n<p style=\"text-align: justify;\">Se acab\u00f3 la espera. Tras dar cumplimiento con los aspectos administrativos de la licitaci\u00f3n, y luego de ser aprobado por parte del Concejo Municipal de Ays\u00e9n el acuerdo para la celebraci\u00f3n del contrato con la productora Chucao SPA, se confirm\u00f3 este viernes el arribo de un total de seis artistas, quienes ser\u00e1n los encargados de dar el toque musical en la conmemoraci\u00f3n del 97 aniversario de Puerto Ays\u00e9n.<\/p>\n<p style=\"text-align: justify;\">Es as\u00ed que el domingo 26 de enero ser\u00e1 la \u201cnoche del rock chileno\u201d, en que arribar\u00e1n a la capital de la comuna aysenina las reconocidas bandas nacionales \u201cGlup!\u201d -en el marco de su gira nacional que para este a\u00f1o ya contempla 32 fechas-, y \u201cLucybell\u201d, quienes visitar\u00e1n Puerto Ays\u00e9n, tras su exitosa presentaci\u00f3n en la 54\u00b0 versi\u00f3n del Festival del Huaso de Olmu\u00e9.<\/p>\n<p style=\"text-align: justify;\">Para el lunes 27 de enero, la apuesta ser\u00e1 congregar a los m\u00e1s j\u00f3venes de la comuna y sus alrededores, en la que se ha denominada como la \u201cnoche urbana\u201d, y que contar\u00e1 con las presentaciones de la tambi\u00e9n \u201cchica reality\u201d Fran Maira, quien recientemente ha anunciado una pronta colaboraci\u00f3n con el cantante Jordan 23.<\/p>\n<p style=\"text-align: justify;\">La noche cerrar\u00e1 con la presentaci\u00f3n del reggaetonero King Savagge, quien interpretar\u00e1 sus exitosos \u201cPantano\u201d, \u201c2 hielos\u201d y \u201cCochinae\u201d, entre otros, y que promete hacer bailar a todos quienes arriben hasta el Parque Municipal.<\/p>\n<p style=\"text-align: justify;\">La fiesta musical culminar\u00e1 el martes 28, con todo el talento y belleza de la exponente de la cumbia ranchera nacional, Alanys Lagos, que luego dar\u00e1 paso al n\u00famero m\u00e1s fuerte de este nuevo cumplea\u00f1os de Puerto Ays\u00e9n, cuando se presente en el escenario principal los argentinos \u201cKe personajes\u201d.<\/p>\n<p style=\"text-align: justify;\">La agrupaci\u00f3n trasandina, que nace en el mundo de la m\u00fasica en 2016 y son liderados por su vocalista Emanuel Noir, son considerados un fen\u00f3meno de la m\u00fasica tropical y, entre otros, han grabado y cantado con artistas como \u201cLa K\u2019onga\u201d, Pablo Lescano (Damas Gratis), Am\u00e9rico, y Grupo Frontera.<\/p>\n<p style=\"text-align: justify;\">Originarios de la provincia de Entre R\u00edos, su despegue definitivo se lleva a cabo en 2022. El gran \u00e9xito generado por \u201cAdi\u00f3s amor\u201d y \u201cOye mujer\u201d, se viraliz\u00f3 a tal punto que se transformaron en una de las agrupaciones m\u00e1s populares, con giras por Argentina, Latinoam\u00e9rica y Europa. Estar\u00e1n presentes este viernes en el Patagual, en una nueva edici\u00f3n del festival de Olmu\u00e9, y que este d\u00eda 28 de enero se presentar\u00e1 por primera vez en tierras ayseninas.<\/p>\n<p style=\"text-align: justify;\">\u201cEstamos muy contentos. Desde ya invitamos a toda la comunidad, a los vecinos, a las personas de localidades cercanas, a que asistan los d\u00edas 26, 27 y 28 de enero a contar de las 22:00 horas en el sector Parque Municipal donde los estaremos esperando con estos tremendos artistas para celebrar juntos el nonag\u00e9simo s\u00e9ptimo aniversario de nuestra ciudad\u201d, finaliz\u00f3 Edith Villarroel, encargada de la Unidad de Cultura del municipio aysenino.<\/p>\n<\/div><\/section><\/div><div  style='height:50px' class='hr hr-invisible   avia-builder-el-6  el_after_av_one_full  el_before_av_social_share '><span class='hr-inner ' ><span class='hr-inner-style'><\/span><\/span><\/div><\/p>\n<div  class='av-social-sharing-box  avia-builder-el-7  el_after_av_hr  el_before_av_hr  '><div class='av-share-box'><h5 class='av-share-link-description av-no-toc '>Compartir esta noticia<\/h5><ul class='av-share-box-list noLightbox'><li class='av-share-link av-social-link-facebook' ><a target=\"_blank\" aria-label=\"Compartir en Facebook\" href='https:\/\/www.facebook.com\/sharer.php?u=https:\/\/radiorevelacionfm.cl\/?p=49742&#038;t=Ke%20Personajes%20y%20Lucybell%20ser%C3%A1n%20parte%20del%2097%20aniversario%20de%20Puerto%20Ays%C3%A9n' aria-hidden='false' data-av_icon='\ue8f3' data-av_iconfont='entypo-fontello' title='' data-avia-related-tooltip='Compartir en Facebook' rel=\"noopener\"><span class='avia_hidden_link_text'>Compartir en Facebook<\/span><\/a><\/li><li class='av-share-link av-social-link-twitter' ><a target=\"_blank\" aria-label=\"Compartir en Twitter\" href='https:\/\/twitter.com\/share?text=Ke%20Personajes%20y%20Lucybell%20ser%C3%A1n%20parte%20del%2097%20aniversario%20de%20Puerto%20Ays%C3%A9n&#038;url=https:\/\/radiorevelacionfm.cl\/?p=49742' aria-hidden='false' data-av_icon='\ue8f1' data-av_iconfont='entypo-fontello' title='' data-avia-related-tooltip='Compartir en Twitter' rel=\"noopener\"><span class='avia_hidden_link_text'>Compartir en Twitter<\/span><\/a><\/li><li class='av-share-link av-social-link-whatsapp' ><a target=\"_blank\" aria-label=\"Compartir en Whatsapp\" href='https:\/\/api.whatsapp.com\/send?text=https:\/\/radiorevelacionfm.cl\/?p=49742' aria-hidden='false' data-av_icon='\uf232' data-av_iconfont='entypo-fontello' title='' data-avia-related-tooltip='Compartir en Whatsapp' rel=\"noopener\"><span class='avia_hidden_link_text'>Compartir en Whatsapp<\/span><\/a><\/li><li class='av-share-link av-social-link-linkedin' ><a target=\"_blank\" aria-label=\"Compartir en LinkedIn\" href='https:\/\/linkedin.com\/shareArticle?mini=true&#038;title=Ke%20Personajes%20y%20Lucybell%20ser%C3%A1n%20parte%20del%2097%20aniversario%20de%20Puerto%20Ays%C3%A9n&#038;url=https:\/\/radiorevelacionfm.cl\/?p=49742' aria-hidden='false' data-av_icon='\ue8fc' data-av_iconfont='entypo-fontello' title='' data-avia-related-tooltip='Compartir en LinkedIn' rel=\"noopener\"><span class='avia_hidden_link_text'>Compartir en LinkedIn<\/span><\/a><\/li><li class='av-share-link av-social-link-mail' ><a  aria-label=\"Compartir por correo\" href='mailto:?subject=Ke%20Personajes%20y%20Lucybell%20ser%C3%A1n%20parte%20del%2097%20aniversario%20de%20Puerto%20Ays%C3%A9n&#038;body=https:\/\/radiorevelacionfm.cl\/?p=49742' aria-hidden='false' data-av_icon='\ue805' data-av_iconfont='entypo-fontello' title='' data-avia-related-tooltip='Compartir por correo'><span class='avia_hidden_link_text'>Compartir por correo<\/span><\/a><\/li><\/ul><\/div><\/div>\n<div  style='height:50px' class='hr hr-invisible   avia-builder-el-8  el_after_av_social_share  el_before_av_comments_list '><span class='hr-inner ' ><span class='hr-inner-style'><\/span><\/span><\/div>\n<div  class='av-buildercomment  av-blog-meta-html-info-disabled av-blog-meta-tag-disabled  '><\/div>\n","protected":false},"excerpt":{"rendered":"","protected":false},"author":1,"featured_media":49743,"comment_status":"open","ping_status":"open","sticky":false,"template":"","format":"standard","meta":{"footnotes":""},"categories":[38],"tags":[],"class_list":["post-49742","post","type-post","status-publish","format-standard","has-post-thumbnail","hentry","category-regional"],"jetpack_featured_media_url":"https:\/\/radiorevelacionfm.cl\/wp-content\/uploads\/2025\/01\/DSC01057-1-1.jpg","_links":{"self":[{"href":"https:\/\/radiorevelacionfm.cl\/index.php?rest_route=\/wp\/v2\/posts\/49742","targetHints":{"allow":["GET"]}}],"collection":[{"href":"https:\/\/radiorevelacionfm.cl\/index.php?rest_route=\/wp\/v2\/posts"}],"about":[{"href":"https:\/\/radiorevelacionfm.cl\/index.php?rest_route=\/wp\/v2\/types\/post"}],"author":[{"embeddable":true,"href":"https:\/\/radiorevelacionfm.cl\/index.php?rest_route=\/wp\/v2\/users\/1"}],"replies":[{"embeddable":true,"href":"https:\/\/radiorevelacionfm.cl\/index.php?rest_route=%2Fwp%2Fv2%2Fcomments&post=49742"}],"version-history":[{"count":1,"href":"https:\/\/radiorevelacionfm.cl\/index.php?rest_route=\/wp\/v2\/posts\/49742\/revisions"}],"predecessor-version":[{"id":49744,"href":"https:\/\/radiorevelacionfm.cl\/index.php?rest_route=\/wp\/v2\/posts\/49742\/revisions\/49744"}],"wp:featuredmedia":[{"embeddable":true,"href":"https:\/\/radiorevelacionfm.cl\/index.php?rest_route=\/wp\/v2\/media\/49743"}],"wp:attachment":[{"href":"https:\/\/radiorevelacionfm.cl\/index.php?rest_route=%2Fwp%2Fv2%2Fmedia&parent=49742"}],"wp:term":[{"taxonomy":"category","embeddable":true,"href":"https:\/\/radiorevelacionfm.cl\/index.php?rest_route=%2Fwp%2Fv2%2Fcategories&post=49742"},{"taxonomy":"post_tag","embeddable":true,"href":"https:\/\/radiorevelacionfm.cl\/index.php?rest_route=%2Fwp%2Fv2%2Ftags&post=49742"}],"curies":[{"name":"wp","href":"https:\/\/api.w.org\/{rel}","templated":true}]}}