{"id":4974,"date":"2021-06-06T19:37:42","date_gmt":"2021-06-06T22:37:42","guid":{"rendered":"https:\/\/radiorevelacionfm.cl\/?p=4974"},"modified":"2021-06-06T19:37:42","modified_gmt":"2021-06-06T22:37:42","slug":"accidentes-vehiculares-dejan-a-dos-personas-con-lesiones-graves-en-coyhaique-y-la-junta","status":"publish","type":"post","link":"https:\/\/radiorevelacionfm.cl\/?p=4974","title":{"rendered":"Accidentes vehiculares dejan a dos personas con lesiones graves en Coyhaique y La Junta"},"content":{"rendered":"<div class=\"flex_column av_one_full  flex_column_div av-zero-column-padding first  avia-builder-el-0  el_before_av_one_full  avia-builder-el-first  \" style='border-radius:0px; '><div  class='avia-image-container  av-styling-    avia-builder-el-1  avia-builder-el-no-sibling  avia-align-center '  itemprop=\"image\" itemscope=\"itemscope\" itemtype=\"https:\/\/schema.org\/ImageObject\"  ><div class='avia-image-container-inner'><div class='avia-image-overlay-wrap'><img decoding=\"async\" class='wp-image-4975 avia-img-lazy-loading-not-4975 avia_image' src=\"https:\/\/radiorevelacionfm.cl\/wp-content\/uploads\/2021\/06\/Accidente-49d-1-1.jpg\" alt='' title='Accidente 49d (1) (1)' height=\"600\" width=\"1333\"  itemprop=\"thumbnailUrl\" srcset=\"https:\/\/radiorevelacionfm.cl\/wp-content\/uploads\/2021\/06\/Accidente-49d-1-1.jpg 1333w, https:\/\/radiorevelacionfm.cl\/wp-content\/uploads\/2021\/06\/Accidente-49d-1-1-300x135.jpg 300w, https:\/\/radiorevelacionfm.cl\/wp-content\/uploads\/2021\/06\/Accidente-49d-1-1-1030x464.jpg 1030w, https:\/\/radiorevelacionfm.cl\/wp-content\/uploads\/2021\/06\/Accidente-49d-1-1-768x346.jpg 768w, https:\/\/radiorevelacionfm.cl\/wp-content\/uploads\/2021\/06\/Accidente-49d-1-1-705x317.jpg 705w, https:\/\/radiorevelacionfm.cl\/wp-content\/uploads\/2021\/06\/Accidente-49d-1-1-600x270.jpg 600w\" sizes=\"(max-width: 1333px) 100vw, 1333px\" \/><\/div><\/div><\/div><\/div><div class=\"flex_column av_one_full  flex_column_div av-zero-column-padding first  avia-builder-el-2  el_after_av_one_full  el_before_av_one_full  column-top-margin\" style='border-radius:0px; '><section class=\"av_textblock_section \"  itemscope=\"itemscope\" itemtype=\"https:\/\/schema.org\/BlogPosting\" itemprop=\"blogPost\" ><div class='avia_textblock  '   itemprop=\"text\" ><p style=\"text-align: center;\"><span style=\"font-size: 18pt;\"><b>Accidentes vehiculares dejan a dos personas con lesiones graves en Coyhaique y La Junta\u00a0<\/b><\/span><\/p>\n<div id=\"gtx-trans\" style=\"position: absolute; left: -50px; top: 4.31534px;\">\n<div class=\"gtx-trans-icon\"><\/div>\n<\/div>\n<\/div><\/section><\/div><div class=\"flex_column av_one_full  flex_column_div av-zero-column-padding first  avia-builder-el-4  el_after_av_one_full  el_before_av_hr  column-top-margin\" style='border-radius:0px; '><section class=\"av_textblock_section \"  itemscope=\"itemscope\" itemtype=\"https:\/\/schema.org\/BlogPosting\" itemprop=\"blogPost\" ><div class='avia_textblock  '   itemprop=\"text\" ><div>\n<p class=\"v1MsoNormal\" style=\"text-align: justify;\">Un choque y una colisi\u00f3n registrada este fin de semana en la ciudad e Coyhaique y La Junta respectivamente, dej\u00f3 a igual n\u00famero de personas con lesiones de gravedad, emergencia a la que acudi\u00f3 Carabineros siendo los antecedentes derivados a la Fiscal\u00eda.<\/p>\n<p class=\"v1MsoNormal\" style=\"text-align: justify;\">El primero de esto se registr\u00f3 alrededor de las 05.00 horas del s\u00e1bado luego que un conductor de 29 a\u00f1os de edad, quien guiaba un veh\u00edculo todo terreno por el by pass de Coyhaique, al llegar a la altura del n\u00famero 985 -por causas que son materia de investigaci\u00f3n- choc\u00f3 con un remolque que se encontraba estacionado a un costado de la v\u00eda.<\/p>\n<p class=\"v1MsoNormal\" style=\"text-align: justify;\">A ra\u00edz de lo anterior, dicha persona habr\u00eda resultado con lesiones de gravedad, situaci\u00f3n que fue informada a la Fiscal\u00eda, siendo dispuesta la concurrencia de la Secci\u00f3n de investigaci\u00f3n de Accidentes en el Tr\u00e1nsito (SIAT) de Carabineros con la finalidad de determinar la din\u00e1mica del accidente e indagar en la causalidad.<\/p>\n<p class=\"v1MsoNormal\" style=\"text-align: justify;\"><b>Colisi\u00f3n en Ruta 7<\/b><\/p>\n<p class=\"v1MsoNormal\" style=\"text-align: justify;\">En otro hecho, personal de Carabineros de la Tenencia La Junta se traslad\u00f3 la tarde del s\u00e1bado hasta el km. 289 de la Ruta 7 \u2013cerca del puente Los C\u00e9sares- lugar donde se hab\u00eda registrado la colisi\u00f3n de un veh\u00edculo menor con un cami\u00f3n, resultando el primero de estos con da\u00f1os de consideraci\u00f3n en su estructura.<\/p>\n<p class=\"v1MsoNormal\" style=\"text-align: justify;\">Tras verificar el estado de salud de los conductores, un joven de 21 a\u00f1os que guiaba el veh\u00edculo menor habr\u00eda resultado con lesiones en la zona facial siendo derivado al hospital de Puerto Cisnes con la finalidad de efectuar una evaluaci\u00f3n por parte de especialistas y determinar si presenta o no fracturas, en tanto que el conductor del cami\u00f3n result\u00f3 ileso.<\/p>\n<p class=\"v1MsoNormal\" style=\"text-align: justify;\">Ambos lo hac\u00edan en normal estado de temperancia, siendo los antecedentes puestos en conocimiento de la Fiscal\u00eda que dirige investigaci\u00f3n por estos hechos.<\/p>\n<\/div>\n<div style=\"text-align: justify;\"><\/div>\n<\/div><\/section><\/div><div  style='height:50px' class='hr hr-invisible   avia-builder-el-6  el_after_av_one_full  el_before_av_social_share '><span class='hr-inner ' ><span class='hr-inner-style'><\/span><\/span><\/div><\/p>\n<div  class='av-social-sharing-box  avia-builder-el-7  el_after_av_hr  el_before_av_hr  '><div class='av-share-box'><h5 class='av-share-link-description av-no-toc '>Compartir esta noticia<\/h5><ul class='av-share-box-list noLightbox'><li class='av-share-link av-social-link-facebook' ><a target=\"_blank\" aria-label=\"Compartir en Facebook\" href='https:\/\/www.facebook.com\/sharer.php?u=https:\/\/radiorevelacionfm.cl\/?p=4974&#038;t=Accidentes%20vehiculares%20dejan%20a%20dos%20personas%20con%20lesiones%20graves%20en%20Coyhaique%20y%20La%20Junta' aria-hidden='false' data-av_icon='\ue8f3' data-av_iconfont='entypo-fontello' title='' data-avia-related-tooltip='Compartir en Facebook' rel=\"noopener\"><span class='avia_hidden_link_text'>Compartir en Facebook<\/span><\/a><\/li><li class='av-share-link av-social-link-twitter' ><a target=\"_blank\" aria-label=\"Compartir en Twitter\" href='https:\/\/twitter.com\/share?text=Accidentes%20vehiculares%20dejan%20a%20dos%20personas%20con%20lesiones%20graves%20en%20Coyhaique%20y%20La%20Junta&#038;url=https:\/\/radiorevelacionfm.cl\/?p=4974' aria-hidden='false' data-av_icon='\ue8f1' data-av_iconfont='entypo-fontello' title='' data-avia-related-tooltip='Compartir en Twitter' rel=\"noopener\"><span class='avia_hidden_link_text'>Compartir en Twitter<\/span><\/a><\/li><li class='av-share-link av-social-link-whatsapp' ><a target=\"_blank\" aria-label=\"Compartir en Whatsapp\" href='https:\/\/api.whatsapp.com\/send?text=https:\/\/radiorevelacionfm.cl\/?p=4974' aria-hidden='false' data-av_icon='\uf232' data-av_iconfont='entypo-fontello' title='' data-avia-related-tooltip='Compartir en Whatsapp' rel=\"noopener\"><span class='avia_hidden_link_text'>Compartir en Whatsapp<\/span><\/a><\/li><li class='av-share-link av-social-link-linkedin' ><a target=\"_blank\" aria-label=\"Compartir en LinkedIn\" href='https:\/\/linkedin.com\/shareArticle?mini=true&#038;title=Accidentes%20vehiculares%20dejan%20a%20dos%20personas%20con%20lesiones%20graves%20en%20Coyhaique%20y%20La%20Junta&#038;url=https:\/\/radiorevelacionfm.cl\/?p=4974' aria-hidden='false' data-av_icon='\ue8fc' data-av_iconfont='entypo-fontello' title='' data-avia-related-tooltip='Compartir en LinkedIn' rel=\"noopener\"><span class='avia_hidden_link_text'>Compartir en LinkedIn<\/span><\/a><\/li><li class='av-share-link av-social-link-mail' ><a  aria-label=\"Compartir por correo\" href='mailto:?subject=Accidentes%20vehiculares%20dejan%20a%20dos%20personas%20con%20lesiones%20graves%20en%20Coyhaique%20y%20La%20Junta&#038;body=https:\/\/radiorevelacionfm.cl\/?p=4974' aria-hidden='false' data-av_icon='\ue805' data-av_iconfont='entypo-fontello' title='' data-avia-related-tooltip='Compartir por correo'><span class='avia_hidden_link_text'>Compartir por correo<\/span><\/a><\/li><\/ul><\/div><\/div>\n<div  style='height:50px' class='hr hr-invisible   avia-builder-el-8  el_after_av_social_share  el_before_av_comments_list '><span class='hr-inner ' ><span class='hr-inner-style'><\/span><\/span><\/div>\n<div  class='av-buildercomment  av-blog-meta-html-info-disabled av-blog-meta-tag-disabled  '><\/div>\n","protected":false},"excerpt":{"rendered":"","protected":false},"author":1,"featured_media":4975,"comment_status":"open","ping_status":"open","sticky":false,"template":"","format":"standard","meta":{"footnotes":""},"categories":[36],"tags":[],"class_list":["post-4974","post","type-post","status-publish","format-standard","has-post-thumbnail","hentry","category-policial"],"jetpack_featured_media_url":"https:\/\/radiorevelacionfm.cl\/wp-content\/uploads\/2021\/06\/Accidente-49d-1-1.jpg","_links":{"self":[{"href":"https:\/\/radiorevelacionfm.cl\/index.php?rest_route=\/wp\/v2\/posts\/4974","targetHints":{"allow":["GET"]}}],"collection":[{"href":"https:\/\/radiorevelacionfm.cl\/index.php?rest_route=\/wp\/v2\/posts"}],"about":[{"href":"https:\/\/radiorevelacionfm.cl\/index.php?rest_route=\/wp\/v2\/types\/post"}],"author":[{"embeddable":true,"href":"https:\/\/radiorevelacionfm.cl\/index.php?rest_route=\/wp\/v2\/users\/1"}],"replies":[{"embeddable":true,"href":"https:\/\/radiorevelacionfm.cl\/index.php?rest_route=%2Fwp%2Fv2%2Fcomments&post=4974"}],"version-history":[{"count":1,"href":"https:\/\/radiorevelacionfm.cl\/index.php?rest_route=\/wp\/v2\/posts\/4974\/revisions"}],"predecessor-version":[{"id":4976,"href":"https:\/\/radiorevelacionfm.cl\/index.php?rest_route=\/wp\/v2\/posts\/4974\/revisions\/4976"}],"wp:featuredmedia":[{"embeddable":true,"href":"https:\/\/radiorevelacionfm.cl\/index.php?rest_route=\/wp\/v2\/media\/4975"}],"wp:attachment":[{"href":"https:\/\/radiorevelacionfm.cl\/index.php?rest_route=%2Fwp%2Fv2%2Fmedia&parent=4974"}],"wp:term":[{"taxonomy":"category","embeddable":true,"href":"https:\/\/radiorevelacionfm.cl\/index.php?rest_route=%2Fwp%2Fv2%2Fcategories&post=4974"},{"taxonomy":"post_tag","embeddable":true,"href":"https:\/\/radiorevelacionfm.cl\/index.php?rest_route=%2Fwp%2Fv2%2Ftags&post=4974"}],"curies":[{"name":"wp","href":"https:\/\/api.w.org\/{rel}","templated":true}]}}