{"id":49730,"date":"2025-01-16T18:54:48","date_gmt":"2025-01-16T21:54:48","guid":{"rendered":"https:\/\/radiorevelacionfm.cl\/?p=49730"},"modified":"2025-01-16T18:54:48","modified_gmt":"2025-01-16T21:54:48","slug":"coyhaique-hombre-baleado-en-la-cabeza-se-encuentra-fuera-de-riesgo-vital","status":"publish","type":"post","link":"https:\/\/radiorevelacionfm.cl\/?p=49730","title":{"rendered":"Coyhaique: Hombre baleado en la cabeza se encuentra fuera de riesgo vital"},"content":{"rendered":"<div class=\"flex_column av_one_full  flex_column_div av-zero-column-padding first  avia-builder-el-0  el_before_av_one_full  avia-builder-el-first  \" style='border-radius:0px; '><div  class='avia-image-container  av-styling-    avia-builder-el-1  avia-builder-el-no-sibling  avia-align-center '  itemprop=\"image\" itemscope=\"itemscope\" itemtype=\"https:\/\/schema.org\/ImageObject\"  ><div class='avia-image-container-inner'><div class='avia-image-overlay-wrap'><img decoding=\"async\" class='wp-image-49731 avia-img-lazy-loading-not-49731 avia_image' src=\"https:\/\/radiorevelacionfm.cl\/wp-content\/uploads\/2025\/01\/20250116_162808-1_optimized-1.jpg\" alt='' title='20250116_162808-(1)_optimized (1)' height=\"600\" width=\"1066\"  itemprop=\"thumbnailUrl\" srcset=\"https:\/\/radiorevelacionfm.cl\/wp-content\/uploads\/2025\/01\/20250116_162808-1_optimized-1.jpg 1066w, https:\/\/radiorevelacionfm.cl\/wp-content\/uploads\/2025\/01\/20250116_162808-1_optimized-1-300x169.jpg 300w, https:\/\/radiorevelacionfm.cl\/wp-content\/uploads\/2025\/01\/20250116_162808-1_optimized-1-1030x580.jpg 1030w, https:\/\/radiorevelacionfm.cl\/wp-content\/uploads\/2025\/01\/20250116_162808-1_optimized-1-768x432.jpg 768w, https:\/\/radiorevelacionfm.cl\/wp-content\/uploads\/2025\/01\/20250116_162808-1_optimized-1-705x397.jpg 705w, https:\/\/radiorevelacionfm.cl\/wp-content\/uploads\/2025\/01\/20250116_162808-1_optimized-1-450x253.jpg 450w, https:\/\/radiorevelacionfm.cl\/wp-content\/uploads\/2025\/01\/20250116_162808-1_optimized-1-600x338.jpg 600w\" sizes=\"(max-width: 1066px) 100vw, 1066px\" \/><\/div><\/div><\/div><\/div><div class=\"flex_column av_one_full  flex_column_div av-zero-column-padding first  avia-builder-el-2  el_after_av_one_full  el_before_av_one_full  column-top-margin\" style='border-radius:0px; '><section class=\"av_textblock_section \"  itemscope=\"itemscope\" itemtype=\"https:\/\/schema.org\/BlogPosting\" itemprop=\"blogPost\" ><div class='avia_textblock  '   itemprop=\"text\" ><p style=\"text-align: center;\"><strong><span style=\"font-size: 18pt;\">Coyhaique: Hombre baleado en la cabeza se encuentra fuera de riesgo vital<\/span><\/strong><\/p>\n<div id=\"gtx-trans\" style=\"position: absolute; left: -50px; top: 4.31534px;\">\n<div class=\"gtx-trans-icon\"><\/div>\n<\/div>\n<\/div><\/section><\/div><div class=\"flex_column av_one_full  flex_column_div av-zero-column-padding first  avia-builder-el-4  el_after_av_one_full  el_before_av_hr  column-top-margin\" style='border-radius:0px; '><section class=\"av_textblock_section \"  itemscope=\"itemscope\" itemtype=\"https:\/\/schema.org\/BlogPosting\" itemprop=\"blogPost\" ><div class='avia_textblock  '   itemprop=\"text\" ><p style=\"text-align: justify;\">La Brigada de Homicidios (BH) de Coyhaique, junto al apoyo del Laboratorio de Criminal\u00edstica Regional, se encuentra investigando un hecho que habr\u00eda ocurrido la noche de este mi\u00e9rcoles en donde una persona se encontrar\u00eda herida de bala en su cabeza, siendo trasladada al Hospital Regional. \u201cEl procedimiento investigativo guarda relaci\u00f3n con el delito de lesiones con arma de fuego de un sujeto de sexo masculino de 23 a\u00f1os de edad con antecedentes policiales. Las diligencias fueron requeridas por el Ministerio P\u00fablico a la brigada de homicidios Coyhaique\u201d, coment\u00f3 el subcomisario Maximiliano Crot, jefe (s) de la BH Coyhaique.<\/p>\n<p style=\"text-align: justify;\">Seg\u00fan las primeras diligencias la v\u00edctima se trasladaba desde su domicilio en compa\u00f1\u00eda de un amigo en direcci\u00f3n a la casa de unos conocidos de ambos, a medio camino, el afectado decidi\u00f3 separarse de su acompa\u00f1ante indic\u00e1ndole que ten\u00eda que hacer unos tr\u00e1mites personales antes. Transcurridas un par de horas, la v\u00edctima habr\u00eda llegado al lugar, donde se iban a reunir con su amigo y el resto de las personas, con una herida, aparentemente de bala, en la cabeza y pidiendo ayuda a los presentes, siendo trasladado por personal del SAMU al Hospital de Coyhaique.<\/p>\n<p style=\"text-align: justify;\">El subcomisario Crot agreg\u00f3 que en el sitio del suceso el Laboratorio de Criminal\u00edstica de la PDI realiz\u00f3 fijaciones fotogr\u00e1ficas planim\u00e9tricas, adem\u00e1s del levantamiento de evidencia biol\u00f3gica, la que fue entregada para su peritaje. \u201cActualmente estamos recabando registros de c\u00e1maras de seguridad y empadronamiento a cada uno de los inmuebles cercanos al lugar de los hechos.\u201d<\/p>\n<p style=\"text-align: justify;\">Por \u00faltimo, se est\u00e1n desarrollando diligencias con la finalidad de establecer alg\u00fan v\u00ednculo entre la v\u00edctima y posibles imputados que, seg\u00fan el relato de la v\u00edctima, esto ser\u00eda un hecho circunstancial. Cabe hacer presente que esta \u00faltima se encuentra fuera de riesgo vital.<\/p>\n<\/div><\/section><\/div><div  style='height:50px' class='hr hr-invisible   avia-builder-el-6  el_after_av_one_full  el_before_av_social_share '><span class='hr-inner ' ><span class='hr-inner-style'><\/span><\/span><\/div><\/p>\n<div  class='av-social-sharing-box  avia-builder-el-7  el_after_av_hr  el_before_av_hr  '><div class='av-share-box'><h5 class='av-share-link-description av-no-toc '>Compartir esta noticia<\/h5><ul class='av-share-box-list noLightbox'><li class='av-share-link av-social-link-facebook' ><a target=\"_blank\" aria-label=\"Compartir en Facebook\" href='https:\/\/www.facebook.com\/sharer.php?u=https:\/\/radiorevelacionfm.cl\/?p=49730&#038;t=Coyhaique%3A%20Hombre%20baleado%20en%20la%20cabeza%20se%20encuentra%20fuera%20de%20riesgo%20vital' aria-hidden='false' data-av_icon='\ue8f3' data-av_iconfont='entypo-fontello' title='' data-avia-related-tooltip='Compartir en Facebook' rel=\"noopener\"><span class='avia_hidden_link_text'>Compartir en Facebook<\/span><\/a><\/li><li class='av-share-link av-social-link-twitter' ><a target=\"_blank\" aria-label=\"Compartir en Twitter\" href='https:\/\/twitter.com\/share?text=Coyhaique%3A%20Hombre%20baleado%20en%20la%20cabeza%20se%20encuentra%20fuera%20de%20riesgo%20vital&#038;url=https:\/\/radiorevelacionfm.cl\/?p=49730' aria-hidden='false' data-av_icon='\ue8f1' data-av_iconfont='entypo-fontello' title='' data-avia-related-tooltip='Compartir en Twitter' rel=\"noopener\"><span class='avia_hidden_link_text'>Compartir en Twitter<\/span><\/a><\/li><li class='av-share-link av-social-link-whatsapp' ><a target=\"_blank\" aria-label=\"Compartir en Whatsapp\" href='https:\/\/api.whatsapp.com\/send?text=https:\/\/radiorevelacionfm.cl\/?p=49730' aria-hidden='false' data-av_icon='\uf232' data-av_iconfont='entypo-fontello' title='' data-avia-related-tooltip='Compartir en Whatsapp' rel=\"noopener\"><span class='avia_hidden_link_text'>Compartir en Whatsapp<\/span><\/a><\/li><li class='av-share-link av-social-link-linkedin' ><a target=\"_blank\" aria-label=\"Compartir en LinkedIn\" href='https:\/\/linkedin.com\/shareArticle?mini=true&#038;title=Coyhaique%3A%20Hombre%20baleado%20en%20la%20cabeza%20se%20encuentra%20fuera%20de%20riesgo%20vital&#038;url=https:\/\/radiorevelacionfm.cl\/?p=49730' aria-hidden='false' data-av_icon='\ue8fc' data-av_iconfont='entypo-fontello' title='' data-avia-related-tooltip='Compartir en LinkedIn' rel=\"noopener\"><span class='avia_hidden_link_text'>Compartir en LinkedIn<\/span><\/a><\/li><li class='av-share-link av-social-link-mail' ><a  aria-label=\"Compartir por correo\" href='mailto:?subject=Coyhaique%3A%20Hombre%20baleado%20en%20la%20cabeza%20se%20encuentra%20fuera%20de%20riesgo%20vital&#038;body=https:\/\/radiorevelacionfm.cl\/?p=49730' aria-hidden='false' data-av_icon='\ue805' data-av_iconfont='entypo-fontello' title='' data-avia-related-tooltip='Compartir por correo'><span class='avia_hidden_link_text'>Compartir por correo<\/span><\/a><\/li><\/ul><\/div><\/div>\n<div  style='height:50px' class='hr hr-invisible   avia-builder-el-8  el_after_av_social_share  el_before_av_comments_list '><span class='hr-inner ' ><span class='hr-inner-style'><\/span><\/span><\/div>\n<div  class='av-buildercomment  av-blog-meta-html-info-disabled av-blog-meta-tag-disabled  '><\/div>\n","protected":false},"excerpt":{"rendered":"","protected":false},"author":1,"featured_media":49731,"comment_status":"open","ping_status":"open","sticky":false,"template":"","format":"standard","meta":{"footnotes":""},"categories":[36],"tags":[],"class_list":["post-49730","post","type-post","status-publish","format-standard","has-post-thumbnail","hentry","category-policial"],"jetpack_featured_media_url":"https:\/\/radiorevelacionfm.cl\/wp-content\/uploads\/2025\/01\/20250116_162808-1_optimized-1.jpg","_links":{"self":[{"href":"https:\/\/radiorevelacionfm.cl\/index.php?rest_route=\/wp\/v2\/posts\/49730","targetHints":{"allow":["GET"]}}],"collection":[{"href":"https:\/\/radiorevelacionfm.cl\/index.php?rest_route=\/wp\/v2\/posts"}],"about":[{"href":"https:\/\/radiorevelacionfm.cl\/index.php?rest_route=\/wp\/v2\/types\/post"}],"author":[{"embeddable":true,"href":"https:\/\/radiorevelacionfm.cl\/index.php?rest_route=\/wp\/v2\/users\/1"}],"replies":[{"embeddable":true,"href":"https:\/\/radiorevelacionfm.cl\/index.php?rest_route=%2Fwp%2Fv2%2Fcomments&post=49730"}],"version-history":[{"count":1,"href":"https:\/\/radiorevelacionfm.cl\/index.php?rest_route=\/wp\/v2\/posts\/49730\/revisions"}],"predecessor-version":[{"id":49732,"href":"https:\/\/radiorevelacionfm.cl\/index.php?rest_route=\/wp\/v2\/posts\/49730\/revisions\/49732"}],"wp:featuredmedia":[{"embeddable":true,"href":"https:\/\/radiorevelacionfm.cl\/index.php?rest_route=\/wp\/v2\/media\/49731"}],"wp:attachment":[{"href":"https:\/\/radiorevelacionfm.cl\/index.php?rest_route=%2Fwp%2Fv2%2Fmedia&parent=49730"}],"wp:term":[{"taxonomy":"category","embeddable":true,"href":"https:\/\/radiorevelacionfm.cl\/index.php?rest_route=%2Fwp%2Fv2%2Fcategories&post=49730"},{"taxonomy":"post_tag","embeddable":true,"href":"https:\/\/radiorevelacionfm.cl\/index.php?rest_route=%2Fwp%2Fv2%2Ftags&post=49730"}],"curies":[{"name":"wp","href":"https:\/\/api.w.org\/{rel}","templated":true}]}}