{"id":49727,"date":"2025-01-17T09:41:03","date_gmt":"2025-01-17T12:41:03","guid":{"rendered":"https:\/\/radiorevelacionfm.cl\/?p=49727"},"modified":"2025-01-17T09:41:03","modified_gmt":"2025-01-17T12:41:03","slug":"impulsan-el-turismo-en-villa-manihuales-con-conexion-electrica-en-nuevas-casetas-de-informacion","status":"publish","type":"post","link":"https:\/\/radiorevelacionfm.cl\/?p=49727","title":{"rendered":"Impulsan el turismo en Villa Ma\u00f1ihuales con conexi\u00f3n el\u00e9ctrica en nuevas casetas de informaci\u00f3n"},"content":{"rendered":"<div class=\"flex_column av_one_full  flex_column_div av-zero-column-padding first  avia-builder-el-0  el_before_av_one_full  avia-builder-el-first  \" style='border-radius:0px; '><div  class='avia-image-container  av-styling-    avia-builder-el-1  avia-builder-el-no-sibling  avia-align-center '  itemprop=\"image\" itemscope=\"itemscope\" itemtype=\"https:\/\/schema.org\/ImageObject\"  ><div class='avia-image-container-inner'><div class='avia-image-overlay-wrap'><img decoding=\"async\" class='wp-image-49728 avia-img-lazy-loading-not-49728 avia_image' src=\"https:\/\/radiorevelacionfm.cl\/wp-content\/uploads\/2025\/01\/caseta-turistica-manihuales-1-1_optimized.jpeg\" alt='' title='caseta-turistica-ma\u00f1ihuales-(1)-(1)_optimized' height=\"850\" width=\"801\"  itemprop=\"thumbnailUrl\" srcset=\"https:\/\/radiorevelacionfm.cl\/wp-content\/uploads\/2025\/01\/caseta-turistica-manihuales-1-1_optimized.jpeg 801w, https:\/\/radiorevelacionfm.cl\/wp-content\/uploads\/2025\/01\/caseta-turistica-manihuales-1-1_optimized-283x300.jpeg 283w, https:\/\/radiorevelacionfm.cl\/wp-content\/uploads\/2025\/01\/caseta-turistica-manihuales-1-1_optimized-768x815.jpeg 768w, https:\/\/radiorevelacionfm.cl\/wp-content\/uploads\/2025\/01\/caseta-turistica-manihuales-1-1_optimized-664x705.jpeg 664w, https:\/\/radiorevelacionfm.cl\/wp-content\/uploads\/2025\/01\/caseta-turistica-manihuales-1-1_optimized-450x478.jpeg 450w, https:\/\/radiorevelacionfm.cl\/wp-content\/uploads\/2025\/01\/caseta-turistica-manihuales-1-1_optimized-600x637.jpeg 600w\" sizes=\"(max-width: 801px) 100vw, 801px\" \/><\/div><\/div><\/div><\/div><div class=\"flex_column av_one_full  flex_column_div av-zero-column-padding first  avia-builder-el-2  el_after_av_one_full  el_before_av_one_full  column-top-margin\" style='border-radius:0px; '><section class=\"av_textblock_section \"  itemscope=\"itemscope\" itemtype=\"https:\/\/schema.org\/BlogPosting\" itemprop=\"blogPost\" ><div class='avia_textblock  '   itemprop=\"text\" ><p style=\"text-align: center;\"><strong><span style=\"font-size: 18pt;\">Impulsan el turismo en Villa Ma\u00f1ihuales con conexi\u00f3n el\u00e9ctrica en nuevas casetas de informaci\u00f3n<\/span><\/strong><\/p>\n<div id=\"gtx-trans\" style=\"position: absolute; left: -50px; top: 4.31534px;\">\n<div class=\"gtx-trans-icon\"><\/div>\n<\/div>\n<\/div><\/section><\/div><div class=\"flex_column av_one_full  flex_column_div av-zero-column-padding first  avia-builder-el-4  el_after_av_one_full  el_before_av_hr  column-top-margin\" style='border-radius:0px; '><section class=\"av_textblock_section \"  itemscope=\"itemscope\" itemtype=\"https:\/\/schema.org\/BlogPosting\" itemprop=\"blogPost\" ><div class='avia_textblock  '   itemprop=\"text\" ><p style=\"text-align: justify;\">Gracias al esfuerzo colaborativo entre la Asociaci\u00f3n Gremial de Turismo de Ma\u00f1ihuales, el municipio de Ays\u00e9n y la el\u00e9ctrica, se concret\u00f3 la conexi\u00f3n a la red el\u00e9ctrica de dos casetas tur\u00edsticas estrat\u00e9gicamente ubicadas en el Parque Las Lavanderas y acceso norte de Puente \u00d1irehuao de la localidad de Ma\u00f1ihuales.<\/p>\n<p style=\"text-align: justify;\">Estas instalaciones forman parte del programa \u201cIlumina tu Barrio\u201d de Grupo Saesa y buscan potenciar la experiencia de visitantes y vecinos, fortaleciendo el turismo local y mejorando la infraestructura comunitaria.<\/p>\n<p style=\"text-align: justify;\">El programa \u201cIlumina tu Barrio\u201d, tiene como objetivo principal promover el desarrollo de proyectos que impacten positivamente en las comunidades, contribuyendo a su bienestar y crecimiento sostenible. En tal sentido, estas nuevas casetas tur\u00edsticas cuentan con iluminaci\u00f3n y servicios b\u00e1sicos que permitir\u00e1n a los visitantes disfrutar de una experiencia segura y agradable, a la vez que impulsan la actividad econ\u00f3mica de la localidad.<\/p>\n<p style=\"text-align: justify;\">Francisco Pavez, ejecutivo de Edelaysen, destac\u00f3 la importancia de este proyecto, agregando: \u201cEstamos muy contentos de ser parte de esta iniciativa que no solo mejora la infraestructura tur\u00edstica, sino que tambi\u00e9n refuerza nuestro compromiso con el desarrollo de las comunidades locales a las que servimos. Adem\u00e1s, destacamos el trabajo conjunto que se ha sostenido junto a la Asociaci\u00f3n Gremial de Turismo y la I. Municipalidad de Ays\u00e9n y que permitir\u00e1 generar un impacto positivo y duradero para turismo en la comuna\u201d.<\/p>\n<p style=\"text-align: justify;\">En tanto, Carolina G\u00f3mez Presidenta de la AG Turismo y Comercio de Villa Ma\u00f1ihuales mencion\u00f3 qu\u00e9: \u201cA trav\u00e9s de esta alianza logramos una conexi\u00f3n el\u00e9ctrica de dos estaciones tur\u00edsticas informativas, las que no solo ofrecen informaci\u00f3n \u00fatil para los visitantes y turistas, sino que tambi\u00e9n representan una valiosa inversi\u00f3n para fortalecer la econom\u00eda local, promoviendo nuestro barrio comercial Ruta 7 Tours y resaltando el trabajo en conjunto entre los vecinos, las instituciones y en este caso la empresa Edelaysen. Estamos muy contentos y agradecemos a todos quienes han hecho posible este logro y los invitamos a conocer y disfrutar estas nuevas estaciones informativas, s\u00edmbolo de un trabajo conjunto que sigue transformando nuestra localidad de Villa Ma\u00f1ihuales\u201d.<\/p>\n<p style=\"text-align: justify;\">Este proyecto es parte del compromiso de Edelaysen al promover iniciativas que generen valor para las comunidades, contribuyendo al desarrollo regional y al fortalecimiento de la infraestructura local.<\/p>\n<\/div><\/section><\/div><div  style='height:50px' class='hr hr-invisible   avia-builder-el-6  el_after_av_one_full  el_before_av_social_share '><span class='hr-inner ' ><span class='hr-inner-style'><\/span><\/span><\/div><\/p>\n<div  class='av-social-sharing-box  avia-builder-el-7  el_after_av_hr  el_before_av_hr  '><div class='av-share-box'><h5 class='av-share-link-description av-no-toc '>Compartir esta noticia<\/h5><ul class='av-share-box-list noLightbox'><li class='av-share-link av-social-link-facebook' ><a target=\"_blank\" aria-label=\"Compartir en Facebook\" href='https:\/\/www.facebook.com\/sharer.php?u=https:\/\/radiorevelacionfm.cl\/?p=49727&#038;t=Impulsan%20el%20turismo%20en%20Villa%20Ma%C3%B1ihuales%20con%20conexi%C3%B3n%20el%C3%A9ctrica%20en%20nuevas%20casetas%20de%20informaci%C3%B3n' aria-hidden='false' data-av_icon='\ue8f3' data-av_iconfont='entypo-fontello' title='' data-avia-related-tooltip='Compartir en Facebook' rel=\"noopener\"><span class='avia_hidden_link_text'>Compartir en Facebook<\/span><\/a><\/li><li class='av-share-link av-social-link-twitter' ><a target=\"_blank\" aria-label=\"Compartir en Twitter\" href='https:\/\/twitter.com\/share?text=Impulsan%20el%20turismo%20en%20Villa%20Ma%C3%B1ihuales%20con%20conexi%C3%B3n%20el%C3%A9ctrica%20en%20nuevas%20casetas%20de%20informaci%C3%B3n&#038;url=https:\/\/radiorevelacionfm.cl\/?p=49727' aria-hidden='false' data-av_icon='\ue8f1' data-av_iconfont='entypo-fontello' title='' data-avia-related-tooltip='Compartir en Twitter' rel=\"noopener\"><span class='avia_hidden_link_text'>Compartir en Twitter<\/span><\/a><\/li><li class='av-share-link av-social-link-whatsapp' ><a target=\"_blank\" aria-label=\"Compartir en Whatsapp\" href='https:\/\/api.whatsapp.com\/send?text=https:\/\/radiorevelacionfm.cl\/?p=49727' aria-hidden='false' data-av_icon='\uf232' data-av_iconfont='entypo-fontello' title='' data-avia-related-tooltip='Compartir en Whatsapp' rel=\"noopener\"><span class='avia_hidden_link_text'>Compartir en Whatsapp<\/span><\/a><\/li><li class='av-share-link av-social-link-linkedin' ><a target=\"_blank\" aria-label=\"Compartir en LinkedIn\" href='https:\/\/linkedin.com\/shareArticle?mini=true&#038;title=Impulsan%20el%20turismo%20en%20Villa%20Ma%C3%B1ihuales%20con%20conexi%C3%B3n%20el%C3%A9ctrica%20en%20nuevas%20casetas%20de%20informaci%C3%B3n&#038;url=https:\/\/radiorevelacionfm.cl\/?p=49727' aria-hidden='false' data-av_icon='\ue8fc' data-av_iconfont='entypo-fontello' title='' data-avia-related-tooltip='Compartir en LinkedIn' rel=\"noopener\"><span class='avia_hidden_link_text'>Compartir en LinkedIn<\/span><\/a><\/li><li class='av-share-link av-social-link-mail' ><a  aria-label=\"Compartir por correo\" href='mailto:?subject=Impulsan%20el%20turismo%20en%20Villa%20Ma%C3%B1ihuales%20con%20conexi%C3%B3n%20el%C3%A9ctrica%20en%20nuevas%20casetas%20de%20informaci%C3%B3n&#038;body=https:\/\/radiorevelacionfm.cl\/?p=49727' aria-hidden='false' data-av_icon='\ue805' data-av_iconfont='entypo-fontello' title='' data-avia-related-tooltip='Compartir por correo'><span class='avia_hidden_link_text'>Compartir por correo<\/span><\/a><\/li><\/ul><\/div><\/div>\n<div  style='height:50px' class='hr hr-invisible   avia-builder-el-8  el_after_av_social_share  el_before_av_comments_list '><span class='hr-inner ' ><span class='hr-inner-style'><\/span><\/span><\/div>\n<div  class='av-buildercomment  av-blog-meta-html-info-disabled av-blog-meta-tag-disabled  '><\/div>\n","protected":false},"excerpt":{"rendered":"","protected":false},"author":1,"featured_media":49728,"comment_status":"open","ping_status":"open","sticky":false,"template":"","format":"standard","meta":{"footnotes":""},"categories":[38],"tags":[],"class_list":["post-49727","post","type-post","status-publish","format-standard","has-post-thumbnail","hentry","category-regional"],"jetpack_featured_media_url":"https:\/\/radiorevelacionfm.cl\/wp-content\/uploads\/2025\/01\/caseta-turistica-manihuales-1-1_optimized.jpeg","_links":{"self":[{"href":"https:\/\/radiorevelacionfm.cl\/index.php?rest_route=\/wp\/v2\/posts\/49727","targetHints":{"allow":["GET"]}}],"collection":[{"href":"https:\/\/radiorevelacionfm.cl\/index.php?rest_route=\/wp\/v2\/posts"}],"about":[{"href":"https:\/\/radiorevelacionfm.cl\/index.php?rest_route=\/wp\/v2\/types\/post"}],"author":[{"embeddable":true,"href":"https:\/\/radiorevelacionfm.cl\/index.php?rest_route=\/wp\/v2\/users\/1"}],"replies":[{"embeddable":true,"href":"https:\/\/radiorevelacionfm.cl\/index.php?rest_route=%2Fwp%2Fv2%2Fcomments&post=49727"}],"version-history":[{"count":1,"href":"https:\/\/radiorevelacionfm.cl\/index.php?rest_route=\/wp\/v2\/posts\/49727\/revisions"}],"predecessor-version":[{"id":49729,"href":"https:\/\/radiorevelacionfm.cl\/index.php?rest_route=\/wp\/v2\/posts\/49727\/revisions\/49729"}],"wp:featuredmedia":[{"embeddable":true,"href":"https:\/\/radiorevelacionfm.cl\/index.php?rest_route=\/wp\/v2\/media\/49728"}],"wp:attachment":[{"href":"https:\/\/radiorevelacionfm.cl\/index.php?rest_route=%2Fwp%2Fv2%2Fmedia&parent=49727"}],"wp:term":[{"taxonomy":"category","embeddable":true,"href":"https:\/\/radiorevelacionfm.cl\/index.php?rest_route=%2Fwp%2Fv2%2Fcategories&post=49727"},{"taxonomy":"post_tag","embeddable":true,"href":"https:\/\/radiorevelacionfm.cl\/index.php?rest_route=%2Fwp%2Fv2%2Ftags&post=49727"}],"curies":[{"name":"wp","href":"https:\/\/api.w.org\/{rel}","templated":true}]}}