{"id":49724,"date":"2025-01-17T16:15:01","date_gmt":"2025-01-17T19:15:01","guid":{"rendered":"https:\/\/radiorevelacionfm.cl\/?p=49724"},"modified":"2025-01-17T16:15:01","modified_gmt":"2025-01-17T19:15:01","slug":"gobernador-y-corfo-aysen-alinean-estrategias-para-impulsar-el-trabajo-del-comite-de-desarrollo-productivo-durante-el-2025","status":"publish","type":"post","link":"https:\/\/radiorevelacionfm.cl\/?p=49724","title":{"rendered":"Gobernador y Corfo Ays\u00e9n alinean estrategias para impulsar el trabajo del Comit\u00e9 de Desarrollo Productivo durante el 2025"},"content":{"rendered":"<div class=\"flex_column av_one_full  flex_column_div av-zero-column-padding first  avia-builder-el-0  el_before_av_one_full  avia-builder-el-first  \" style='border-radius:0px; '><div  class='avia-image-container  av-styling-    avia-builder-el-1  avia-builder-el-no-sibling  avia-align-center '  itemprop=\"image\" itemscope=\"itemscope\" itemtype=\"https:\/\/schema.org\/ImageObject\"  ><div class='avia-image-container-inner'><div class='avia-image-overlay-wrap'><img decoding=\"async\" class='wp-image-49725 avia-img-lazy-loading-not-49725 avia_image' src=\"https:\/\/radiorevelacionfm.cl\/wp-content\/uploads\/2025\/01\/dsc8734-1_optimized-1.jpg\" alt='' title='_dsc8734-(1)_optimized (1)' height=\"600\" width=\"1065\"  itemprop=\"thumbnailUrl\" srcset=\"https:\/\/radiorevelacionfm.cl\/wp-content\/uploads\/2025\/01\/dsc8734-1_optimized-1.jpg 1065w, https:\/\/radiorevelacionfm.cl\/wp-content\/uploads\/2025\/01\/dsc8734-1_optimized-1-300x169.jpg 300w, https:\/\/radiorevelacionfm.cl\/wp-content\/uploads\/2025\/01\/dsc8734-1_optimized-1-1030x580.jpg 1030w, https:\/\/radiorevelacionfm.cl\/wp-content\/uploads\/2025\/01\/dsc8734-1_optimized-1-768x433.jpg 768w, https:\/\/radiorevelacionfm.cl\/wp-content\/uploads\/2025\/01\/dsc8734-1_optimized-1-705x397.jpg 705w, https:\/\/radiorevelacionfm.cl\/wp-content\/uploads\/2025\/01\/dsc8734-1_optimized-1-450x254.jpg 450w, https:\/\/radiorevelacionfm.cl\/wp-content\/uploads\/2025\/01\/dsc8734-1_optimized-1-600x338.jpg 600w\" sizes=\"(max-width: 1065px) 100vw, 1065px\" \/><\/div><\/div><\/div><\/div><div class=\"flex_column av_one_full  flex_column_div av-zero-column-padding first  avia-builder-el-2  el_after_av_one_full  el_before_av_one_full  column-top-margin\" style='border-radius:0px; '><section class=\"av_textblock_section \"  itemscope=\"itemscope\" itemtype=\"https:\/\/schema.org\/BlogPosting\" itemprop=\"blogPost\" ><div class='avia_textblock  '   itemprop=\"text\" ><p style=\"text-align: center;\"><span style=\"font-size: 18pt;\"><b>Gobernador y Corfo Ays\u00e9n alinean estrategias para impulsar el trabajo del Comit\u00e9 de Desarrollo Productivo durante el 2025<\/b><\/span><\/p>\n<div id=\"gtx-trans\" style=\"position: absolute; left: -50px; top: 4.31534px;\">\n<div class=\"gtx-trans-icon\"><\/div>\n<\/div>\n<\/div><\/section><\/div><div class=\"flex_column av_one_full  flex_column_div av-zero-column-padding first  avia-builder-el-4  el_after_av_one_full  el_before_av_hr  column-top-margin\" style='border-radius:0px; '><section class=\"av_textblock_section \"  itemscope=\"itemscope\" itemtype=\"https:\/\/schema.org\/BlogPosting\" itemprop=\"blogPost\" ><div class='avia_textblock  '   itemprop=\"text\" ><p style=\"font-weight: 400; text-align: justify;\">En un encuentro marcado por la planificaci\u00f3n y el an\u00e1lisis de resultados, Humberto Mar\u00edn Leiva, director de Corfo, y su equipo se reunieron con el reci\u00e9n asumido\u00a0Gobernador Regional\u00a0de Ays\u00e9n, Marcelo Santana Vargas,\u00a0y su equipo,\u00a0para presentar un balance de los logros obtenidos en 2024 y definir los lineamientos del Comit\u00e9 de Desarrollo Productivo Regional 2025.<\/p>\n<p style=\"font-weight: 400; text-align: justify;\">El director de Corfo tambi\u00e9n enfatiz\u00f3 la importancia de alinear las estrategias con la nueva administraci\u00f3n regional. \u201cEl Comit\u00e9 es un\u00a0organismo clave en la descentralizaci\u00f3n y el impulso econ\u00f3mico local,\u00a0que\u00a0busca fortalecer sectores estrat\u00e9gicos y dinamizar la econom\u00eda regional.\u00a0En este sentido, el\u00a0Gobernador\u00a0Santana ha mostrado una clara disposici\u00f3n para trabajar en conjunto, aportando recursos humanos y financieros que asegurar\u00e1n que este comit\u00e9 sea a\u00fan m\u00e1s efectivo en 2025\u201d, se\u00f1al\u00f3.<\/p>\n<p style=\"font-weight: 400; text-align: justify;\">El Comit\u00e9 de Desarrollo Productivo Regional 2025 tiene como objetivo consolidar los avances obtenidos durante el 2024, a\u00f1o en que se implementaron diversos proyectos con foco en el desarrollo econ\u00f3mico local. Esta instancia no solo busca impulsar a los sectores productivos, sino tambi\u00e9n fortalecer el trabajo descentralizado en la regi\u00f3n.<\/p>\n<p style=\"font-weight: 400; text-align: justify;\">Por su parte, el gobernador Marcelo Santana destac\u00f3 su inter\u00e9s en garantizar la continuidad y profundizaci\u00f3n de las pol\u00edticas productivas en Ays\u00e9n, adem\u00e1s de impulsar su visi\u00f3n del desarrollo regional en las pr\u00f3ximas estrategias. \u201cLa idea es que podamos delinear buenos instrumentos, adecuados a nuestra regi\u00f3n, tanto con recursos de Corfo como del Gobierno Regional, que permitan activar a los distintos sectores productivos de la regi\u00f3n\u201d.<\/p>\n<p style=\"font-weight: 400; text-align: justify;\">El gobernador agreg\u00f3 que ya se defini\u00f3 un plan de acci\u00f3n inmediato: \u201cPara ello, estamos corriendo contra el tiempo, necesitamos prontamente poner a la Regi\u00f3n de Ays\u00e9n en movimiento y ya hemos definido una carta Gantt para las pr\u00f3ximas cuatro semanas con el director de Corfo. Vamos a tener esta propuesta zanjada en el mes de febrero y que quede a disposici\u00f3n de los emprendedores, de las empresas, de los distintos sectores productivos de la regi\u00f3n\u201d.<\/p>\n<p style=\"font-weight: 400; text-align: justify;\">La reuni\u00f3n tambi\u00e9n sirvi\u00f3 como un espacio de an\u00e1lisis para evaluar los aprendizajes del a\u00f1o pasado y utilizarlos como base para enfrentar los desaf\u00edos futuros, reafirmando el compromiso de mejorar continuamente los procesos y estrategias. En este contexto, Corfo y el Gobierno Regional acordaron trabajar de manera conjunta en las pr\u00f3ximas semanas para desarrollar una propuesta alineada con las necesidades espec\u00edficas de Ays\u00e9n, integrando de forma eficiente los recursos disponibles.<\/p>\n<p style=\"font-weight: 400; text-align: justify;\">De esta manera, el Comit\u00e9 de Desarrollo Productivo Regional 2025 se presenta como una oportunidad para consolidar las iniciativas que impactaron positivamente en Ays\u00e9n y para enfrentar de manera articulada los desaf\u00edos que se avecinan. Con un enfoque colaborativo entre Corfo, el gobierno regional y la comunidad, este organismo contin\u00faa posicion\u00e1ndose como un pilar clave para el desarrollo econ\u00f3mico y social de la regi\u00f3n.<\/p>\n<\/div><\/section><\/div><div  style='height:50px' class='hr hr-invisible   avia-builder-el-6  el_after_av_one_full  el_before_av_social_share '><span class='hr-inner ' ><span class='hr-inner-style'><\/span><\/span><\/div><\/p>\n<div  class='av-social-sharing-box  avia-builder-el-7  el_after_av_hr  el_before_av_hr  '><div class='av-share-box'><h5 class='av-share-link-description av-no-toc '>Compartir esta noticia<\/h5><ul class='av-share-box-list noLightbox'><li class='av-share-link av-social-link-facebook' ><a target=\"_blank\" aria-label=\"Compartir en Facebook\" href='https:\/\/www.facebook.com\/sharer.php?u=https:\/\/radiorevelacionfm.cl\/?p=49724&#038;t=Gobernador%20y%20Corfo%20Ays%C3%A9n%20alinean%20estrategias%20para%20impulsar%20el%20trabajo%20del%20Comit%C3%A9%20de%20Desarrollo%20Productivo%20durante%20el%202025' aria-hidden='false' data-av_icon='\ue8f3' data-av_iconfont='entypo-fontello' title='' data-avia-related-tooltip='Compartir en Facebook' rel=\"noopener\"><span class='avia_hidden_link_text'>Compartir en Facebook<\/span><\/a><\/li><li class='av-share-link av-social-link-twitter' ><a target=\"_blank\" aria-label=\"Compartir en Twitter\" href='https:\/\/twitter.com\/share?text=Gobernador%20y%20Corfo%20Ays%C3%A9n%20alinean%20estrategias%20para%20impulsar%20el%20trabajo%20del%20Comit%C3%A9%20de%20Desarrollo%20Productivo%20durante%20el%202025&#038;url=https:\/\/radiorevelacionfm.cl\/?p=49724' aria-hidden='false' data-av_icon='\ue8f1' data-av_iconfont='entypo-fontello' title='' data-avia-related-tooltip='Compartir en Twitter' rel=\"noopener\"><span class='avia_hidden_link_text'>Compartir en Twitter<\/span><\/a><\/li><li class='av-share-link av-social-link-whatsapp' ><a target=\"_blank\" aria-label=\"Compartir en Whatsapp\" href='https:\/\/api.whatsapp.com\/send?text=https:\/\/radiorevelacionfm.cl\/?p=49724' aria-hidden='false' data-av_icon='\uf232' data-av_iconfont='entypo-fontello' title='' data-avia-related-tooltip='Compartir en Whatsapp' rel=\"noopener\"><span class='avia_hidden_link_text'>Compartir en Whatsapp<\/span><\/a><\/li><li class='av-share-link av-social-link-linkedin' ><a target=\"_blank\" aria-label=\"Compartir en LinkedIn\" href='https:\/\/linkedin.com\/shareArticle?mini=true&#038;title=Gobernador%20y%20Corfo%20Ays%C3%A9n%20alinean%20estrategias%20para%20impulsar%20el%20trabajo%20del%20Comit%C3%A9%20de%20Desarrollo%20Productivo%20durante%20el%202025&#038;url=https:\/\/radiorevelacionfm.cl\/?p=49724' aria-hidden='false' data-av_icon='\ue8fc' data-av_iconfont='entypo-fontello' title='' data-avia-related-tooltip='Compartir en LinkedIn' rel=\"noopener\"><span class='avia_hidden_link_text'>Compartir en LinkedIn<\/span><\/a><\/li><li class='av-share-link av-social-link-mail' ><a  aria-label=\"Compartir por correo\" href='mailto:?subject=Gobernador%20y%20Corfo%20Ays%C3%A9n%20alinean%20estrategias%20para%20impulsar%20el%20trabajo%20del%20Comit%C3%A9%20de%20Desarrollo%20Productivo%20durante%20el%202025&#038;body=https:\/\/radiorevelacionfm.cl\/?p=49724' aria-hidden='false' data-av_icon='\ue805' data-av_iconfont='entypo-fontello' title='' data-avia-related-tooltip='Compartir por correo'><span class='avia_hidden_link_text'>Compartir por correo<\/span><\/a><\/li><\/ul><\/div><\/div>\n<div  style='height:50px' class='hr hr-invisible   avia-builder-el-8  el_after_av_social_share  el_before_av_comments_list '><span class='hr-inner ' ><span class='hr-inner-style'><\/span><\/span><\/div>\n<div  class='av-buildercomment  av-blog-meta-html-info-disabled av-blog-meta-tag-disabled  '><\/div>\n","protected":false},"excerpt":{"rendered":"","protected":false},"author":1,"featured_media":49725,"comment_status":"open","ping_status":"open","sticky":false,"template":"","format":"standard","meta":{"footnotes":""},"categories":[38],"tags":[],"class_list":["post-49724","post","type-post","status-publish","format-standard","has-post-thumbnail","hentry","category-regional"],"jetpack_featured_media_url":"https:\/\/radiorevelacionfm.cl\/wp-content\/uploads\/2025\/01\/dsc8734-1_optimized-1.jpg","_links":{"self":[{"href":"https:\/\/radiorevelacionfm.cl\/index.php?rest_route=\/wp\/v2\/posts\/49724","targetHints":{"allow":["GET"]}}],"collection":[{"href":"https:\/\/radiorevelacionfm.cl\/index.php?rest_route=\/wp\/v2\/posts"}],"about":[{"href":"https:\/\/radiorevelacionfm.cl\/index.php?rest_route=\/wp\/v2\/types\/post"}],"author":[{"embeddable":true,"href":"https:\/\/radiorevelacionfm.cl\/index.php?rest_route=\/wp\/v2\/users\/1"}],"replies":[{"embeddable":true,"href":"https:\/\/radiorevelacionfm.cl\/index.php?rest_route=%2Fwp%2Fv2%2Fcomments&post=49724"}],"version-history":[{"count":1,"href":"https:\/\/radiorevelacionfm.cl\/index.php?rest_route=\/wp\/v2\/posts\/49724\/revisions"}],"predecessor-version":[{"id":49726,"href":"https:\/\/radiorevelacionfm.cl\/index.php?rest_route=\/wp\/v2\/posts\/49724\/revisions\/49726"}],"wp:featuredmedia":[{"embeddable":true,"href":"https:\/\/radiorevelacionfm.cl\/index.php?rest_route=\/wp\/v2\/media\/49725"}],"wp:attachment":[{"href":"https:\/\/radiorevelacionfm.cl\/index.php?rest_route=%2Fwp%2Fv2%2Fmedia&parent=49724"}],"wp:term":[{"taxonomy":"category","embeddable":true,"href":"https:\/\/radiorevelacionfm.cl\/index.php?rest_route=%2Fwp%2Fv2%2Fcategories&post=49724"},{"taxonomy":"post_tag","embeddable":true,"href":"https:\/\/radiorevelacionfm.cl\/index.php?rest_route=%2Fwp%2Fv2%2Ftags&post=49724"}],"curies":[{"name":"wp","href":"https:\/\/api.w.org\/{rel}","templated":true}]}}