{"id":49718,"date":"2025-01-17T10:17:42","date_gmt":"2025-01-17T13:17:42","guid":{"rendered":"https:\/\/radiorevelacionfm.cl\/?p=49718"},"modified":"2025-01-17T10:24:57","modified_gmt":"2025-01-17T13:24:57","slug":"chile-cuida-mideso-en-aysen-destaca-centros-de-cuidados-para-este-2025","status":"publish","type":"post","link":"https:\/\/radiorevelacionfm.cl\/?p=49718","title":{"rendered":"Chile Cuida: Mideso en Ays\u00e9n destaca centros de cuidados para este 2025"},"content":{"rendered":"<div class=\"flex_column av_one_full  flex_column_div av-zero-column-padding first  avia-builder-el-0  el_before_av_one_full  avia-builder-el-first  \" style='border-radius:0px; '><div  class='avia-image-container  av-styling-    avia-builder-el-1  avia-builder-el-no-sibling  avia-align-center '  itemprop=\"image\" itemscope=\"itemscope\" itemtype=\"https:\/\/schema.org\/ImageObject\"  ><div class='avia-image-container-inner'><div class='avia-image-overlay-wrap'><img decoding=\"async\" class='wp-image-49736 avia-img-lazy-loading-not-49736 avia_image' src=\"https:\/\/radiorevelacionfm.cl\/wp-content\/uploads\/2025\/01\/mideso-2-1_optimized.jpeg\" alt='' title='mideso-2-(1)_optimized' height=\"600\" width=\"800\"  itemprop=\"thumbnailUrl\" srcset=\"https:\/\/radiorevelacionfm.cl\/wp-content\/uploads\/2025\/01\/mideso-2-1_optimized.jpeg 800w, https:\/\/radiorevelacionfm.cl\/wp-content\/uploads\/2025\/01\/mideso-2-1_optimized-300x225.jpeg 300w, https:\/\/radiorevelacionfm.cl\/wp-content\/uploads\/2025\/01\/mideso-2-1_optimized-768x576.jpeg 768w, https:\/\/radiorevelacionfm.cl\/wp-content\/uploads\/2025\/01\/mideso-2-1_optimized-705x529.jpeg 705w, https:\/\/radiorevelacionfm.cl\/wp-content\/uploads\/2025\/01\/mideso-2-1_optimized-450x338.jpeg 450w, https:\/\/radiorevelacionfm.cl\/wp-content\/uploads\/2025\/01\/mideso-2-1_optimized-600x450.jpeg 600w\" sizes=\"(max-width: 800px) 100vw, 800px\" \/><\/div><\/div><\/div><\/div><div class=\"flex_column av_one_full  flex_column_div av-zero-column-padding first  avia-builder-el-2  el_after_av_one_full  el_before_av_one_full  column-top-margin\" style='border-radius:0px; '><section class=\"av_textblock_section \"  itemscope=\"itemscope\" itemtype=\"https:\/\/schema.org\/BlogPosting\" itemprop=\"blogPost\" ><div class='avia_textblock  '   itemprop=\"text\" ><p style=\"text-align: center;\"><strong><span style=\"font-size: 18pt;\">Chile Cuida: Mideso en Ays\u00e9n destaca centros de cuidados para este 2025<\/span><\/strong><\/p>\n<div id=\"gtx-trans\" style=\"position: absolute; left: -50px; top: 4.31534px;\">\n<div class=\"gtx-trans-icon\"><\/div>\n<\/div>\n<\/div><\/section><\/div><\/p>\n<div class=\"flex_column av_one_full  flex_column_div av-zero-column-padding first  avia-builder-el-4  el_after_av_one_full  el_before_av_hr  column-top-margin\" style='border-radius:0px; '><section class=\"av_textblock_section \"  itemscope=\"itemscope\" itemtype=\"https:\/\/schema.org\/BlogPosting\" itemprop=\"blogPost\" ><div class='avia_textblock  '   itemprop=\"text\" ><p style=\"text-align: justify;\">Con los \u00e9nfasis en fortalecer la Seguridad Social este 2025 en la regi\u00f3n de Ays\u00e9n, la Seremi de Desarrollo Social y Familia, Karina Acevedo Auad confirm\u00f3 que los diferentes Programas se mantendr\u00e1n en las distintas comunas, poniendo en el centro la instalaci\u00f3n del Sistema Nacional de Apoyos y Cuidados, Chile Cuida.<\/p>\n<p style=\"text-align: justify;\">Al respecto enfatiz\u00f3 que durante a\u00f1o reci\u00e9n pasado en la regi\u00f3n Ays\u00e9n se logr\u00f3 el aumento de cobertura en diferentes programas con buenos resultados, destacando el de Habitabilidad de Conadi entre otros \u00abLo fue en nuestra red local de apoyo y cuidados, donde llegamos a dos nuevas comunas que son de las m\u00e1s peque\u00f1as de la regi\u00f3n de Ays\u00e9n. Logramos tambi\u00e9n aumentar la cobertura del Programa Habitabilidad y el V\u00ednculos que va directamente en aquellos adultos mayores que residen solos. Cuando asumimos el Gobierno tuvimos un tremendo desaf\u00edo, poder implementar la Ley de Garant\u00edas y tenemos Oficinas Locales de la Ni\u00f1ez hoy d\u00eda en 9 comunas, Coyhaique se incorpora el pr\u00f3ximo mes. Desaf\u00edos tenemos much\u00edsimos el consolidar Chile Cuida como una pol\u00edtica de Estado\u00bb.<\/p>\n<p style=\"text-align: justify;\">La seremi record\u00f3 que el presidente Boric comprometi\u00f3 la instalaci\u00f3n de Centros de Cuidados a lo largo del pa\u00eds por lo que en la regi\u00f3n se trabaja en varias iniciativas \u00abEstamos incrementando los Centros Comunitarios de Cuidados y estamos pr\u00f3ximos a inaugurar el primero en este formato en Puerto Ays\u00e9n, de igual modo queremos crecer y llegar con estos Centros a sectores rurales, localidades m\u00e1s peque\u00f1as como Guaitecas, Lago Verde y otras m\u00e1s. Estamos trabajando fuertemente en eso, estamos adem\u00e1s impulsando que los otros programas que son asociados a Cuidados puedan ir creciendo\u00bb. se\u00f1al\u00f3<\/p>\n<p style=\"text-align: justify;\">\u00abNo siempre es visible el trabajo social y sus logros\u00bb aunque Karina Acevedo asegur\u00f3 que \u00abEl presidente Boric nos pidi\u00f3 del d\u00eda 1 que tengamos la mirada puesta en el territorio con sus particularidades\u00bb.<\/p>\n<p style=\"text-align: justify;\">\u00a0Sobre lo anterior la autoridad de Desarrollo Social y Familia en Ays\u00e9n tambi\u00e9n invit\u00f3 a la comunidad a estar presente \u00absin duda en estas materias se requiere el compromiso de la comunidad de poder responder a nuestras encuestas, de abrir las puertas, de participar de los programas para que podamos, a partir de esos antecedentes, hacer nuestra bajada en las comunas. Tenemos un amplio compromiso con los alcaldes, los desaf\u00edos del Ministerio son m\u00faltiples y tenemos todas las ganas de poder llegar a todas las partes del territorio, as\u00ed que nosotros seguimos con el compromiso de estar con las puertas abiertas\u00bb.<\/p>\n<\/div><\/section><\/div>\n<div  style='height:50px' class='hr hr-invisible   avia-builder-el-6  el_after_av_one_full  el_before_av_social_share '><span class='hr-inner ' ><span class='hr-inner-style'><\/span><\/span><\/div>\n<div  class='av-social-sharing-box  avia-builder-el-7  el_after_av_hr  el_before_av_hr  '><div class='av-share-box'><h5 class='av-share-link-description av-no-toc '>Compartir esta noticia<\/h5><ul class='av-share-box-list noLightbox'><li class='av-share-link av-social-link-facebook' ><a target=\"_blank\" aria-label=\"Compartir en Facebook\" href='https:\/\/www.facebook.com\/sharer.php?u=https:\/\/radiorevelacionfm.cl\/?p=49718&#038;t=Chile%20Cuida%3A%20Mideso%20en%20Ays%C3%A9n%20destaca%20centros%20de%20cuidados%20para%20este%202025' aria-hidden='false' data-av_icon='\ue8f3' data-av_iconfont='entypo-fontello' title='' data-avia-related-tooltip='Compartir en Facebook' rel=\"noopener\"><span class='avia_hidden_link_text'>Compartir en Facebook<\/span><\/a><\/li><li class='av-share-link av-social-link-twitter' ><a target=\"_blank\" aria-label=\"Compartir en Twitter\" href='https:\/\/twitter.com\/share?text=Chile%20Cuida%3A%20Mideso%20en%20Ays%C3%A9n%20destaca%20centros%20de%20cuidados%20para%20este%202025&#038;url=https:\/\/radiorevelacionfm.cl\/?p=49718' aria-hidden='false' data-av_icon='\ue8f1' data-av_iconfont='entypo-fontello' title='' data-avia-related-tooltip='Compartir en Twitter' rel=\"noopener\"><span class='avia_hidden_link_text'>Compartir en Twitter<\/span><\/a><\/li><li class='av-share-link av-social-link-whatsapp' ><a target=\"_blank\" aria-label=\"Compartir en Whatsapp\" href='https:\/\/api.whatsapp.com\/send?text=https:\/\/radiorevelacionfm.cl\/?p=49718' aria-hidden='false' data-av_icon='\uf232' data-av_iconfont='entypo-fontello' title='' data-avia-related-tooltip='Compartir en Whatsapp' rel=\"noopener\"><span class='avia_hidden_link_text'>Compartir en Whatsapp<\/span><\/a><\/li><li class='av-share-link av-social-link-linkedin' ><a target=\"_blank\" aria-label=\"Compartir en LinkedIn\" href='https:\/\/linkedin.com\/shareArticle?mini=true&#038;title=Chile%20Cuida%3A%20Mideso%20en%20Ays%C3%A9n%20destaca%20centros%20de%20cuidados%20para%20este%202025&#038;url=https:\/\/radiorevelacionfm.cl\/?p=49718' aria-hidden='false' data-av_icon='\ue8fc' data-av_iconfont='entypo-fontello' title='' data-avia-related-tooltip='Compartir en LinkedIn' rel=\"noopener\"><span class='avia_hidden_link_text'>Compartir en LinkedIn<\/span><\/a><\/li><li class='av-share-link av-social-link-mail' ><a  aria-label=\"Compartir por correo\" href='mailto:?subject=Chile%20Cuida%3A%20Mideso%20en%20Ays%C3%A9n%20destaca%20centros%20de%20cuidados%20para%20este%202025&#038;body=https:\/\/radiorevelacionfm.cl\/?p=49718' aria-hidden='false' data-av_icon='\ue805' data-av_iconfont='entypo-fontello' title='' data-avia-related-tooltip='Compartir por correo'><span class='avia_hidden_link_text'>Compartir por correo<\/span><\/a><\/li><\/ul><\/div><\/div>\n<div  style='height:50px' class='hr hr-invisible   avia-builder-el-8  el_after_av_social_share  el_before_av_comments_list '><span class='hr-inner ' ><span class='hr-inner-style'><\/span><\/span><\/div>\n<div  class='av-buildercomment  av-blog-meta-html-info-disabled av-blog-meta-tag-disabled  '><\/div>\n","protected":false},"excerpt":{"rendered":"","protected":false},"author":1,"featured_media":49736,"comment_status":"open","ping_status":"open","sticky":false,"template":"","format":"standard","meta":{"footnotes":""},"categories":[38],"tags":[],"class_list":["post-49718","post","type-post","status-publish","format-standard","has-post-thumbnail","hentry","category-regional"],"jetpack_featured_media_url":"https:\/\/radiorevelacionfm.cl\/wp-content\/uploads\/2025\/01\/mideso-2-1_optimized.jpeg","_links":{"self":[{"href":"https:\/\/radiorevelacionfm.cl\/index.php?rest_route=\/wp\/v2\/posts\/49718","targetHints":{"allow":["GET"]}}],"collection":[{"href":"https:\/\/radiorevelacionfm.cl\/index.php?rest_route=\/wp\/v2\/posts"}],"about":[{"href":"https:\/\/radiorevelacionfm.cl\/index.php?rest_route=\/wp\/v2\/types\/post"}],"author":[{"embeddable":true,"href":"https:\/\/radiorevelacionfm.cl\/index.php?rest_route=\/wp\/v2\/users\/1"}],"replies":[{"embeddable":true,"href":"https:\/\/radiorevelacionfm.cl\/index.php?rest_route=%2Fwp%2Fv2%2Fcomments&post=49718"}],"version-history":[{"count":3,"href":"https:\/\/radiorevelacionfm.cl\/index.php?rest_route=\/wp\/v2\/posts\/49718\/revisions"}],"predecessor-version":[{"id":49738,"href":"https:\/\/radiorevelacionfm.cl\/index.php?rest_route=\/wp\/v2\/posts\/49718\/revisions\/49738"}],"wp:featuredmedia":[{"embeddable":true,"href":"https:\/\/radiorevelacionfm.cl\/index.php?rest_route=\/wp\/v2\/media\/49736"}],"wp:attachment":[{"href":"https:\/\/radiorevelacionfm.cl\/index.php?rest_route=%2Fwp%2Fv2%2Fmedia&parent=49718"}],"wp:term":[{"taxonomy":"category","embeddable":true,"href":"https:\/\/radiorevelacionfm.cl\/index.php?rest_route=%2Fwp%2Fv2%2Fcategories&post=49718"},{"taxonomy":"post_tag","embeddable":true,"href":"https:\/\/radiorevelacionfm.cl\/index.php?rest_route=%2Fwp%2Fv2%2Ftags&post=49718"}],"curies":[{"name":"wp","href":"https:\/\/api.w.org\/{rel}","templated":true}]}}