{"id":49715,"date":"2025-01-16T18:30:16","date_gmt":"2025-01-16T21:30:16","guid":{"rendered":"https:\/\/radiorevelacionfm.cl\/?p=49715"},"modified":"2025-01-16T18:30:16","modified_gmt":"2025-01-16T21:30:16","slug":"organizaciones-territoriales-solicitan-participacion-ciudadana-por-mega-incinerador-de-basura-en-puerto-bertrand","status":"publish","type":"post","link":"https:\/\/radiorevelacionfm.cl\/?p=49715","title":{"rendered":"Organizaciones territoriales solicitan participaci\u00f3n ciudadana por mega incinerador de basura en Puerto Bertrand"},"content":{"rendered":"<div class=\"flex_column av_one_full  flex_column_div av-zero-column-padding first  avia-builder-el-0  el_before_av_one_full  avia-builder-el-first  \" style='border-radius:0px; '><div  class='avia-image-container  av-styling-    avia-builder-el-1  avia-builder-el-no-sibling  avia-align-center '  itemprop=\"image\" itemscope=\"itemscope\" itemtype=\"https:\/\/schema.org\/ImageObject\"  ><div class='avia-image-container-inner'><div class='avia-image-overlay-wrap'><img decoding=\"async\" class='wp-image-49716 avia-img-lazy-loading-not-49716 avia_image' src=\"https:\/\/radiorevelacionfm.cl\/wp-content\/uploads\/2025\/01\/basura-puerto-bertrand2-1_optimized-1.jpg\" alt='' title='basura-puerto-bertrand2-(1)_optimized (1)' height=\"770\" width=\"802\"  itemprop=\"thumbnailUrl\" srcset=\"https:\/\/radiorevelacionfm.cl\/wp-content\/uploads\/2025\/01\/basura-puerto-bertrand2-1_optimized-1.jpg 802w, https:\/\/radiorevelacionfm.cl\/wp-content\/uploads\/2025\/01\/basura-puerto-bertrand2-1_optimized-1-300x288.jpg 300w, https:\/\/radiorevelacionfm.cl\/wp-content\/uploads\/2025\/01\/basura-puerto-bertrand2-1_optimized-1-768x737.jpg 768w, https:\/\/radiorevelacionfm.cl\/wp-content\/uploads\/2025\/01\/basura-puerto-bertrand2-1_optimized-1-36x36.jpg 36w, https:\/\/radiorevelacionfm.cl\/wp-content\/uploads\/2025\/01\/basura-puerto-bertrand2-1_optimized-1-705x677.jpg 705w, https:\/\/radiorevelacionfm.cl\/wp-content\/uploads\/2025\/01\/basura-puerto-bertrand2-1_optimized-1-450x432.jpg 450w, https:\/\/radiorevelacionfm.cl\/wp-content\/uploads\/2025\/01\/basura-puerto-bertrand2-1_optimized-1-600x576.jpg 600w\" sizes=\"(max-width: 802px) 100vw, 802px\" \/><\/div><\/div><\/div><\/div><div class=\"flex_column av_one_full  flex_column_div av-zero-column-padding first  avia-builder-el-2  el_after_av_one_full  el_before_av_one_full  column-top-margin\" style='border-radius:0px; '><section class=\"av_textblock_section \"  itemscope=\"itemscope\" itemtype=\"https:\/\/schema.org\/BlogPosting\" itemprop=\"blogPost\" ><div class='avia_textblock  '   itemprop=\"text\" ><p style=\"text-align: center;\"><span style=\"font-size: 18pt;\"><b><span lang=\"ES-TRAD\">Organizaciones territoriales solicitan participaci\u00f3n ciudadana por mega incinerador de basura en Puerto Bertrand<\/span><\/b><\/span><\/p>\n<div id=\"gtx-trans\" style=\"position: absolute; left: -50px; top: 4.31534px;\">\n<div class=\"gtx-trans-icon\"><\/div>\n<\/div>\n<\/div><\/section><\/div><div class=\"flex_column av_one_full  flex_column_div av-zero-column-padding first  avia-builder-el-4  el_after_av_one_full  el_before_av_hr  column-top-margin\" style='border-radius:0px; '><section class=\"av_textblock_section \"  itemscope=\"itemscope\" itemtype=\"https:\/\/schema.org\/BlogPosting\" itemprop=\"blogPost\" ><div class='avia_textblock  '   itemprop=\"text\" ><p class=\"v1gmail-MsoListParagraph\" style=\"text-align: justify;\"><i><span lang=\"ES-TRAD\">El proyecto fue presentado por administraci\u00f3n de Luperciano Mu\u00f1oz Gonz\u00e1lez en el mes de octubre, siendo cuestionado por vecino\/as de las localidades involucradas, organizaciones socioambientales y consejeros regionales, mientras que el propio Gobierno Regional de Ays\u00e9n se\u00f1al\u00f3 que \u00abno es compatible con el Plan de Gesti\u00f3n de Residuos S\u00f3lidos Municipales vigente; y su emplazamiento no responde a las funciones de la zona preferente en la que se encuentra, seg\u00fan el Plan Regional de Ordenamiento Territorial\u00bb.<\/span><\/i><\/p>\n<p class=\"v1MsoNormal\" style=\"text-align: justify;\"><span lang=\"ES-TRAD\">Representando a la mayor\u00eda de las localidades del territorio involucrado, un total de 16 organizaciones vecinales, gremiales y comunitarias requirieron esta semana al Servicio de Evaluaci\u00f3n Ambiental (SEA) que inicie un proceso de participaci\u00f3n ciudadana en el marco del proyecto \u00ab<\/span><a href=\"https:\/\/seia.sea.gob.cl\/expediente\/expedientesEvaluacion.php?modo=ficha&amp;id_expediente=2163435300\" target=\"_blank\" rel=\"noopener noreferrer\"><i><span lang=\"ES-TRAD\">Centro de Gesti\u00f3n de Residuos S\u00f3lidos Municipales<\/span><\/i><\/a><span lang=\"ES-TRAD\">\u00bb impulsado por la Municipalidad de Chile Chico. La iniciativa se pretende emplazar a menos de cinco kil\u00f3metros de Puerto Bertrand y contempla la<span class=\"v1gmail-Apple-converted-space\">\u00a0<\/span><\/span><a href=\"https:\/\/radio45sur.cl\/2024\/08\/24\/la-polemica-propuesta-de-incinerar-casi-toda-la-basura-en-la-cuenca-del-lago-general-carrera\/\" target=\"_blank\" rel=\"noopener noreferrer\"><span lang=\"ES-TRAD\">incineraci\u00f3n de casi el 90 % de la basura<\/span><\/a><span lang=\"ES-TRAD\">(org\u00e1nicos, podas, pl\u00e1sticos, papel, cart\u00f3n y otros materiales con poder calor\u00edfico) de Puerto S\u00e1nchez, Bah\u00eda Murta, Puerto R\u00edo Tranquilo, Puerto Guadal, Puerto Bertrand y Mall\u00edn Grande.\u00a0<span class=\"v1gmail-Apple-converted-space\">\u00a0<\/span>El proyecto avanza con recursos del Gobierno Regional de Ays\u00e9n.<\/span><\/p>\n<p class=\"v1MsoNormal\" style=\"text-align: justify;\"><span lang=\"ES-TRAD\">La iniciativa fue presentada v\u00eda Declaraci\u00f3n de Impacto Ambiental (DIA) por la administraci\u00f3n de Luperciano Mu\u00f1oz Gonz\u00e1lez en el mes de octubre.\u00a0<span class=\"v1gmail-Apple-converted-space\">\u00a0<\/span>Desde esa fecha ha recibido m\u00faltiples cuestionamientos por parte de<span class=\"v1gmail-Apple-converted-space\">\u00a0<\/span><\/span><a href=\"https:\/\/radiorevelacionfm.cl\/?p=45430\" target=\"_blank\" rel=\"noopener noreferrer\"><span lang=\"ES-TRAD\">vecino\/as de las localidades involucradas<\/span><\/a><span lang=\"ES-TRAD\">,<span class=\"v1gmail-Apple-converted-space\">\u00a0<\/span><\/span><a href=\"https:\/\/www.patagonjournal.com\/index.php?option=com_content&amp;view=article&amp;id=4524%3Ala-propuesta-del-alcalde-de-chile-chico-para-los-residuos-de-la-cuenca-del-general-carrera-quemarlo-casi-todo&amp;catid=78%3Amedioambiente&amp;Itemid=268&amp;lang=es\" target=\"_blank\" rel=\"noopener noreferrer\"><span lang=\"ES-TRAD\">organizaciones socioambientales<\/span><\/a><span lang=\"ES-TRAD\"><span class=\"v1gmail-Apple-converted-space\">\u00a0<\/span>y<span class=\"v1gmail-Apple-converted-space\">\u00a0<\/span><\/span><a href=\"https:\/\/radiorevelacionfm.cl\/?p=45565\" target=\"_blank\" rel=\"noopener noreferrer\"><span lang=\"ES-TRAD\">consejeros regionales<\/span><\/a><span lang=\"ES-TRAD\">, mientras que el propio Gobierno Regional de Ays\u00e9n<span class=\"v1gmail-Apple-converted-space\">\u00a0<\/span><\/span><a href=\"https:\/\/www.youtube.com\/live\/bYMUmCtHFQc?si=6b0MQ6-T44q5yamW&amp;t=7515\" target=\"_blank\" rel=\"noopener noreferrer\"><span lang=\"ES-TRAD\">consign\u00f3 que \u00e9ste<\/span><\/a><span lang=\"ES-TRAD\"><span class=\"v1gmail-Apple-converted-space\">\u00a0<\/span>\u00ab<i>no es compatible con el Plan de Gesti\u00f3n de Residuos S\u00f3lidos Municipales vigente; y su emplazamiento no responde a las funciones de la zona preferente en la que se encuentra, seg\u00fan el Plan Regional de Ordenamiento Territorial<\/i>\u00ab.<\/span><\/p>\n<p class=\"v1MsoNormal\" style=\"text-align: justify;\"><span lang=\"ES-TRAD\">La<span class=\"v1gmail-Apple-converted-space\">\u00a0<\/span><\/span><a href=\"https:\/\/www.patagonjournal.com\/index.php?option=com_content&amp;view=article&amp;id=4524%3Ala-propuesta-del-alcalde-de-chile-chico-para-los-residuos-de-la-cuenca-del-general-carrera-quemarlo-casi-todo&amp;catid=78%3Amedioambiente&amp;Itemid=268&amp;lang=es\" target=\"_blank\" rel=\"noopener noreferrer\"><span lang=\"ES-TRAD\">tecnolog\u00eda escogida<\/span><\/a><span lang=\"ES-TRAD\"><span class=\"v1gmail-Apple-converted-space\">\u00a0<\/span>por el municipio, hoy conducido por Ariel Keim Hermosilla, es la \u00ab<i>termodisociaci\u00f3n an\u00f3xica<\/i>\u00bb (o TDA), y fue en la pr\u00e1ctica una imposici\u00f3n del ex alcalde, ya que la<span class=\"v1gmail-Apple-converted-space\">\u00a0<\/span><\/span><a href=\"https:\/\/tehuelchenoticias.cl\/nuevo_sitio\/2024\/08\/28\/los-poco-felices-ejemplos-para-justificar-incineradora-de-basura-en-la-cuenca-del-chelenko\/\" target=\"_blank\" rel=\"noopener noreferrer\"><span lang=\"ES-TRAD\">consultora a cargo de los estudios preliminares<\/span><\/a><span lang=\"ES-TRAD\"><span class=\"v1gmail-Apple-converted-space\">\u00a0<\/span>recomend\u00f3 en primer lugar un proceso de gesti\u00f3n mediante reducci\u00f3n de residuos, separaci\u00f3n, compostaje y reciclaje.\u00a0<span class=\"v1gmail-Apple-converted-space\">\u00a0<\/span>Modelo sustentable de manejo de la basura que ha ido avanzando fuertemente en la cuenca en m\u00faltiples niveles: reducci\u00f3n, reutilizaci\u00f3n, reciclaje, y con miras a avanzar a las 7Rs con redise\u00f1o de los sistemas, junto a recuperaci\u00f3n, reparaci\u00f3n y renovaci\u00f3n de los bienes. Sin embargo, a pesar de esta recomendaci\u00f3n t\u00e9cnica se escogi\u00f3 la opci\u00f3n de TDA, que no est\u00e1 operando en ning\u00fan lugar del mundo y que va en direcci\u00f3n contraria a lo que se ha impulsado en el territorio.<\/span><\/p>\n<p class=\"v1MsoNormal\" style=\"text-align: justify;\"><span lang=\"ES-TRAD\">Dentro de los fundamentos de las organizaciones se incluyen las<span class=\"v1gmail-Apple-converted-space\">\u00a0<\/span>emisiones del proyecto,<span class=\"v1gmail-Apple-converted-space\">\u00a0<\/span>afectaci\u00f3n tur\u00edstica y paisaj\u00edstica,<span class=\"v1gmail-Apple-converted-space\">\u00a0<\/span>afectaci\u00f3n a flora y fauna silvestre,<span class=\"v1gmail-Apple-converted-space\">\u00a0<\/span>afectaci\u00f3n significativa del objeto de protecci\u00f3n de un \u00e1rea puesta bajo protecci\u00f3n oficial, adem\u00e1s de ser una iniciativa<span class=\"v1gmail-Apple-converted-space\">\u00a0<\/span>desalineada con las pol\u00edticas regionales de manejo de residuos, entre otros aspectos.<\/span><\/p>\n<p class=\"v1MsoNormal\" style=\"text-align: justify;\"><span lang=\"ES-TRAD\">Por la<span class=\"v1gmail-Apple-converted-space\">\u00a0<\/span>comuna de Chile Chico<span class=\"v1gmail-Apple-converted-space\">\u00a0<\/span>suscribieron la solicitud Mar\u00eda Ang\u00e9lica Anti\u00f1anco, presidenta de la<span class=\"v1gmail-Apple-converted-space\">\u00a0<\/span>Agrupaci\u00f3n de Artesanos de Puerto Guadal<span class=\"v1gmail-Apple-converted-space\">\u00a0<\/span>y de la<span class=\"v1gmail-Apple-converted-space\">\u00a0<\/span>Asociaci\u00f3n Gremial de Turismo, Cultura y Artesan\u00eda de Puerto Guadal (Artechelenko); Fernando Pavez von Martens, presidente del<span class=\"v1gmail-Apple-converted-space\">\u00a0<\/span>Comit\u00e9 Desarrollo de la Infancia del Baker<span class=\"v1gmail-Apple-converted-space\">\u00a0<\/span>y del<span class=\"v1gmail-Apple-converted-space\">\u00a0<\/span>Comit\u00e9 de Emprendimiento y Turismo de Puerto Bertrand; Felipe Christensen Arteaga, presidente de la<span class=\"v1gmail-Apple-converted-space\">\u00a0<\/span>Junta de Vecinos N\u00ba 8 de Puerto Guadal; y Natalia Tapia Verdejo, presidenta de la<span class=\"v1gmail-Apple-converted-space\">\u00a0<\/span>Fundaci\u00f3n Ra\u00edces de Calafate.<\/span><\/p>\n<p class=\"v1MsoNormal\" style=\"text-align: justify;\"><span lang=\"ES-TRAD\">Por la<span class=\"v1gmail-Apple-converted-space\">\u00a0<\/span>comuna de<span class=\"v1gmail-Apple-converted-space\">\u00a0<\/span>R\u00edo Ib\u00e1\u00f1ez<span class=\"v1gmail-Apple-converted-space\">\u00a0<\/span>concurrieron Cristina Benavides Nielsen, presidenta de la<span class=\"v1gmail-Apple-converted-space\">\u00a0<\/span>Feria Campesina Libre de Bah\u00eda Murta; Carina Briones Poblete, presidenta de la<span class=\"v1gmail-Apple-converted-space\">\u00a0<\/span>Asociaci\u00f3n Gremial C\u00e1mara de Turismo y Comercio de R\u00edo Tranquilo; Gonzalo Reyes Barr\u00eda, presidente del<span class=\"v1gmail-Apple-converted-space\">\u00a0<\/span>Comit\u00e9 de Turismo, Deporte y Cultura de Puerto S\u00e1nchez; Bianca Miranda Armijo, presidenta de los<span class=\"v1gmail-Apple-converted-space\">\u00a0<\/span>Prestadores de Servicios Tur\u00edsticos y Concesionarios del Parque Nacional Laguna San Rafael; Jos\u00e9 Miguel Vargas Mu\u00f1oz, presidente de la<span class=\"v1gmail-Apple-converted-space\">\u00a0<\/span>Agrupaci\u00f3n de Turismo y Cultura Calafates de Bah\u00eda Murta; Guillermo Figueroa Orellana, presidente de<span class=\"v1gmail-Apple-converted-space\">\u00a0<\/span>Costa Murta A.G. Turismo, Recreaci\u00f3n y Educaci\u00f3n Ambiental<span class=\"v1gmail-Apple-converted-space\">\u00a0<\/span>de Bah\u00eda Murta; Guido Jaramillo Vera, presidente de la<span class=\"v1gmail-Apple-converted-space\">\u00a0<\/span>Junta de Vecinos N6 de Puerto R\u00edo Tranquilo.<\/span><\/p>\n<p class=\"v1MsoNormal\" style=\"text-align: justify;\"><span lang=\"ES-TRAD\">A<span class=\"v1gmail-Apple-converted-space\">\u00a0<\/span>nivel regional, tambi\u00e9n adhirieron Miriam Chible Contreras, presidenta de la<span class=\"v1gmail-Apple-converted-space\">\u00a0<\/span>Corporaci\u00f3n Chelenko; Erwin Sandoval Gallardo, presidente de la<span class=\"v1gmail-Apple-converted-space\">\u00a0<\/span>Corporaci\u00f3n Privada para el Desarrollo de Ays\u00e9n (CODESA); y Peter Hartmann Samhaber, presidente de la<span class=\"v1gmail-Apple-converted-space\">\u00a0<\/span>Agrupaci\u00f3n Social y Cultural Ays\u00e9n Reserva de Vida (Agrupaci\u00f3n ARV).<\/span><\/p>\n<p class=\"v1MsoNormal\" style=\"text-align: justify;\"><span lang=\"ES-TRAD\">A partir de esta solicitud, el SEA deber\u00e1 ponderar el requerimiento y resolver sobre el inicio de participaci\u00f3n ciudadana.\u00a0<span class=\"v1gmail-Apple-converted-space\">\u00a0<\/span><\/span><\/p>\n<p class=\"v1MsoNormal\" style=\"text-align: justify;\"><span lang=\"ES-TRAD\">En el mes de noviembre varias organizaciones presentaron una solicitud de t\u00e9rmino anticipado, arguyendo que este proyecto deb\u00eda ser evaluado por Estudio de Impacto Ambiental (EIA) y no DIA. Sin embargo, el director regional del organismo, Juli\u00e1n C\u00e1rdenas Cornejo, desech\u00f3 la solicitud.<\/span><\/p>\n<p class=\"v1MsoNormal\" style=\"text-align: justify;\"><span lang=\"ES-TRAD\">Desde las organizaciones no se descarta, de avanzar el proyecto, reiterar el requerimiento de un EIA producto de los impactos de este proyecto en la biodiversidad y la salud humana, m\u00e1s a\u00fan cuando estar\u00eda emplazado en un \u00e1rea bajo protecci\u00f3n oficial como es la Zona de Inter\u00e9s Tur\u00edstico Chelenko.<\/span><\/p>\n<\/div><\/section><\/div><div  style='height:50px' class='hr hr-invisible   avia-builder-el-6  el_after_av_one_full  el_before_av_social_share '><span class='hr-inner ' ><span class='hr-inner-style'><\/span><\/span><\/div><\/p>\n<div  class='av-social-sharing-box  avia-builder-el-7  el_after_av_hr  el_before_av_hr  '><div class='av-share-box'><h5 class='av-share-link-description av-no-toc '>Compartir esta noticia<\/h5><ul class='av-share-box-list noLightbox'><li class='av-share-link av-social-link-facebook' ><a target=\"_blank\" aria-label=\"Compartir en Facebook\" href='https:\/\/www.facebook.com\/sharer.php?u=https:\/\/radiorevelacionfm.cl\/?p=49715&#038;t=Organizaciones%20territoriales%20solicitan%20participaci%C3%B3n%20ciudadana%20por%20mega%20incinerador%20de%20basura%20en%20Puerto%20Bertrand' aria-hidden='false' data-av_icon='\ue8f3' data-av_iconfont='entypo-fontello' title='' data-avia-related-tooltip='Compartir en Facebook' rel=\"noopener\"><span class='avia_hidden_link_text'>Compartir en Facebook<\/span><\/a><\/li><li class='av-share-link av-social-link-twitter' ><a target=\"_blank\" aria-label=\"Compartir en Twitter\" href='https:\/\/twitter.com\/share?text=Organizaciones%20territoriales%20solicitan%20participaci%C3%B3n%20ciudadana%20por%20mega%20incinerador%20de%20basura%20en%20Puerto%20Bertrand&#038;url=https:\/\/radiorevelacionfm.cl\/?p=49715' aria-hidden='false' data-av_icon='\ue8f1' data-av_iconfont='entypo-fontello' title='' data-avia-related-tooltip='Compartir en Twitter' rel=\"noopener\"><span class='avia_hidden_link_text'>Compartir en Twitter<\/span><\/a><\/li><li class='av-share-link av-social-link-whatsapp' ><a target=\"_blank\" aria-label=\"Compartir en Whatsapp\" href='https:\/\/api.whatsapp.com\/send?text=https:\/\/radiorevelacionfm.cl\/?p=49715' aria-hidden='false' data-av_icon='\uf232' data-av_iconfont='entypo-fontello' title='' data-avia-related-tooltip='Compartir en Whatsapp' rel=\"noopener\"><span class='avia_hidden_link_text'>Compartir en Whatsapp<\/span><\/a><\/li><li class='av-share-link av-social-link-linkedin' ><a target=\"_blank\" aria-label=\"Compartir en LinkedIn\" href='https:\/\/linkedin.com\/shareArticle?mini=true&#038;title=Organizaciones%20territoriales%20solicitan%20participaci%C3%B3n%20ciudadana%20por%20mega%20incinerador%20de%20basura%20en%20Puerto%20Bertrand&#038;url=https:\/\/radiorevelacionfm.cl\/?p=49715' aria-hidden='false' data-av_icon='\ue8fc' data-av_iconfont='entypo-fontello' title='' data-avia-related-tooltip='Compartir en LinkedIn' rel=\"noopener\"><span class='avia_hidden_link_text'>Compartir en LinkedIn<\/span><\/a><\/li><li class='av-share-link av-social-link-mail' ><a  aria-label=\"Compartir por correo\" href='mailto:?subject=Organizaciones%20territoriales%20solicitan%20participaci%C3%B3n%20ciudadana%20por%20mega%20incinerador%20de%20basura%20en%20Puerto%20Bertrand&#038;body=https:\/\/radiorevelacionfm.cl\/?p=49715' aria-hidden='false' data-av_icon='\ue805' data-av_iconfont='entypo-fontello' title='' data-avia-related-tooltip='Compartir por correo'><span class='avia_hidden_link_text'>Compartir por correo<\/span><\/a><\/li><\/ul><\/div><\/div>\n<div  style='height:50px' class='hr hr-invisible   avia-builder-el-8  el_after_av_social_share  el_before_av_comments_list '><span class='hr-inner ' ><span class='hr-inner-style'><\/span><\/span><\/div>\n<div  class='av-buildercomment  av-blog-meta-html-info-disabled av-blog-meta-tag-disabled  '><\/div>\n","protected":false},"excerpt":{"rendered":"","protected":false},"author":1,"featured_media":49716,"comment_status":"open","ping_status":"open","sticky":false,"template":"","format":"standard","meta":{"footnotes":""},"categories":[38],"tags":[],"class_list":["post-49715","post","type-post","status-publish","format-standard","has-post-thumbnail","hentry","category-regional"],"jetpack_featured_media_url":"https:\/\/radiorevelacionfm.cl\/wp-content\/uploads\/2025\/01\/basura-puerto-bertrand2-1_optimized-1.jpg","_links":{"self":[{"href":"https:\/\/radiorevelacionfm.cl\/index.php?rest_route=\/wp\/v2\/posts\/49715","targetHints":{"allow":["GET"]}}],"collection":[{"href":"https:\/\/radiorevelacionfm.cl\/index.php?rest_route=\/wp\/v2\/posts"}],"about":[{"href":"https:\/\/radiorevelacionfm.cl\/index.php?rest_route=\/wp\/v2\/types\/post"}],"author":[{"embeddable":true,"href":"https:\/\/radiorevelacionfm.cl\/index.php?rest_route=\/wp\/v2\/users\/1"}],"replies":[{"embeddable":true,"href":"https:\/\/radiorevelacionfm.cl\/index.php?rest_route=%2Fwp%2Fv2%2Fcomments&post=49715"}],"version-history":[{"count":1,"href":"https:\/\/radiorevelacionfm.cl\/index.php?rest_route=\/wp\/v2\/posts\/49715\/revisions"}],"predecessor-version":[{"id":49717,"href":"https:\/\/radiorevelacionfm.cl\/index.php?rest_route=\/wp\/v2\/posts\/49715\/revisions\/49717"}],"wp:featuredmedia":[{"embeddable":true,"href":"https:\/\/radiorevelacionfm.cl\/index.php?rest_route=\/wp\/v2\/media\/49716"}],"wp:attachment":[{"href":"https:\/\/radiorevelacionfm.cl\/index.php?rest_route=%2Fwp%2Fv2%2Fmedia&parent=49715"}],"wp:term":[{"taxonomy":"category","embeddable":true,"href":"https:\/\/radiorevelacionfm.cl\/index.php?rest_route=%2Fwp%2Fv2%2Fcategories&post=49715"},{"taxonomy":"post_tag","embeddable":true,"href":"https:\/\/radiorevelacionfm.cl\/index.php?rest_route=%2Fwp%2Fv2%2Ftags&post=49715"}],"curies":[{"name":"wp","href":"https:\/\/api.w.org\/{rel}","templated":true}]}}