{"id":49711,"date":"2025-01-16T16:02:04","date_gmt":"2025-01-16T19:02:04","guid":{"rendered":"https:\/\/radiorevelacionfm.cl\/?p=49711"},"modified":"2025-01-16T16:02:04","modified_gmt":"2025-01-16T19:02:04","slug":"ultimos-dias-para-realizar-pago-de-patentes-a-municipio-aysenino","status":"publish","type":"post","link":"https:\/\/radiorevelacionfm.cl\/?p=49711","title":{"rendered":"\u00daltimos d\u00edas para realizar pago de patentes a municipio aysenino"},"content":{"rendered":"<div class=\"flex_column av_one_full  flex_column_div av-zero-column-padding first  avia-builder-el-0  el_before_av_one_full  avia-builder-el-first  \" style='border-radius:0px; '><div  class='avia-image-container  av-styling-    avia-builder-el-1  avia-builder-el-no-sibling  avia-align-center '  itemprop=\"image\" itemscope=\"itemscope\" itemtype=\"https:\/\/schema.org\/ImageObject\"  ><div class='avia-image-container-inner'><div class='avia-image-overlay-wrap'><img decoding=\"async\" class='wp-image-49713 avia-img-lazy-loading-not-49713 avia_image' src=\"https:\/\/radiorevelacionfm.cl\/wp-content\/uploads\/2025\/01\/Renta-y-Patentes-1-1.jpg\" alt='' title='Renta y Patentes (1) (1)' height=\"600\" width=\"1064\"  itemprop=\"thumbnailUrl\" srcset=\"https:\/\/radiorevelacionfm.cl\/wp-content\/uploads\/2025\/01\/Renta-y-Patentes-1-1.jpg 1064w, https:\/\/radiorevelacionfm.cl\/wp-content\/uploads\/2025\/01\/Renta-y-Patentes-1-1-300x169.jpg 300w, https:\/\/radiorevelacionfm.cl\/wp-content\/uploads\/2025\/01\/Renta-y-Patentes-1-1-1030x581.jpg 1030w, https:\/\/radiorevelacionfm.cl\/wp-content\/uploads\/2025\/01\/Renta-y-Patentes-1-1-768x433.jpg 768w, https:\/\/radiorevelacionfm.cl\/wp-content\/uploads\/2025\/01\/Renta-y-Patentes-1-1-705x398.jpg 705w, https:\/\/radiorevelacionfm.cl\/wp-content\/uploads\/2025\/01\/Renta-y-Patentes-1-1-450x254.jpg 450w, https:\/\/radiorevelacionfm.cl\/wp-content\/uploads\/2025\/01\/Renta-y-Patentes-1-1-600x338.jpg 600w\" sizes=\"(max-width: 1064px) 100vw, 1064px\" \/><\/div><\/div><\/div><\/div><div class=\"flex_column av_one_full  flex_column_div av-zero-column-padding first  avia-builder-el-2  el_after_av_one_full  el_before_av_one_full  column-top-margin\" style='border-radius:0px; '><section class=\"av_textblock_section \"  itemscope=\"itemscope\" itemtype=\"https:\/\/schema.org\/BlogPosting\" itemprop=\"blogPost\" ><div class='avia_textblock  '   itemprop=\"text\" ><p style=\"text-align: center;\"><strong><span style=\"font-size: 18pt;\">\u00daltimos d\u00edas para realizar pago de patentes a municipio aysenino<\/span><\/strong><\/p>\n<div id=\"gtx-trans\" style=\"position: absolute; left: -50px; top: 4.31534px;\">\n<div class=\"gtx-trans-icon\"><\/div>\n<\/div>\n<\/div><\/section><\/div><div class=\"flex_column av_one_full  flex_column_div av-zero-column-padding first  avia-builder-el-4  el_after_av_one_full  el_before_av_hr  column-top-margin\" style='border-radius:0px; '><section class=\"av_textblock_section \"  itemscope=\"itemscope\" itemtype=\"https:\/\/schema.org\/BlogPosting\" itemprop=\"blogPost\" ><div class='avia_textblock  '   itemprop=\"text\" ><p style=\"text-align: justify;\"><em>Los negocios locales tienen hasta el 31 de enero para realizar los pagos de sus patentes sin recibir costos extra por el atraso. En cuanto a las botiller\u00edas y pubs, si no realizan el tr\u00e1mite antes del fin del mes, estos podr\u00edan perder su permiso.<\/em><\/p>\n<p style=\"text-align: justify;\">El departamento de Rentas y Patentes de la Municipalidad de Ays\u00e9n ha hecho evidente su preocupaci\u00f3n por la poca cantidad de comercios que han realizado el pago de su patente a la instituci\u00f3n comunal.<\/p>\n<p style=\"text-align: justify;\">Por un lado, est\u00e1n los locales comerciales comunes, que pueden realizar el pago despu\u00e9s del plazo del 31 de enero, pero mientras m\u00e1s atraso acumulen los usuarios, mayor ser\u00e1 el monto a abonar debido a los intereses y reajustes. Desde la municipalidad apuntan que lo mejor es cumplir con el plazo.<\/p>\n<p style=\"text-align: justify;\">No obstante, por el otro lado, la funcionaria municipal Cecilia Z\u00fa\u00f1iga, comenta que \u201clo m\u00e1s importante es respecto a las patentes de alcohol, ya que, aquellas que son de car\u00e1cter ilimitado, de no proceder al pago, ser\u00e1n <strong>suspendidas<\/strong>. Pero, las patentes limitadas que si no son pagadas al d\u00eda 31, <strong>caducar\u00e1n<\/strong>. As\u00ed que agradeceremos acercarse a nuestras oficinas y hacer el pago correspondiente de cada una de ellas\u201d.<\/p>\n<p style=\"text-align: justify;\">Para el pago de la patente de alcohol, se deben presentar en caja el certificado de antecedentes para fines especiales del due\u00f1o del t\u00edtulo, adem\u00e1s de una declaraci\u00f3n jurada de la Ley de Alcoholes y de cumplir el art\u00edculo 4\u00ba de este edicto, la cual especifica quienes pueden ser due\u00f1os de un permiso de estas caracter\u00edsticas.<\/p>\n<p style=\"text-align: justify;\">El tr\u00e1mite se realiza en la oficina de Rentas y Patentes de la Municipalidad, ubicada en calle Esmeralda #607; en cuanto al horario de atenci\u00f3n es de 8:30 a las 13:00 horas en la ma\u00f1ana y de las 14:30 hasta las 16:00 horas en la tarde.<\/p>\n<p style=\"text-align: justify;\">Los funcionarios de esta oficina est\u00e1n dispuestos a responder las preguntas necesarias para un mejor entendimiento de este tr\u00e1mite.<\/p>\n<\/div><\/section><\/div><div  style='height:50px' class='hr hr-invisible   avia-builder-el-6  el_after_av_one_full  el_before_av_social_share '><span class='hr-inner ' ><span class='hr-inner-style'><\/span><\/span><\/div><\/p>\n<div  class='av-social-sharing-box  avia-builder-el-7  el_after_av_hr  el_before_av_hr  '><div class='av-share-box'><h5 class='av-share-link-description av-no-toc '>Compartir esta noticia<\/h5><ul class='av-share-box-list noLightbox'><li class='av-share-link av-social-link-facebook' ><a target=\"_blank\" aria-label=\"Compartir en Facebook\" href='https:\/\/www.facebook.com\/sharer.php?u=https:\/\/radiorevelacionfm.cl\/?p=49711&#038;t=%C3%9Altimos%20d%C3%ADas%20para%20realizar%20pago%20de%20patentes%20a%20municipio%20aysenino' aria-hidden='false' data-av_icon='\ue8f3' data-av_iconfont='entypo-fontello' title='' data-avia-related-tooltip='Compartir en Facebook' rel=\"noopener\"><span class='avia_hidden_link_text'>Compartir en Facebook<\/span><\/a><\/li><li class='av-share-link av-social-link-twitter' ><a target=\"_blank\" aria-label=\"Compartir en Twitter\" href='https:\/\/twitter.com\/share?text=%C3%9Altimos%20d%C3%ADas%20para%20realizar%20pago%20de%20patentes%20a%20municipio%20aysenino&#038;url=https:\/\/radiorevelacionfm.cl\/?p=49711' aria-hidden='false' data-av_icon='\ue8f1' data-av_iconfont='entypo-fontello' title='' data-avia-related-tooltip='Compartir en Twitter' rel=\"noopener\"><span class='avia_hidden_link_text'>Compartir en Twitter<\/span><\/a><\/li><li class='av-share-link av-social-link-whatsapp' ><a target=\"_blank\" aria-label=\"Compartir en Whatsapp\" href='https:\/\/api.whatsapp.com\/send?text=https:\/\/radiorevelacionfm.cl\/?p=49711' aria-hidden='false' data-av_icon='\uf232' data-av_iconfont='entypo-fontello' title='' data-avia-related-tooltip='Compartir en Whatsapp' rel=\"noopener\"><span class='avia_hidden_link_text'>Compartir en Whatsapp<\/span><\/a><\/li><li class='av-share-link av-social-link-linkedin' ><a target=\"_blank\" aria-label=\"Compartir en LinkedIn\" href='https:\/\/linkedin.com\/shareArticle?mini=true&#038;title=%C3%9Altimos%20d%C3%ADas%20para%20realizar%20pago%20de%20patentes%20a%20municipio%20aysenino&#038;url=https:\/\/radiorevelacionfm.cl\/?p=49711' aria-hidden='false' data-av_icon='\ue8fc' data-av_iconfont='entypo-fontello' title='' data-avia-related-tooltip='Compartir en LinkedIn' rel=\"noopener\"><span class='avia_hidden_link_text'>Compartir en LinkedIn<\/span><\/a><\/li><li class='av-share-link av-social-link-mail' ><a  aria-label=\"Compartir por correo\" href='mailto:?subject=%C3%9Altimos%20d%C3%ADas%20para%20realizar%20pago%20de%20patentes%20a%20municipio%20aysenino&#038;body=https:\/\/radiorevelacionfm.cl\/?p=49711' aria-hidden='false' data-av_icon='\ue805' data-av_iconfont='entypo-fontello' title='' data-avia-related-tooltip='Compartir por correo'><span class='avia_hidden_link_text'>Compartir por correo<\/span><\/a><\/li><\/ul><\/div><\/div>\n<div  style='height:50px' class='hr hr-invisible   avia-builder-el-8  el_after_av_social_share  el_before_av_comments_list '><span class='hr-inner ' ><span class='hr-inner-style'><\/span><\/span><\/div>\n<div  class='av-buildercomment  av-blog-meta-html-info-disabled av-blog-meta-tag-disabled  '><\/div>\n","protected":false},"excerpt":{"rendered":"","protected":false},"author":1,"featured_media":49713,"comment_status":"open","ping_status":"open","sticky":false,"template":"","format":"standard","meta":{"footnotes":""},"categories":[38],"tags":[],"class_list":["post-49711","post","type-post","status-publish","format-standard","has-post-thumbnail","hentry","category-regional"],"jetpack_featured_media_url":"https:\/\/radiorevelacionfm.cl\/wp-content\/uploads\/2025\/01\/Renta-y-Patentes-1-1.jpg","_links":{"self":[{"href":"https:\/\/radiorevelacionfm.cl\/index.php?rest_route=\/wp\/v2\/posts\/49711","targetHints":{"allow":["GET"]}}],"collection":[{"href":"https:\/\/radiorevelacionfm.cl\/index.php?rest_route=\/wp\/v2\/posts"}],"about":[{"href":"https:\/\/radiorevelacionfm.cl\/index.php?rest_route=\/wp\/v2\/types\/post"}],"author":[{"embeddable":true,"href":"https:\/\/radiorevelacionfm.cl\/index.php?rest_route=\/wp\/v2\/users\/1"}],"replies":[{"embeddable":true,"href":"https:\/\/radiorevelacionfm.cl\/index.php?rest_route=%2Fwp%2Fv2%2Fcomments&post=49711"}],"version-history":[{"count":1,"href":"https:\/\/radiorevelacionfm.cl\/index.php?rest_route=\/wp\/v2\/posts\/49711\/revisions"}],"predecessor-version":[{"id":49714,"href":"https:\/\/radiorevelacionfm.cl\/index.php?rest_route=\/wp\/v2\/posts\/49711\/revisions\/49714"}],"wp:featuredmedia":[{"embeddable":true,"href":"https:\/\/radiorevelacionfm.cl\/index.php?rest_route=\/wp\/v2\/media\/49713"}],"wp:attachment":[{"href":"https:\/\/radiorevelacionfm.cl\/index.php?rest_route=%2Fwp%2Fv2%2Fmedia&parent=49711"}],"wp:term":[{"taxonomy":"category","embeddable":true,"href":"https:\/\/radiorevelacionfm.cl\/index.php?rest_route=%2Fwp%2Fv2%2Fcategories&post=49711"},{"taxonomy":"post_tag","embeddable":true,"href":"https:\/\/radiorevelacionfm.cl\/index.php?rest_route=%2Fwp%2Fv2%2Ftags&post=49711"}],"curies":[{"name":"wp","href":"https:\/\/api.w.org\/{rel}","templated":true}]}}