{"id":4971,"date":"2021-06-06T19:01:31","date_gmt":"2021-06-06T22:01:31","guid":{"rendered":"https:\/\/radiorevelacionfm.cl\/?p=4971"},"modified":"2021-06-06T19:01:31","modified_gmt":"2021-06-06T22:01:31","slug":"nuevo-proyecto-municipal-permitira-renovar-luminarias-en-la-plaza-de-lago-verde","status":"publish","type":"post","link":"https:\/\/radiorevelacionfm.cl\/?p=4971","title":{"rendered":"Nuevo proyecto municipal permitir\u00e1 renovar luminarias en la Plaza de Lago Verde"},"content":{"rendered":"<div class=\"flex_column av_one_full  flex_column_div av-zero-column-padding first  avia-builder-el-0  el_before_av_one_full  avia-builder-el-first  \" style='border-radius:0px; '><div  class='avia-image-container  av-styling-    avia-builder-el-1  avia-builder-el-no-sibling  avia-align-center '  itemprop=\"image\" itemscope=\"itemscope\" itemtype=\"https:\/\/schema.org\/ImageObject\"  ><div class='avia-image-container-inner'><div class='avia-image-overlay-wrap'><img decoding=\"async\" class='wp-image-4972 avia-img-lazy-loading-not-4972 avia_image' src=\"https:\/\/radiorevelacionfm.cl\/wp-content\/uploads\/2021\/06\/PLAZA-LAGO-VERDE-1-1-1.jpeg\" alt='' title='PLAZA LAGO VERDE 1 (1) (1)' height=\"600\" width=\"918\"  itemprop=\"thumbnailUrl\" srcset=\"https:\/\/radiorevelacionfm.cl\/wp-content\/uploads\/2021\/06\/PLAZA-LAGO-VERDE-1-1-1.jpeg 918w, https:\/\/radiorevelacionfm.cl\/wp-content\/uploads\/2021\/06\/PLAZA-LAGO-VERDE-1-1-1-300x196.jpeg 300w, https:\/\/radiorevelacionfm.cl\/wp-content\/uploads\/2021\/06\/PLAZA-LAGO-VERDE-1-1-1-768x502.jpeg 768w, https:\/\/radiorevelacionfm.cl\/wp-content\/uploads\/2021\/06\/PLAZA-LAGO-VERDE-1-1-1-705x461.jpeg 705w, https:\/\/radiorevelacionfm.cl\/wp-content\/uploads\/2021\/06\/PLAZA-LAGO-VERDE-1-1-1-600x392.jpeg 600w\" sizes=\"(max-width: 918px) 100vw, 918px\" \/><\/div><\/div><\/div><\/div><div class=\"flex_column av_one_full  flex_column_div av-zero-column-padding first  avia-builder-el-2  el_after_av_one_full  el_before_av_one_full  column-top-margin\" style='border-radius:0px; '><section class=\"av_textblock_section \"  itemscope=\"itemscope\" itemtype=\"https:\/\/schema.org\/BlogPosting\" itemprop=\"blogPost\" ><div class='avia_textblock  '   itemprop=\"text\" ><p style=\"text-align: center;\"><strong><span style=\"font-size: 18pt;\">Nuevo proyecto municipal permitir\u00e1 renovar luminarias en la Plaza de Lago Verde<\/span><\/strong><\/p>\n<div id=\"gtx-trans\" style=\"position: absolute; left: -50px; top: 4.31534px;\">\n<div class=\"gtx-trans-icon\"><\/div>\n<\/div>\n<\/div><\/section><\/div><div class=\"flex_column av_one_full  flex_column_div av-zero-column-padding first  avia-builder-el-4  el_after_av_one_full  el_before_av_hr  column-top-margin\" style='border-radius:0px; '><section class=\"av_textblock_section \"  itemscope=\"itemscope\" itemtype=\"https:\/\/schema.org\/BlogPosting\" itemprop=\"blogPost\" ><div class='avia_textblock  '   itemprop=\"text\" ><p style=\"text-align: justify;\">Con el fin de cambiar las luminarias del principal paseo p\u00fablico, entregar un espacio con mayor seguridad y realzar un \u00e1rea c\u00e9ntrica en Lago Verde, la Municipalidad a trav\u00e9s de la Secretaria Comunal de Planificaci\u00f3n levant\u00f3 una iniciativa denominada \u201cnormalizaci\u00f3n el\u00e9ctrica y mejoramiento luminarias Plaza de Armas\u201d.<\/p>\n<p style=\"text-align: justify;\">El proyecto fue postulado a la Subdere, organismo que otorg\u00f3 el financiamiento, lo que permitir\u00e1 en los pr\u00f3ximos d\u00edas dar inicio a las obras. As\u00ed lo resalt\u00f3 el Alcalde, Nelson Opazo L\u00f3pez.<\/p>\n<p style=\"text-align: justify;\">\u201cEn el contexto que significa la intervenci\u00f3n que hemos venido realizando en los diferentes espacios p\u00fablicos de la comuna, una de las iniciativas que justamente hab\u00edamos postulado hace alg\u00fan tiempo dice relaci\u00f3n con la iluminaci\u00f3n completa de lo que es la plaza de Lago Verde. Justamente en la direcci\u00f3n de lo que va a ser esta intervenci\u00f3n potente que vamos a generar en toda la comuna, en todo los espacios p\u00fablicos, en los parques que tenemos, particularmente tambi\u00e9n en Lago Verde en lo que dice relaci\u00f3n con el Mirador de la Cruz, el Parque Pan de Az\u00facar y obviamente un \u00e1rea important\u00edsima como es en nuestra localidad la plaza, que requer\u00eda una intervenci\u00f3n de manera preliminar\u201d.<\/p>\n<p style=\"text-align: justify;\">La idea agreg\u00f3 el edil de Lago Verde, es continuar a futuro con la normalizaci\u00f3n completa del principal paseo p\u00fablico de la cabecera comunal.<\/p>\n<p style=\"text-align: justify;\">\u201cPosteriormente vendr\u00e1 una intervenci\u00f3n completa y mayor, pero en lo inmediato y urgente estos casi 60 millones de pesos, vienen a generar movimiento econ\u00f3mico a nivel local y obviamente a brindar mayor seguridad y un espacio en mejores condiciones para nuestros vecinos de la localidad. Esto ha sido adjudicado y comenzara dentro de los pr\u00f3ximos d\u00edas su intervenci\u00f3n, as\u00ed es que, valoramos tambi\u00e9n el importante trabajo que ha desplegado nuestro equipo municipal en los distintos frentes y en este caso el departamento Secplac, con quien hemos podido materializar tantas iniciativas en todos estos a\u00f1os y particularmente en este \u00faltimo tiempo\u201d.<\/p>\n<p style=\"text-align: justify;\">Son cerca de 60 millones de pesos que ha entregado la Subsecretaria de Desarrollo Regional y Administrativo a la Municipalidad de Lago Verde, para ejecutar el proyecto que cambiar\u00e1 totalmente las luminarias del principal paseo p\u00fablico, brindado mayor sensaci\u00f3n de seguridad en la antesala a una futura iniciativa que cambiar\u00e1 por completo este punto de encuentro de todas y todos los lagoverdinos.<\/p>\n<\/div><\/section><\/div><div  style='height:50px' class='hr hr-invisible   avia-builder-el-6  el_after_av_one_full  el_before_av_social_share '><span class='hr-inner ' ><span class='hr-inner-style'><\/span><\/span><\/div><\/p>\n<div  class='av-social-sharing-box  avia-builder-el-7  el_after_av_hr  el_before_av_hr  '><div class='av-share-box'><h5 class='av-share-link-description av-no-toc '>Compartir esta noticia<\/h5><ul class='av-share-box-list noLightbox'><li class='av-share-link av-social-link-facebook' ><a target=\"_blank\" aria-label=\"Compartir en Facebook\" href='https:\/\/www.facebook.com\/sharer.php?u=https:\/\/radiorevelacionfm.cl\/?p=4971&#038;t=Nuevo%20proyecto%20municipal%20permitir%C3%A1%20renovar%20luminarias%20en%20la%20Plaza%20de%20Lago%20Verde' aria-hidden='false' data-av_icon='\ue8f3' data-av_iconfont='entypo-fontello' title='' data-avia-related-tooltip='Compartir en Facebook' rel=\"noopener\"><span class='avia_hidden_link_text'>Compartir en Facebook<\/span><\/a><\/li><li class='av-share-link av-social-link-twitter' ><a target=\"_blank\" aria-label=\"Compartir en Twitter\" href='https:\/\/twitter.com\/share?text=Nuevo%20proyecto%20municipal%20permitir%C3%A1%20renovar%20luminarias%20en%20la%20Plaza%20de%20Lago%20Verde&#038;url=https:\/\/radiorevelacionfm.cl\/?p=4971' aria-hidden='false' data-av_icon='\ue8f1' data-av_iconfont='entypo-fontello' title='' data-avia-related-tooltip='Compartir en Twitter' rel=\"noopener\"><span class='avia_hidden_link_text'>Compartir en Twitter<\/span><\/a><\/li><li class='av-share-link av-social-link-whatsapp' ><a target=\"_blank\" aria-label=\"Compartir en Whatsapp\" href='https:\/\/api.whatsapp.com\/send?text=https:\/\/radiorevelacionfm.cl\/?p=4971' aria-hidden='false' data-av_icon='\uf232' data-av_iconfont='entypo-fontello' title='' data-avia-related-tooltip='Compartir en Whatsapp' rel=\"noopener\"><span class='avia_hidden_link_text'>Compartir en Whatsapp<\/span><\/a><\/li><li class='av-share-link av-social-link-linkedin' ><a target=\"_blank\" aria-label=\"Compartir en LinkedIn\" href='https:\/\/linkedin.com\/shareArticle?mini=true&#038;title=Nuevo%20proyecto%20municipal%20permitir%C3%A1%20renovar%20luminarias%20en%20la%20Plaza%20de%20Lago%20Verde&#038;url=https:\/\/radiorevelacionfm.cl\/?p=4971' aria-hidden='false' data-av_icon='\ue8fc' data-av_iconfont='entypo-fontello' title='' data-avia-related-tooltip='Compartir en LinkedIn' rel=\"noopener\"><span class='avia_hidden_link_text'>Compartir en LinkedIn<\/span><\/a><\/li><li class='av-share-link av-social-link-mail' ><a  aria-label=\"Compartir por correo\" href='mailto:?subject=Nuevo%20proyecto%20municipal%20permitir%C3%A1%20renovar%20luminarias%20en%20la%20Plaza%20de%20Lago%20Verde&#038;body=https:\/\/radiorevelacionfm.cl\/?p=4971' aria-hidden='false' data-av_icon='\ue805' data-av_iconfont='entypo-fontello' title='' data-avia-related-tooltip='Compartir por correo'><span class='avia_hidden_link_text'>Compartir por correo<\/span><\/a><\/li><\/ul><\/div><\/div>\n<div  style='height:50px' class='hr hr-invisible   avia-builder-el-8  el_after_av_social_share  el_before_av_comments_list '><span class='hr-inner ' ><span class='hr-inner-style'><\/span><\/span><\/div>\n<div  class='av-buildercomment  av-blog-meta-html-info-disabled av-blog-meta-tag-disabled  '><\/div>\n","protected":false},"excerpt":{"rendered":"","protected":false},"author":1,"featured_media":4972,"comment_status":"open","ping_status":"open","sticky":false,"template":"","format":"standard","meta":{"footnotes":""},"categories":[38],"tags":[],"class_list":["post-4971","post","type-post","status-publish","format-standard","has-post-thumbnail","hentry","category-regional"],"jetpack_featured_media_url":"https:\/\/radiorevelacionfm.cl\/wp-content\/uploads\/2021\/06\/PLAZA-LAGO-VERDE-1-1-1.jpeg","_links":{"self":[{"href":"https:\/\/radiorevelacionfm.cl\/index.php?rest_route=\/wp\/v2\/posts\/4971","targetHints":{"allow":["GET"]}}],"collection":[{"href":"https:\/\/radiorevelacionfm.cl\/index.php?rest_route=\/wp\/v2\/posts"}],"about":[{"href":"https:\/\/radiorevelacionfm.cl\/index.php?rest_route=\/wp\/v2\/types\/post"}],"author":[{"embeddable":true,"href":"https:\/\/radiorevelacionfm.cl\/index.php?rest_route=\/wp\/v2\/users\/1"}],"replies":[{"embeddable":true,"href":"https:\/\/radiorevelacionfm.cl\/index.php?rest_route=%2Fwp%2Fv2%2Fcomments&post=4971"}],"version-history":[{"count":1,"href":"https:\/\/radiorevelacionfm.cl\/index.php?rest_route=\/wp\/v2\/posts\/4971\/revisions"}],"predecessor-version":[{"id":4973,"href":"https:\/\/radiorevelacionfm.cl\/index.php?rest_route=\/wp\/v2\/posts\/4971\/revisions\/4973"}],"wp:featuredmedia":[{"embeddable":true,"href":"https:\/\/radiorevelacionfm.cl\/index.php?rest_route=\/wp\/v2\/media\/4972"}],"wp:attachment":[{"href":"https:\/\/radiorevelacionfm.cl\/index.php?rest_route=%2Fwp%2Fv2%2Fmedia&parent=4971"}],"wp:term":[{"taxonomy":"category","embeddable":true,"href":"https:\/\/radiorevelacionfm.cl\/index.php?rest_route=%2Fwp%2Fv2%2Fcategories&post=4971"},{"taxonomy":"post_tag","embeddable":true,"href":"https:\/\/radiorevelacionfm.cl\/index.php?rest_route=%2Fwp%2Fv2%2Ftags&post=4971"}],"curies":[{"name":"wp","href":"https:\/\/api.w.org\/{rel}","templated":true}]}}