{"id":49689,"date":"2025-01-16T11:27:27","date_gmt":"2025-01-16T14:27:27","guid":{"rendered":"https:\/\/radiorevelacionfm.cl\/?p=49689"},"modified":"2025-01-16T11:27:27","modified_gmt":"2025-01-16T14:27:27","slug":"parvulos-de-la-region-de-aysen-disfrutan-del-programa-vacaciones-en-mi-jardin-2025","status":"publish","type":"post","link":"https:\/\/radiorevelacionfm.cl\/?p=49689","title":{"rendered":"P\u00e1rvulos de la regi\u00f3n de Ays\u00e9n disfrutan del programa \u00abVacaciones en Mi Jard\u00edn\u00bb 2025"},"content":{"rendered":"<div class=\"flex_column av_one_full  flex_column_div av-zero-column-padding first  avia-builder-el-0  el_before_av_one_full  avia-builder-el-first  \" style='border-radius:0px; '><div  class='avia-image-container  av-styling-    avia-builder-el-1  avia-builder-el-no-sibling  avia-align-center '  itemprop=\"image\" itemscope=\"itemscope\" itemtype=\"https:\/\/schema.org\/ImageObject\"  ><div class='avia-image-container-inner'><div class='avia-image-overlay-wrap'><img decoding=\"async\" class='wp-image-49693 avia-img-lazy-loading-not-49693 avia_image' src=\"https:\/\/radiorevelacionfm.cl\/wp-content\/uploads\/2025\/01\/IMG_9672-min-1-1-1.jpg\" alt='' title='IMG_9672-min (1) (1) (1)' height=\"600\" width=\"902\"  itemprop=\"thumbnailUrl\" srcset=\"https:\/\/radiorevelacionfm.cl\/wp-content\/uploads\/2025\/01\/IMG_9672-min-1-1-1.jpg 902w, https:\/\/radiorevelacionfm.cl\/wp-content\/uploads\/2025\/01\/IMG_9672-min-1-1-1-300x200.jpg 300w, https:\/\/radiorevelacionfm.cl\/wp-content\/uploads\/2025\/01\/IMG_9672-min-1-1-1-768x511.jpg 768w, https:\/\/radiorevelacionfm.cl\/wp-content\/uploads\/2025\/01\/IMG_9672-min-1-1-1-705x469.jpg 705w, https:\/\/radiorevelacionfm.cl\/wp-content\/uploads\/2025\/01\/IMG_9672-min-1-1-1-450x299.jpg 450w, https:\/\/radiorevelacionfm.cl\/wp-content\/uploads\/2025\/01\/IMG_9672-min-1-1-1-600x399.jpg 600w\" sizes=\"(max-width: 902px) 100vw, 902px\" \/><\/div><\/div><\/div><\/div><div class=\"flex_column av_one_full  flex_column_div av-zero-column-padding first  avia-builder-el-2  el_after_av_one_full  el_before_av_one_full  column-top-margin\" style='border-radius:0px; '><section class=\"av_textblock_section \"  itemscope=\"itemscope\" itemtype=\"https:\/\/schema.org\/BlogPosting\" itemprop=\"blogPost\" ><div class='avia_textblock  '   itemprop=\"text\" ><p style=\"text-align: center;\"><strong><span style=\"font-size: 18pt;\">P\u00e1rvulos de la regi\u00f3n de Ays\u00e9n disfrutan del programa \u00abVacaciones en Mi Jard\u00edn\u00bb 2025<\/span><\/strong><\/p>\n<div id=\"gtx-trans\" style=\"position: absolute; left: -50px; top: 4.31534px;\">\n<div class=\"gtx-trans-icon\"><\/div>\n<\/div>\n<\/div><\/section><\/div><div class=\"flex_column av_one_full  flex_column_div av-zero-column-padding first  avia-builder-el-4  el_after_av_one_full  el_before_av_hr  column-top-margin\" style='border-radius:0px; '><section class=\"av_textblock_section \"  itemscope=\"itemscope\" itemtype=\"https:\/\/schema.org\/BlogPosting\" itemprop=\"blogPost\" ><div class='avia_textblock  '   itemprop=\"text\" ><p style=\"font-weight: 400; text-align: justify;\"><em>Fundaci\u00f3n Integra dio inicio a una nueva versi\u00f3n del programa \u00abVacaciones en Mi Jard\u00edn\u00bb (VMJ), una iniciativa que combina diversi\u00f3n, aprendizaje y bienestar para ni\u00f1os y ni\u00f1as durante el verano, reafirmando el compromiso de la instituci\u00f3n con la educaci\u00f3n gratuita y de calidad.<\/em><\/p>\n<p style=\"font-weight: 400; text-align: justify;\">Este lunes 13 de enero y hasta el 21 de febrero tres jardines infantiles de Fundaci\u00f3n Integra en la regi\u00f3n de Ays\u00e9n abren sus puertas para una nueva versi\u00f3n del programa \u201cVacaciones en Mi Jard\u00edn\u201d (VMJ), permitiendo atender a 192 p\u00e1rvulos entre los tres meses y los cinco a\u00f1os de edad, reafirmando el compromiso de la instituci\u00f3n de garantizar espacios educativos gratuitos, diversos y de calidad.<\/p>\n<p style=\"font-weight: 400; text-align: justify;\">La directora regional de Fundaci\u00f3n Integra, Leticia Araya Norambuena, destac\u00f3 que \u201ceste programa busca que los ni\u00f1os y las ni\u00f1as puedan tener la oportunidad de disfrutar de las vacaciones en el jard\u00edn infantil con equipos educativos que est\u00e1n preparados y capacitados para esto en un espacio dise\u00f1ado para su bienestar y felicidad. Nos enfocamos en el juego como eje principal, fomentando su desarrollo integral en un ambiente de cuidado y recreaci\u00f3n.\u00bb<\/p>\n<p style=\"font-weight: 400; text-align: justify;\">El prop\u00f3sito principal del programa es ofrecer a los ni\u00f1os y ni\u00f1as un espacio enriquecido y seguro donde puedan desarrollar su creatividad, fortalecer v\u00ednculos con sus pares y disfrutar de experiencias l\u00fadicas y recreativas. Este enfoque est\u00e1 dise\u00f1ado especialmente para beneficiar a las familias que trabajan y necesitan apoyo durante las vacaciones.<\/p>\n<p style=\"font-weight: 400; text-align: justify;\">La directora del VMJ del jard\u00edn Infantil y sala cuna \u201cMackay\u201d, Andrea Vera se\u00f1ala que \u201clas expectativas son altas, pero estamos preparados para poder desarrollar actividades que permitan que los ni\u00f1os y ni\u00f1as lo pasen bien y sea un espacio donde ellos lo pasen bien\u201d.<\/p>\n<p style=\"font-weight: 400; text-align: justify;\">Cabe destacar que en la regi\u00f3n son tres los establecimientos que est\u00e1n desarrollando este programa como lo son los jardines infantiles: Mackay quien atender\u00e1 a 76 p\u00e1rvulos; Nueva Esperanza con 68 p\u00e1rvulos y Los Chilcos quien recibir\u00e1 a 48 ni\u00f1os y ni\u00f1as.<\/p>\n<p style=\"font-weight: 400; text-align: justify;\"><strong>Capacitaci\u00f3n y compromiso de los equipos educativos<\/strong><\/p>\n<p style=\"font-weight: 400; text-align: justify;\">Para garantizar el \u00e9xito del programa, Fundaci\u00f3n Integra llev\u00f3 a cabo un proceso de capacitaci\u00f3n con los equipos educativos que estar\u00e1n a cargo del VMJ. Estas instancias incluyeron formaci\u00f3n en la planificaci\u00f3n de actividades, organizaci\u00f3n de ambientes educativos y estrategias para diversificar las oportunidades de juego, asegurando as\u00ed una experiencia significativa para cada ni\u00f1o y ni\u00f1a participante.<\/p>\n<p style=\"font-weight: 400; text-align: justify;\">Desde la Oficina Regional, se han establecido jornadas de inducci\u00f3n y planificaci\u00f3n con los equipos de los jardines infantiles participantes. Esto incluye talleres pr\u00e1cticos para reforzar lineamientos institucionales como el buentrato, el protagonismo infantil y la creaci\u00f3n de ambientes educativos estimulantes.<\/p>\n<p style=\"font-weight: 400; text-align: justify;\"><strong>Un programa al servicio de las familias<\/strong><\/p>\n<p style=\"font-weight: 400; text-align: justify;\">El programa no solo busca ser un apoyo para las familias, sino tambi\u00e9n ofrecer una experiencia \u00fanica para los ni\u00f1os y ni\u00f1as, promoviendo actividades que incluyan juegos al aire libre, din\u00e1micas creativas y espacios de exploraci\u00f3n.<\/p>\n<p style=\"font-weight: 400; text-align: justify;\">Fundaci\u00f3n Integra, con 34 a\u00f1os de experiencia y m\u00e1s de 1.200 salas cuna y jardines infantiles gratuitos en todo el pa\u00eds, trabaja para que ni\u00f1as y ni\u00f1os alcancen su desarrollo pleno, bienestar integral y aprendizajes significativos, a trav\u00e9s de su protagonismo en espacios educativos amorosos, inclusivos, diversos y de calidad.<\/p>\n<\/div><\/section><\/div><div  style='height:50px' class='hr hr-invisible   avia-builder-el-6  el_after_av_one_full  el_before_av_social_share '><span class='hr-inner ' ><span class='hr-inner-style'><\/span><\/span><\/div><\/p>\n<div  class='av-social-sharing-box  avia-builder-el-7  el_after_av_hr  el_before_av_hr  '><div class='av-share-box'><h5 class='av-share-link-description av-no-toc '>Compartir esta noticia<\/h5><ul class='av-share-box-list noLightbox'><li class='av-share-link av-social-link-facebook' ><a target=\"_blank\" aria-label=\"Compartir en Facebook\" href='https:\/\/www.facebook.com\/sharer.php?u=https:\/\/radiorevelacionfm.cl\/?p=49689&#038;t=P%C3%A1rvulos%20de%20la%20regi%C3%B3n%20de%20Ays%C3%A9n%20disfrutan%20del%20programa%20%C2%ABVacaciones%20en%20Mi%20Jard%C3%ADn%C2%BB%202025' aria-hidden='false' data-av_icon='\ue8f3' data-av_iconfont='entypo-fontello' title='' data-avia-related-tooltip='Compartir en Facebook' rel=\"noopener\"><span class='avia_hidden_link_text'>Compartir en Facebook<\/span><\/a><\/li><li class='av-share-link av-social-link-twitter' ><a target=\"_blank\" aria-label=\"Compartir en Twitter\" href='https:\/\/twitter.com\/share?text=P%C3%A1rvulos%20de%20la%20regi%C3%B3n%20de%20Ays%C3%A9n%20disfrutan%20del%20programa%20%C2%ABVacaciones%20en%20Mi%20Jard%C3%ADn%C2%BB%202025&#038;url=https:\/\/radiorevelacionfm.cl\/?p=49689' aria-hidden='false' data-av_icon='\ue8f1' data-av_iconfont='entypo-fontello' title='' data-avia-related-tooltip='Compartir en Twitter' rel=\"noopener\"><span class='avia_hidden_link_text'>Compartir en Twitter<\/span><\/a><\/li><li class='av-share-link av-social-link-whatsapp' ><a target=\"_blank\" aria-label=\"Compartir en Whatsapp\" href='https:\/\/api.whatsapp.com\/send?text=https:\/\/radiorevelacionfm.cl\/?p=49689' aria-hidden='false' data-av_icon='\uf232' data-av_iconfont='entypo-fontello' title='' data-avia-related-tooltip='Compartir en Whatsapp' rel=\"noopener\"><span class='avia_hidden_link_text'>Compartir en Whatsapp<\/span><\/a><\/li><li class='av-share-link av-social-link-linkedin' ><a target=\"_blank\" aria-label=\"Compartir en LinkedIn\" href='https:\/\/linkedin.com\/shareArticle?mini=true&#038;title=P%C3%A1rvulos%20de%20la%20regi%C3%B3n%20de%20Ays%C3%A9n%20disfrutan%20del%20programa%20%C2%ABVacaciones%20en%20Mi%20Jard%C3%ADn%C2%BB%202025&#038;url=https:\/\/radiorevelacionfm.cl\/?p=49689' aria-hidden='false' data-av_icon='\ue8fc' data-av_iconfont='entypo-fontello' title='' data-avia-related-tooltip='Compartir en LinkedIn' rel=\"noopener\"><span class='avia_hidden_link_text'>Compartir en LinkedIn<\/span><\/a><\/li><li class='av-share-link av-social-link-mail' ><a  aria-label=\"Compartir por correo\" href='mailto:?subject=P%C3%A1rvulos%20de%20la%20regi%C3%B3n%20de%20Ays%C3%A9n%20disfrutan%20del%20programa%20%C2%ABVacaciones%20en%20Mi%20Jard%C3%ADn%C2%BB%202025&#038;body=https:\/\/radiorevelacionfm.cl\/?p=49689' aria-hidden='false' data-av_icon='\ue805' data-av_iconfont='entypo-fontello' title='' data-avia-related-tooltip='Compartir por correo'><span class='avia_hidden_link_text'>Compartir por correo<\/span><\/a><\/li><\/ul><\/div><\/div>\n<div  style='height:50px' class='hr hr-invisible   avia-builder-el-8  el_after_av_social_share  el_before_av_comments_list '><span class='hr-inner ' ><span class='hr-inner-style'><\/span><\/span><\/div>\n<div  class='av-buildercomment  av-blog-meta-html-info-disabled av-blog-meta-tag-disabled  '><\/div>\n","protected":false},"excerpt":{"rendered":"","protected":false},"author":1,"featured_media":49693,"comment_status":"open","ping_status":"open","sticky":false,"template":"","format":"standard","meta":{"footnotes":""},"categories":[49],"tags":[],"class_list":["post-49689","post","type-post","status-publish","format-standard","has-post-thumbnail","hentry","category-educacion"],"jetpack_featured_media_url":"https:\/\/radiorevelacionfm.cl\/wp-content\/uploads\/2025\/01\/IMG_9672-min-1-1-1.jpg","_links":{"self":[{"href":"https:\/\/radiorevelacionfm.cl\/index.php?rest_route=\/wp\/v2\/posts\/49689","targetHints":{"allow":["GET"]}}],"collection":[{"href":"https:\/\/radiorevelacionfm.cl\/index.php?rest_route=\/wp\/v2\/posts"}],"about":[{"href":"https:\/\/radiorevelacionfm.cl\/index.php?rest_route=\/wp\/v2\/types\/post"}],"author":[{"embeddable":true,"href":"https:\/\/radiorevelacionfm.cl\/index.php?rest_route=\/wp\/v2\/users\/1"}],"replies":[{"embeddable":true,"href":"https:\/\/radiorevelacionfm.cl\/index.php?rest_route=%2Fwp%2Fv2%2Fcomments&post=49689"}],"version-history":[{"count":1,"href":"https:\/\/radiorevelacionfm.cl\/index.php?rest_route=\/wp\/v2\/posts\/49689\/revisions"}],"predecessor-version":[{"id":49694,"href":"https:\/\/radiorevelacionfm.cl\/index.php?rest_route=\/wp\/v2\/posts\/49689\/revisions\/49694"}],"wp:featuredmedia":[{"embeddable":true,"href":"https:\/\/radiorevelacionfm.cl\/index.php?rest_route=\/wp\/v2\/media\/49693"}],"wp:attachment":[{"href":"https:\/\/radiorevelacionfm.cl\/index.php?rest_route=%2Fwp%2Fv2%2Fmedia&parent=49689"}],"wp:term":[{"taxonomy":"category","embeddable":true,"href":"https:\/\/radiorevelacionfm.cl\/index.php?rest_route=%2Fwp%2Fv2%2Fcategories&post=49689"},{"taxonomy":"post_tag","embeddable":true,"href":"https:\/\/radiorevelacionfm.cl\/index.php?rest_route=%2Fwp%2Fv2%2Ftags&post=49689"}],"curies":[{"name":"wp","href":"https:\/\/api.w.org\/{rel}","templated":true}]}}