{"id":49683,"date":"2025-01-15T23:11:17","date_gmt":"2025-01-16T02:11:17","guid":{"rendered":"https:\/\/radiorevelacionfm.cl\/?p=49683"},"modified":"2025-01-15T23:11:17","modified_gmt":"2025-01-16T02:11:17","slug":"declaran-alerta-amarilla-para-la-comuna-de-chile-chico-por-incendio-forestal","status":"publish","type":"post","link":"https:\/\/radiorevelacionfm.cl\/?p=49683","title":{"rendered":"Declaran alerta amarilla para la comuna de Chile Chico por incendio forestal"},"content":{"rendered":"<div class=\"flex_column av_one_full  flex_column_div av-zero-column-padding first  avia-builder-el-0  el_before_av_one_full  avia-builder-el-first  \" style='border-radius:0px; '><div  class='avia-image-container  av-styling-    avia-builder-el-1  avia-builder-el-no-sibling  avia-align-center '  itemprop=\"image\" itemscope=\"itemscope\" itemtype=\"https:\/\/schema.org\/ImageObject\"  ><div class='avia-image-container-inner'><div class='avia-image-overlay-wrap'><img decoding=\"async\" class='wp-image-49684 avia-img-lazy-loading-not-49684 avia_image' src=\"https:\/\/radiorevelacionfm.cl\/wp-content\/uploads\/2025\/01\/Conaf_20220906160552-1.jpg\" alt='' title='Conaf_20220906160552 (1)' height=\"600\" width=\"1070\"  itemprop=\"thumbnailUrl\" srcset=\"https:\/\/radiorevelacionfm.cl\/wp-content\/uploads\/2025\/01\/Conaf_20220906160552-1.jpg 1070w, https:\/\/radiorevelacionfm.cl\/wp-content\/uploads\/2025\/01\/Conaf_20220906160552-1-300x168.jpg 300w, https:\/\/radiorevelacionfm.cl\/wp-content\/uploads\/2025\/01\/Conaf_20220906160552-1-1030x578.jpg 1030w, https:\/\/radiorevelacionfm.cl\/wp-content\/uploads\/2025\/01\/Conaf_20220906160552-1-768x431.jpg 768w, https:\/\/radiorevelacionfm.cl\/wp-content\/uploads\/2025\/01\/Conaf_20220906160552-1-705x395.jpg 705w, https:\/\/radiorevelacionfm.cl\/wp-content\/uploads\/2025\/01\/Conaf_20220906160552-1-450x252.jpg 450w, https:\/\/radiorevelacionfm.cl\/wp-content\/uploads\/2025\/01\/Conaf_20220906160552-1-600x336.jpg 600w\" sizes=\"(max-width: 1070px) 100vw, 1070px\" \/><\/div><\/div><\/div><\/div><div class=\"flex_column av_one_full  flex_column_div av-zero-column-padding first  avia-builder-el-2  el_after_av_one_full  el_before_av_one_full  column-top-margin\" style='border-radius:0px; '><section class=\"av_textblock_section \"  itemscope=\"itemscope\" itemtype=\"https:\/\/schema.org\/BlogPosting\" itemprop=\"blogPost\" ><div class='avia_textblock  '   itemprop=\"text\" ><p style=\"text-align: center;\"><strong><span style=\"font-size: 18pt;\">Declaran alerta amarilla para la comuna de Chile Chico por incendio forestal<\/span><\/strong><\/p>\n<div id=\"gtx-trans\" style=\"position: absolute; left: -50px; top: 4.31534px;\">\n<div class=\"gtx-trans-icon\"><\/div>\n<\/div>\n<\/div><\/section><\/div><div class=\"flex_column av_one_full  flex_column_div av-zero-column-padding first  avia-builder-el-4  el_after_av_one_full  el_before_av_hr  column-top-margin\" style='border-radius:0px; '><section class=\"av_textblock_section \"  itemscope=\"itemscope\" itemtype=\"https:\/\/schema.org\/BlogPosting\" itemprop=\"blogPost\" ><div class='avia_textblock  '   itemprop=\"text\" ><p style=\"text-align: justify;\">De acuerdo con lo informado por CONAF, incendio forestal \u00abFachinal\u00bb presenta proyecci\u00f3n a una vivienda ubicada a una distancia promedio de 500 metros. Asimismo, en el sector se registra fuerte viento y topograf\u00eda abrupta, anticipando igualmente amenaza al \u00c1rea Silvestre Protegida Parque Nacional Patagonia, a una distancia de 1.800 metros.<\/p>\n<div style=\"text-align: justify;\">\n<table>\n<tbody>\n<tr>\n<td>\n<div>Nombre del incendio<\/div>\n<\/td>\n<td>\n<div>Fachinal<\/div>\n<\/td>\n<\/tr>\n<tr>\n<td>\n<div>Comuna (sector)<\/div>\n<\/td>\n<td>\n<div>Chile Chico<\/div>\n<\/td>\n<\/tr>\n<tr>\n<td>\n<div>Estado<\/div>\n<\/td>\n<td>\n<div>En combate<\/div>\n<\/td>\n<\/tr>\n<tr>\n<td>\n<div>Superficie<\/div>\n<\/td>\n<td>\n<div>1 hect\u00e1rea<\/div>\n<\/td>\n<\/tr>\n<tr>\n<td>\n<div>Observaciones<\/div>\n<\/td>\n<td>\n<div>Incendio forestal se desarrolla en Ruta CH-265, sector de San Sebastian.<\/div>\n<\/td>\n<\/tr>\n<tr>\n<td>\n<div>Recursos<\/div>\n<\/td>\n<td>\n<div>Compa\u00f1\u00eda de Bomberos de Chile Chico, 2 brigadas y 1 t\u00e9cnico CONAF.<\/div>\n<\/td>\n<\/tr>\n<\/tbody>\n<\/table>\n<\/div>\n<div style=\"text-align: justify;\">\n<p>En consideraci\u00f3n a estos antecedentes y en base a la informaci\u00f3n t\u00e9cnica proporcionada por CONAF, en coordinaci\u00f3n con la Delegaci\u00f3n Presidencial Regional de Ays\u00e9n del General Carlos Ib\u00e1\u00f1ez del Campo, la Direcci\u00f3n Regional de SENAPRED declara Alerta Amarilla para la comuna de Chile Chico por incendio forestal, vigente desde hoy y hasta que las condiciones del incendio as\u00ed lo ameriten.<\/p>\n<p>Con la declaraci\u00f3n de la Alerta Amarilla, se alistar\u00e1n escalonadamente los recursos necesarios, en apoyo adicional a lo ya desplegado por CONAF, Bomberos y el Sistema Nacional de Prevenci\u00f3n y Respuesta ante\u00a0Desastres; para intervenir de acuerdo a la evoluci\u00f3n del evento, con el objeto de evitar que \u00e9ste crezca en extensi\u00f3n y severidad, minimizando los efectos negativos en las personas, sus bienes y el medio ambiente.<\/p>\n<\/div>\n<\/div><\/section><\/div><div  style='height:50px' class='hr hr-invisible   avia-builder-el-6  el_after_av_one_full  el_before_av_social_share '><span class='hr-inner ' ><span class='hr-inner-style'><\/span><\/span><\/div><\/p>\n<div  class='av-social-sharing-box  avia-builder-el-7  el_after_av_hr  el_before_av_hr  '><div class='av-share-box'><h5 class='av-share-link-description av-no-toc '>Compartir esta noticia<\/h5><ul class='av-share-box-list noLightbox'><li class='av-share-link av-social-link-facebook' ><a target=\"_blank\" aria-label=\"Compartir en Facebook\" href='https:\/\/www.facebook.com\/sharer.php?u=https:\/\/radiorevelacionfm.cl\/?p=49683&#038;t=Declaran%20alerta%20amarilla%20para%20la%20comuna%20de%20Chile%20Chico%20por%20incendio%20forestal' aria-hidden='false' data-av_icon='\ue8f3' data-av_iconfont='entypo-fontello' title='' data-avia-related-tooltip='Compartir en Facebook' rel=\"noopener\"><span class='avia_hidden_link_text'>Compartir en Facebook<\/span><\/a><\/li><li class='av-share-link av-social-link-twitter' ><a target=\"_blank\" aria-label=\"Compartir en Twitter\" href='https:\/\/twitter.com\/share?text=Declaran%20alerta%20amarilla%20para%20la%20comuna%20de%20Chile%20Chico%20por%20incendio%20forestal&#038;url=https:\/\/radiorevelacionfm.cl\/?p=49683' aria-hidden='false' data-av_icon='\ue8f1' data-av_iconfont='entypo-fontello' title='' data-avia-related-tooltip='Compartir en Twitter' rel=\"noopener\"><span class='avia_hidden_link_text'>Compartir en Twitter<\/span><\/a><\/li><li class='av-share-link av-social-link-whatsapp' ><a target=\"_blank\" aria-label=\"Compartir en Whatsapp\" href='https:\/\/api.whatsapp.com\/send?text=https:\/\/radiorevelacionfm.cl\/?p=49683' aria-hidden='false' data-av_icon='\uf232' data-av_iconfont='entypo-fontello' title='' data-avia-related-tooltip='Compartir en Whatsapp' rel=\"noopener\"><span class='avia_hidden_link_text'>Compartir en Whatsapp<\/span><\/a><\/li><li class='av-share-link av-social-link-linkedin' ><a target=\"_blank\" aria-label=\"Compartir en LinkedIn\" href='https:\/\/linkedin.com\/shareArticle?mini=true&#038;title=Declaran%20alerta%20amarilla%20para%20la%20comuna%20de%20Chile%20Chico%20por%20incendio%20forestal&#038;url=https:\/\/radiorevelacionfm.cl\/?p=49683' aria-hidden='false' data-av_icon='\ue8fc' data-av_iconfont='entypo-fontello' title='' data-avia-related-tooltip='Compartir en LinkedIn' rel=\"noopener\"><span class='avia_hidden_link_text'>Compartir en LinkedIn<\/span><\/a><\/li><li class='av-share-link av-social-link-mail' ><a  aria-label=\"Compartir por correo\" href='mailto:?subject=Declaran%20alerta%20amarilla%20para%20la%20comuna%20de%20Chile%20Chico%20por%20incendio%20forestal&#038;body=https:\/\/radiorevelacionfm.cl\/?p=49683' aria-hidden='false' data-av_icon='\ue805' data-av_iconfont='entypo-fontello' title='' data-avia-related-tooltip='Compartir por correo'><span class='avia_hidden_link_text'>Compartir por correo<\/span><\/a><\/li><\/ul><\/div><\/div>\n<div  style='height:50px' class='hr hr-invisible   avia-builder-el-8  el_after_av_social_share  el_before_av_comments_list '><span class='hr-inner ' ><span class='hr-inner-style'><\/span><\/span><\/div>\n<div  class='av-buildercomment  av-blog-meta-html-info-disabled av-blog-meta-tag-disabled  '><\/div>\n","protected":false},"excerpt":{"rendered":"","protected":false},"author":1,"featured_media":49684,"comment_status":"open","ping_status":"open","sticky":false,"template":"","format":"standard","meta":{"footnotes":""},"categories":[38],"tags":[],"class_list":["post-49683","post","type-post","status-publish","format-standard","has-post-thumbnail","hentry","category-regional"],"jetpack_featured_media_url":"https:\/\/radiorevelacionfm.cl\/wp-content\/uploads\/2025\/01\/Conaf_20220906160552-1.jpg","_links":{"self":[{"href":"https:\/\/radiorevelacionfm.cl\/index.php?rest_route=\/wp\/v2\/posts\/49683","targetHints":{"allow":["GET"]}}],"collection":[{"href":"https:\/\/radiorevelacionfm.cl\/index.php?rest_route=\/wp\/v2\/posts"}],"about":[{"href":"https:\/\/radiorevelacionfm.cl\/index.php?rest_route=\/wp\/v2\/types\/post"}],"author":[{"embeddable":true,"href":"https:\/\/radiorevelacionfm.cl\/index.php?rest_route=\/wp\/v2\/users\/1"}],"replies":[{"embeddable":true,"href":"https:\/\/radiorevelacionfm.cl\/index.php?rest_route=%2Fwp%2Fv2%2Fcomments&post=49683"}],"version-history":[{"count":1,"href":"https:\/\/radiorevelacionfm.cl\/index.php?rest_route=\/wp\/v2\/posts\/49683\/revisions"}],"predecessor-version":[{"id":49685,"href":"https:\/\/radiorevelacionfm.cl\/index.php?rest_route=\/wp\/v2\/posts\/49683\/revisions\/49685"}],"wp:featuredmedia":[{"embeddable":true,"href":"https:\/\/radiorevelacionfm.cl\/index.php?rest_route=\/wp\/v2\/media\/49684"}],"wp:attachment":[{"href":"https:\/\/radiorevelacionfm.cl\/index.php?rest_route=%2Fwp%2Fv2%2Fmedia&parent=49683"}],"wp:term":[{"taxonomy":"category","embeddable":true,"href":"https:\/\/radiorevelacionfm.cl\/index.php?rest_route=%2Fwp%2Fv2%2Fcategories&post=49683"},{"taxonomy":"post_tag","embeddable":true,"href":"https:\/\/radiorevelacionfm.cl\/index.php?rest_route=%2Fwp%2Fv2%2Ftags&post=49683"}],"curies":[{"name":"wp","href":"https:\/\/api.w.org\/{rel}","templated":true}]}}