{"id":49680,"date":"2025-01-16T10:47:22","date_gmt":"2025-01-16T13:47:22","guid":{"rendered":"https:\/\/radiorevelacionfm.cl\/?p=49680"},"modified":"2025-01-16T13:10:58","modified_gmt":"2025-01-16T16:10:58","slug":"cde-anuncia-querellas-contra-diputada-catalina-perez-y-fiscal-de-aysen-carlos-palma","status":"publish","type":"post","link":"https:\/\/radiorevelacionfm.cl\/?p=49680","title":{"rendered":"CDE anuncia querellas contra diputada Catalina P\u00e9rez y fiscal de Ays\u00e9n Carlos Palma"},"content":{"rendered":"<div class=\"flex_column av_one_full  flex_column_div av-zero-column-padding first  avia-builder-el-0  el_before_av_one_full  avia-builder-el-first  \" style='border-radius:0px; '><div  class='avia-image-container  av-styling-    avia-builder-el-1  avia-builder-el-no-sibling  avia-align-center '  itemprop=\"image\" itemscope=\"itemscope\" itemtype=\"https:\/\/schema.org\/ImageObject\"  ><div class='avia-image-container-inner'><div class='avia-image-overlay-wrap'><img decoding=\"async\" class='wp-image-49697 avia-img-lazy-loading-not-49697 avia_image' src=\"https:\/\/radiorevelacionfm.cl\/wp-content\/uploads\/2025\/01\/Post-1-2-1-1-1.jpg\" alt='' title='Post 1 (2) (1) (1)' height=\"600\" width=\"825\"  itemprop=\"thumbnailUrl\" srcset=\"https:\/\/radiorevelacionfm.cl\/wp-content\/uploads\/2025\/01\/Post-1-2-1-1-1.jpg 825w, https:\/\/radiorevelacionfm.cl\/wp-content\/uploads\/2025\/01\/Post-1-2-1-1-1-300x218.jpg 300w, https:\/\/radiorevelacionfm.cl\/wp-content\/uploads\/2025\/01\/Post-1-2-1-1-1-768x559.jpg 768w, https:\/\/radiorevelacionfm.cl\/wp-content\/uploads\/2025\/01\/Post-1-2-1-1-1-705x513.jpg 705w, https:\/\/radiorevelacionfm.cl\/wp-content\/uploads\/2025\/01\/Post-1-2-1-1-1-450x327.jpg 450w, https:\/\/radiorevelacionfm.cl\/wp-content\/uploads\/2025\/01\/Post-1-2-1-1-1-600x436.jpg 600w\" sizes=\"(max-width: 825px) 100vw, 825px\" \/><\/div><\/div><\/div><\/div><div class=\"flex_column av_one_full  flex_column_div av-zero-column-padding first  avia-builder-el-2  el_after_av_one_full  el_before_av_one_full  column-top-margin\" style='border-radius:0px; '><section class=\"av_textblock_section \"  itemscope=\"itemscope\" itemtype=\"https:\/\/schema.org\/BlogPosting\" itemprop=\"blogPost\" ><div class='avia_textblock  '   itemprop=\"text\" ><p style=\"text-align: center;\"><strong><span style=\"font-size: 18pt;\">CDE anuncia querellas contra diputada Catalina P\u00e9rez y fiscal de Ays\u00e9n Carlos Palma<\/span><\/strong><\/p>\n<div id=\"gtx-trans\" style=\"position: absolute; left: -50px; top: 4.31534px;\">\n<div class=\"gtx-trans-icon\"><\/div>\n<\/div>\n<\/div><\/section><\/div><\/p>\n<div class=\"flex_column av_one_full  flex_column_div av-zero-column-padding first  avia-builder-el-4  el_after_av_one_full  el_before_av_hr  column-top-margin\" style='border-radius:0px; '><section class=\"av_textblock_section \"  itemscope=\"itemscope\" itemtype=\"https:\/\/schema.org\/BlogPosting\" itemprop=\"blogPost\" ><div class='avia_textblock  '   itemprop=\"text\" ><p style=\"text-align: justify;\"><em>El fiscal regional de Ays\u00e9n es investigado por, presuntamente, haber filtrado informaci\u00f3n reservada a Luis Hermosilla en una causa por drogas.<\/em><\/p>\n<p style=\"text-align: justify;\">El\u00a0Consejo de Defensa del Estado\u00a0(CDE) inform\u00f3 este martes que\u00a0presentar\u00e1 querellas criminales\u00a0en el marco de\u00a0la investigaci\u00f3n penal contra la fundaci\u00f3n\u00a0<a href=\"https:\/\/www.cooperativa.cl\/noticias\/pais\/judicial\/denuncias-de-corrupcion\/justicia-ordena-disolucion-de-democracia-viva-por-incumplimiento-de\/2024-05-09\/222334.html\">Democracia Viva<\/a>,\u00a0<a href=\"https:\/\/www.cooperativa.cl\/noticias\/pais\/judicial\/denuncias-de-corrupcion\/convenios-tribunal-unifico-causas-de-la-arista-democracia-viva\/2024-07-18\/121113.html\">causa madre del caso convenios<\/a>, y tambi\u00e9n en la indagatoria contra el fiscal de Ays\u00e9n, Carlos Palma, por presunta violaci\u00f3n de secreto.<\/p>\n<p style=\"text-align: justify;\">Respecto de Democracia Vida, el \u00f3rgano colegiado detall\u00f3 que\u00a0decidi\u00f3 ampliar su querella criminal contra la diputada Catalina P\u00e9rez \u00abpor su participaci\u00f3n en calidad de c\u00f3mplice del delito de fraude al Fisco\u00bb.<\/p>\n<p style=\"text-align: justify;\">El organismo tambi\u00e9n anunci\u00f3 que participar\u00e1 en la pr\u00f3xima\u00a0<a href=\"https:\/\/www.cooperativa.cl\/noticias\/pais\/judicial\/denuncias-de-corrupcion\/corte-revisara-en-enero-la-solicitud-de-desaforar-a-catalina-perez\/2024-12-23\/161231.html\">audiencia de desafuero de la parlamentaria<\/a>.<\/p>\n<p style=\"text-align: justify;\">Respecto a la indagatoria contra el exfiscal regional de Ays\u00e9n, el CDE se\u00f1al\u00f3 que la acci\u00f3n penal que presentar\u00e1 contra \u00e9ste \u00faltimo se debe a\u00a0\u00absu responsabilidad en la divulgaci\u00f3n de antecedentes protegidos\u00a0por el secreto que establece el art\u00edculo 38 de la Ley 20.000,\u00a0sobre tr\u00e1fico il\u00edcito de estupefacientes\u00bb.<\/p>\n<p style=\"text-align: justify;\">Seg\u00fan\u00a0<a href=\"https:\/\/www.t13.cl\/videos\/nacional\/reportajes-t13\/exclusivo-reportajes-t13-investigan-fiscal-regional-por-audio-luis-hermosilla-22-8-2024\">un reportaje de\u00a0T13<\/a>,\u00a0Palma presuntamente se contact\u00f3 con el abogado Luis Hermosilla,\u00a0quien en su estudio contaba con un jurista que defendi\u00f3 a un imputado por tr\u00e1fico de 20 kilogramos de coca\u00edna en Ays\u00e9n.<\/p>\n<p style=\"text-align: justify;\">La eventual comunicaci\u00f3n se produjo a trav\u00e9s de un audio de Whatsapp, en el que Palma\u00a0presuntamente revel\u00f3 antecedentes del caso, lo que provoc\u00f3 que, entre otras acusaciones, en septiembre\u00a0<a href=\"https:\/\/www.cooperativa.cl\/noticias\/pais\/judicial\/denuncias-de-corrupcion\/ministerio-publico-suspende-a-fiscal-palma-por-su-vinculacion-con-caso\/2024-09-26\/152638.html\">el Ministerio P\u00fablico lo suspendiera de sus funciones<\/a> mientras es investigado.<\/p>\n<p style=\"text-align: justify;\">\u00abAmbas decisiones adoptadas se fundan en los antecedentes que, a la fecha, se han tenido a la vista de las carpetas investigativas en cada caso, a partir de los cuales es posible valorar con el debido fundamento el accionar del CDE\u00bb, explic\u00f3 el \u00f3rgano en una declaraci\u00f3n. Seg\u00fan consigna Cooperativa.cl.<\/p>\n<\/div><\/section><\/div>\n<div  style='height:50px' class='hr hr-invisible   avia-builder-el-6  el_after_av_one_full  el_before_av_social_share '><span class='hr-inner ' ><span class='hr-inner-style'><\/span><\/span><\/div>\n<div  class='av-social-sharing-box  avia-builder-el-7  el_after_av_hr  el_before_av_hr  '><div class='av-share-box'><h5 class='av-share-link-description av-no-toc '>Compartir esta noticia<\/h5><ul class='av-share-box-list noLightbox'><li class='av-share-link av-social-link-facebook' ><a target=\"_blank\" aria-label=\"Compartir en Facebook\" href='https:\/\/www.facebook.com\/sharer.php?u=https:\/\/radiorevelacionfm.cl\/?p=49680&#038;t=CDE%20anuncia%20querellas%20contra%20diputada%20Catalina%20P%C3%A9rez%20y%20fiscal%20de%20Ays%C3%A9n%20Carlos%20Palma' aria-hidden='false' data-av_icon='\ue8f3' data-av_iconfont='entypo-fontello' title='' data-avia-related-tooltip='Compartir en Facebook' rel=\"noopener\"><span class='avia_hidden_link_text'>Compartir en Facebook<\/span><\/a><\/li><li class='av-share-link av-social-link-twitter' ><a target=\"_blank\" aria-label=\"Compartir en Twitter\" href='https:\/\/twitter.com\/share?text=CDE%20anuncia%20querellas%20contra%20diputada%20Catalina%20P%C3%A9rez%20y%20fiscal%20de%20Ays%C3%A9n%20Carlos%20Palma&#038;url=https:\/\/radiorevelacionfm.cl\/?p=49680' aria-hidden='false' data-av_icon='\ue8f1' data-av_iconfont='entypo-fontello' title='' data-avia-related-tooltip='Compartir en Twitter' rel=\"noopener\"><span class='avia_hidden_link_text'>Compartir en Twitter<\/span><\/a><\/li><li class='av-share-link av-social-link-whatsapp' ><a target=\"_blank\" aria-label=\"Compartir en Whatsapp\" href='https:\/\/api.whatsapp.com\/send?text=https:\/\/radiorevelacionfm.cl\/?p=49680' aria-hidden='false' data-av_icon='\uf232' data-av_iconfont='entypo-fontello' title='' data-avia-related-tooltip='Compartir en Whatsapp' rel=\"noopener\"><span class='avia_hidden_link_text'>Compartir en Whatsapp<\/span><\/a><\/li><li class='av-share-link av-social-link-linkedin' ><a target=\"_blank\" aria-label=\"Compartir en LinkedIn\" href='https:\/\/linkedin.com\/shareArticle?mini=true&#038;title=CDE%20anuncia%20querellas%20contra%20diputada%20Catalina%20P%C3%A9rez%20y%20fiscal%20de%20Ays%C3%A9n%20Carlos%20Palma&#038;url=https:\/\/radiorevelacionfm.cl\/?p=49680' aria-hidden='false' data-av_icon='\ue8fc' data-av_iconfont='entypo-fontello' title='' data-avia-related-tooltip='Compartir en LinkedIn' rel=\"noopener\"><span class='avia_hidden_link_text'>Compartir en LinkedIn<\/span><\/a><\/li><li class='av-share-link av-social-link-mail' ><a  aria-label=\"Compartir por correo\" href='mailto:?subject=CDE%20anuncia%20querellas%20contra%20diputada%20Catalina%20P%C3%A9rez%20y%20fiscal%20de%20Ays%C3%A9n%20Carlos%20Palma&#038;body=https:\/\/radiorevelacionfm.cl\/?p=49680' aria-hidden='false' data-av_icon='\ue805' data-av_iconfont='entypo-fontello' title='' data-avia-related-tooltip='Compartir por correo'><span class='avia_hidden_link_text'>Compartir por correo<\/span><\/a><\/li><\/ul><\/div><\/div>\n<div  style='height:50px' class='hr hr-invisible   avia-builder-el-8  el_after_av_social_share  el_before_av_comments_list '><span class='hr-inner ' ><span class='hr-inner-style'><\/span><\/span><\/div>\n<div  class='av-buildercomment  av-blog-meta-html-info-disabled av-blog-meta-tag-disabled  '><\/div>\n","protected":false},"excerpt":{"rendered":"","protected":false},"author":1,"featured_media":49697,"comment_status":"open","ping_status":"open","sticky":false,"template":"","format":"standard","meta":{"footnotes":""},"categories":[61],"tags":[],"class_list":["post-49680","post","type-post","status-publish","format-standard","has-post-thumbnail","hentry","category-nacional"],"jetpack_featured_media_url":"https:\/\/radiorevelacionfm.cl\/wp-content\/uploads\/2025\/01\/Post-1-2-1-1-1.jpg","_links":{"self":[{"href":"https:\/\/radiorevelacionfm.cl\/index.php?rest_route=\/wp\/v2\/posts\/49680","targetHints":{"allow":["GET"]}}],"collection":[{"href":"https:\/\/radiorevelacionfm.cl\/index.php?rest_route=\/wp\/v2\/posts"}],"about":[{"href":"https:\/\/radiorevelacionfm.cl\/index.php?rest_route=\/wp\/v2\/types\/post"}],"author":[{"embeddable":true,"href":"https:\/\/radiorevelacionfm.cl\/index.php?rest_route=\/wp\/v2\/users\/1"}],"replies":[{"embeddable":true,"href":"https:\/\/radiorevelacionfm.cl\/index.php?rest_route=%2Fwp%2Fv2%2Fcomments&post=49680"}],"version-history":[{"count":5,"href":"https:\/\/radiorevelacionfm.cl\/index.php?rest_route=\/wp\/v2\/posts\/49680\/revisions"}],"predecessor-version":[{"id":49698,"href":"https:\/\/radiorevelacionfm.cl\/index.php?rest_route=\/wp\/v2\/posts\/49680\/revisions\/49698"}],"wp:featuredmedia":[{"embeddable":true,"href":"https:\/\/radiorevelacionfm.cl\/index.php?rest_route=\/wp\/v2\/media\/49697"}],"wp:attachment":[{"href":"https:\/\/radiorevelacionfm.cl\/index.php?rest_route=%2Fwp%2Fv2%2Fmedia&parent=49680"}],"wp:term":[{"taxonomy":"category","embeddable":true,"href":"https:\/\/radiorevelacionfm.cl\/index.php?rest_route=%2Fwp%2Fv2%2Fcategories&post=49680"},{"taxonomy":"post_tag","embeddable":true,"href":"https:\/\/radiorevelacionfm.cl\/index.php?rest_route=%2Fwp%2Fv2%2Ftags&post=49680"}],"curies":[{"name":"wp","href":"https:\/\/api.w.org\/{rel}","templated":true}]}}