{"id":49677,"date":"2025-01-16T09:48:38","date_gmt":"2025-01-16T12:48:38","guid":{"rendered":"https:\/\/radiorevelacionfm.cl\/?p=49677"},"modified":"2025-01-16T09:48:38","modified_gmt":"2025-01-16T12:48:38","slug":"sandoval-destaca-rol-de-la-universidad-de-aysen-y-cft-estatal-para-la-formacion-profesional-en-la-region","status":"publish","type":"post","link":"https:\/\/radiorevelacionfm.cl\/?p=49677","title":{"rendered":"Sandoval destaca rol de la universidad de Ays\u00e9n y CFT Estatal para la formaci\u00f3n profesional en la regi\u00f3n"},"content":{"rendered":"<div class=\"flex_column av_one_full  flex_column_div av-zero-column-padding first  avia-builder-el-0  el_before_av_one_full  avia-builder-el-first  \" style='border-radius:0px; '><div  class='avia-image-container  av-styling-    avia-builder-el-1  avia-builder-el-no-sibling  avia-align-center '  itemprop=\"image\" itemscope=\"itemscope\" itemtype=\"https:\/\/schema.org\/ImageObject\"  ><div class='avia-image-container-inner'><div class='avia-image-overlay-wrap'><img decoding=\"async\" class='wp-image-49678 avia-img-lazy-loading-not-49678 avia_image' src=\"https:\/\/radiorevelacionfm.cl\/wp-content\/uploads\/2025\/01\/Sen.-Sandoval-1-1.jpg\" alt='' title='Sen. Sandoval (1) (1)' height=\"600\" width=\"900\"  itemprop=\"thumbnailUrl\" srcset=\"https:\/\/radiorevelacionfm.cl\/wp-content\/uploads\/2025\/01\/Sen.-Sandoval-1-1.jpg 900w, https:\/\/radiorevelacionfm.cl\/wp-content\/uploads\/2025\/01\/Sen.-Sandoval-1-1-300x200.jpg 300w, https:\/\/radiorevelacionfm.cl\/wp-content\/uploads\/2025\/01\/Sen.-Sandoval-1-1-768x512.jpg 768w, https:\/\/radiorevelacionfm.cl\/wp-content\/uploads\/2025\/01\/Sen.-Sandoval-1-1-705x470.jpg 705w, https:\/\/radiorevelacionfm.cl\/wp-content\/uploads\/2025\/01\/Sen.-Sandoval-1-1-450x300.jpg 450w, https:\/\/radiorevelacionfm.cl\/wp-content\/uploads\/2025\/01\/Sen.-Sandoval-1-1-600x400.jpg 600w\" sizes=\"(max-width: 900px) 100vw, 900px\" \/><\/div><\/div><\/div><\/div><div class=\"flex_column av_one_full  flex_column_div av-zero-column-padding first  avia-builder-el-2  el_after_av_one_full  el_before_av_one_full  column-top-margin\" style='border-radius:0px; '><section class=\"av_textblock_section \"  itemscope=\"itemscope\" itemtype=\"https:\/\/schema.org\/BlogPosting\" itemprop=\"blogPost\" ><div class='avia_textblock  '   itemprop=\"text\" ><p style=\"text-align: center;\"><span style=\"font-size: 18pt;\"><strong>Sandoval destaca rol de la universidad de Ays\u00e9n y CFT Estatal para la formaci\u00f3n profesional en la regi\u00f3n<\/strong><\/span><\/p>\n<div id=\"gtx-trans\" style=\"position: absolute; left: -50px; top: 4.31534px;\">\n<div class=\"gtx-trans-icon\"><\/div>\n<\/div>\n<\/div><\/section><\/div><div class=\"flex_column av_one_full  flex_column_div av-zero-column-padding first  avia-builder-el-4  el_after_av_one_full  el_before_av_hr  column-top-margin\" style='border-radius:0px; '><section class=\"av_textblock_section \"  itemscope=\"itemscope\" itemtype=\"https:\/\/schema.org\/BlogPosting\" itemprop=\"blogPost\" ><div class='avia_textblock  '   itemprop=\"text\" ><p style=\"text-align: justify;\"><em>Parlamentario se reuni\u00f3 recientemente con administrador provisional de la universidad, Juan Pablo Prieto, mientras que del CFT Estatal, espera que definici\u00f3n de nueva rector\u00eda considere a personas id\u00f3neas para mantener est\u00e1ndar de gesti\u00f3n y administraci\u00f3n que hasta ahora tiene el centro.<\/em><\/p>\n<p style=\"text-align: justify;\">\u201cEn el \u00faltimo tiempo, especialmente, despu\u00e9s de los \u00faltimos resultados de la PAES, se ha generado una profunda discusi\u00f3n respecto de la calidad de la educaci\u00f3n que se est\u00e1 impartiendo en nuestro pa\u00eds, en los \u00e1mbitos de la ense\u00f1anza media y b\u00e1sica\u201d. As\u00ed lo se\u00f1al\u00f3 el senador David Sandoval al referirse a la importancia que por lo mismo tienen, para la formaci\u00f3n profesional en Ays\u00e9n, los proyectos educativos de la Universidad de Ays\u00e9n y el CFT Estatal.<\/p>\n<p style=\"text-align: justify;\">Sobre la UAys\u00e9n, el parlamentario record\u00f3 que la misma ha debido enfrentar una crisis bastante compleja, encontr\u00e1ndose hoy en una fase de intervenci\u00f3n a cargo de su administrador provisional, Juan Pablo Prieto, con quien precisamente se reuni\u00f3 en los \u00faltimos d\u00edas para analizar lo que se est\u00e1 haciendo en el establecimiento y la relevancia de que se mantenga vigente para los j\u00f3venes de la zona. \u201cEl administrador ha tratado de llevar adelante este proceso de recuperar la Universidad despu\u00e9s de la desastrosa administraci\u00f3n anterior, donde los \u00e9nfasis fueron, m\u00e1s que el tema acad\u00e9mico, m\u00e1s que la preocupaci\u00f3n de los j\u00f3venes de la regi\u00f3n, los aspectos pol\u00edticos y los cuoteos\u201d, record\u00f3.<\/p>\n<p style=\"text-align: justify;\">En ese sentido, tambi\u00e9n se refiri\u00f3 a lo que ha desarrollado en la regi\u00f3n, el CFT Estatal instalado en la ciudad de Puerto Ays\u00e9n. \u201cSu administraci\u00f3n, en mi opini\u00f3n, ha realizado un trabajo interesant\u00edsimo, en el manejo administrativo, en el manejo financiero y en el tema de la infraestructura. Incluso a\u00fan m\u00e1s, ha empezado a extender su presencia ac\u00e1 mismo en Coyhaique\u201d, subray\u00f3.<\/p>\n<p style=\"text-align: justify;\">Por lo mismo, y considerando que el CFT est\u00e1 en pleno proceso de definici\u00f3n de su nueva rector\u00eda, es que Sandoval espera que quienes tienen que tomar las decisiones al respecto, lo hagan pensando en las personas m\u00e1s capacitadas, que permita mantener el est\u00e1ndar de gesti\u00f3n y administraci\u00f3n que hasta hoy ha tenido dicho centro. \u201cUno conmina al Gobierno, quienes son los que van a tener que tomar la decisi\u00f3n de definir qui\u00e9n va a tener que llevar adelante este proceso (de conducci\u00f3n del CFT), sea gente absolutamente competente. M\u00e1s all\u00e1 de la pol\u00edtica, m\u00e1s all\u00e1 de cualquier otra circunstancia, sean personas que re\u00fanan el caudal de conocimiento, de experiencia, que tengan precisamente las pruebas suficientes para que este proceso no se pierda\u201d, recalc\u00f3.<\/p>\n<p style=\"text-align: justify;\">\u201cYa vimos el fracaso que tuvo la Universidad (de Ays\u00e9n) en su fase de instalaci\u00f3n\u201d, agreg\u00f3, enfatizando que \u201cno podemos repetir una circunstancia de esta naturaleza con un riesgo tan grande para lo que es la formaci\u00f3n t\u00e9cnica de nuestros j\u00f3venes en toda la regi\u00f3n. Que sea alguien que sirva al prop\u00f3sito de entender de que esa entidad es fundamental para las familias de Ays\u00e9n\u201d, concluy\u00f3.<\/p>\n<\/div><\/section><\/div><div  style='height:50px' class='hr hr-invisible   avia-builder-el-6  el_after_av_one_full  el_before_av_social_share '><span class='hr-inner ' ><span class='hr-inner-style'><\/span><\/span><\/div><\/p>\n<div  class='av-social-sharing-box  avia-builder-el-7  el_after_av_hr  el_before_av_hr  '><div class='av-share-box'><h5 class='av-share-link-description av-no-toc '>Compartir esta noticia<\/h5><ul class='av-share-box-list noLightbox'><li class='av-share-link av-social-link-facebook' ><a target=\"_blank\" aria-label=\"Compartir en Facebook\" href='https:\/\/www.facebook.com\/sharer.php?u=https:\/\/radiorevelacionfm.cl\/?p=49677&#038;t=Sandoval%20destaca%20rol%20de%20la%20universidad%20de%20Ays%C3%A9n%20y%20CFT%20Estatal%20para%20la%20formaci%C3%B3n%20profesional%20en%20la%20regi%C3%B3n' aria-hidden='false' data-av_icon='\ue8f3' data-av_iconfont='entypo-fontello' title='' data-avia-related-tooltip='Compartir en Facebook' rel=\"noopener\"><span class='avia_hidden_link_text'>Compartir en Facebook<\/span><\/a><\/li><li class='av-share-link av-social-link-twitter' ><a target=\"_blank\" aria-label=\"Compartir en Twitter\" href='https:\/\/twitter.com\/share?text=Sandoval%20destaca%20rol%20de%20la%20universidad%20de%20Ays%C3%A9n%20y%20CFT%20Estatal%20para%20la%20formaci%C3%B3n%20profesional%20en%20la%20regi%C3%B3n&#038;url=https:\/\/radiorevelacionfm.cl\/?p=49677' aria-hidden='false' data-av_icon='\ue8f1' data-av_iconfont='entypo-fontello' title='' data-avia-related-tooltip='Compartir en Twitter' rel=\"noopener\"><span class='avia_hidden_link_text'>Compartir en Twitter<\/span><\/a><\/li><li class='av-share-link av-social-link-whatsapp' ><a target=\"_blank\" aria-label=\"Compartir en Whatsapp\" href='https:\/\/api.whatsapp.com\/send?text=https:\/\/radiorevelacionfm.cl\/?p=49677' aria-hidden='false' data-av_icon='\uf232' data-av_iconfont='entypo-fontello' title='' data-avia-related-tooltip='Compartir en Whatsapp' rel=\"noopener\"><span class='avia_hidden_link_text'>Compartir en Whatsapp<\/span><\/a><\/li><li class='av-share-link av-social-link-linkedin' ><a target=\"_blank\" aria-label=\"Compartir en LinkedIn\" href='https:\/\/linkedin.com\/shareArticle?mini=true&#038;title=Sandoval%20destaca%20rol%20de%20la%20universidad%20de%20Ays%C3%A9n%20y%20CFT%20Estatal%20para%20la%20formaci%C3%B3n%20profesional%20en%20la%20regi%C3%B3n&#038;url=https:\/\/radiorevelacionfm.cl\/?p=49677' aria-hidden='false' data-av_icon='\ue8fc' data-av_iconfont='entypo-fontello' title='' data-avia-related-tooltip='Compartir en LinkedIn' rel=\"noopener\"><span class='avia_hidden_link_text'>Compartir en LinkedIn<\/span><\/a><\/li><li class='av-share-link av-social-link-mail' ><a  aria-label=\"Compartir por correo\" href='mailto:?subject=Sandoval%20destaca%20rol%20de%20la%20universidad%20de%20Ays%C3%A9n%20y%20CFT%20Estatal%20para%20la%20formaci%C3%B3n%20profesional%20en%20la%20regi%C3%B3n&#038;body=https:\/\/radiorevelacionfm.cl\/?p=49677' aria-hidden='false' data-av_icon='\ue805' data-av_iconfont='entypo-fontello' title='' data-avia-related-tooltip='Compartir por correo'><span class='avia_hidden_link_text'>Compartir por correo<\/span><\/a><\/li><\/ul><\/div><\/div>\n<div  style='height:50px' class='hr hr-invisible   avia-builder-el-8  el_after_av_social_share  el_before_av_comments_list '><span class='hr-inner ' ><span class='hr-inner-style'><\/span><\/span><\/div>\n<div  class='av-buildercomment  av-blog-meta-html-info-disabled av-blog-meta-tag-disabled  '><\/div>\n","protected":false},"excerpt":{"rendered":"","protected":false},"author":1,"featured_media":49678,"comment_status":"open","ping_status":"open","sticky":false,"template":"","format":"standard","meta":{"footnotes":""},"categories":[35],"tags":[],"class_list":["post-49677","post","type-post","status-publish","format-standard","has-post-thumbnail","hentry","category-politica"],"jetpack_featured_media_url":"https:\/\/radiorevelacionfm.cl\/wp-content\/uploads\/2025\/01\/Sen.-Sandoval-1-1.jpg","_links":{"self":[{"href":"https:\/\/radiorevelacionfm.cl\/index.php?rest_route=\/wp\/v2\/posts\/49677","targetHints":{"allow":["GET"]}}],"collection":[{"href":"https:\/\/radiorevelacionfm.cl\/index.php?rest_route=\/wp\/v2\/posts"}],"about":[{"href":"https:\/\/radiorevelacionfm.cl\/index.php?rest_route=\/wp\/v2\/types\/post"}],"author":[{"embeddable":true,"href":"https:\/\/radiorevelacionfm.cl\/index.php?rest_route=\/wp\/v2\/users\/1"}],"replies":[{"embeddable":true,"href":"https:\/\/radiorevelacionfm.cl\/index.php?rest_route=%2Fwp%2Fv2%2Fcomments&post=49677"}],"version-history":[{"count":1,"href":"https:\/\/radiorevelacionfm.cl\/index.php?rest_route=\/wp\/v2\/posts\/49677\/revisions"}],"predecessor-version":[{"id":49679,"href":"https:\/\/radiorevelacionfm.cl\/index.php?rest_route=\/wp\/v2\/posts\/49677\/revisions\/49679"}],"wp:featuredmedia":[{"embeddable":true,"href":"https:\/\/radiorevelacionfm.cl\/index.php?rest_route=\/wp\/v2\/media\/49678"}],"wp:attachment":[{"href":"https:\/\/radiorevelacionfm.cl\/index.php?rest_route=%2Fwp%2Fv2%2Fmedia&parent=49677"}],"wp:term":[{"taxonomy":"category","embeddable":true,"href":"https:\/\/radiorevelacionfm.cl\/index.php?rest_route=%2Fwp%2Fv2%2Fcategories&post=49677"},{"taxonomy":"post_tag","embeddable":true,"href":"https:\/\/radiorevelacionfm.cl\/index.php?rest_route=%2Fwp%2Fv2%2Ftags&post=49677"}],"curies":[{"name":"wp","href":"https:\/\/api.w.org\/{rel}","templated":true}]}}