{"id":49669,"date":"2025-01-15T20:12:56","date_gmt":"2025-01-15T23:12:56","guid":{"rendered":"https:\/\/radiorevelacionfm.cl\/?p=49669"},"modified":"2025-01-15T20:12:56","modified_gmt":"2025-01-15T23:12:56","slug":"anuncian-proceso-para-concesion-a-largo-plazo-del-centro-de-montana-el-fraile","status":"publish","type":"post","link":"https:\/\/radiorevelacionfm.cl\/?p=49669","title":{"rendered":"Anuncian proceso para concesi\u00f3n a largo plazo del Centro de Monta\u00f1a, El Fraile"},"content":{"rendered":"<div class=\"flex_column av_one_full  flex_column_div av-zero-column-padding first  avia-builder-el-0  el_before_av_one_full  avia-builder-el-first  \" style='border-radius:0px; '><div  class='avia-image-container  av-styling-    avia-builder-el-1  avia-builder-el-no-sibling  avia-align-center '  itemprop=\"image\" itemscope=\"itemscope\" itemtype=\"https:\/\/schema.org\/ImageObject\"  ><div class='avia-image-container-inner'><div class='avia-image-overlay-wrap'><img decoding=\"async\" class='wp-image-49670 avia-img-lazy-loading-not-49670 avia_image' src=\"https:\/\/radiorevelacionfm.cl\/wp-content\/uploads\/2025\/01\/472133514_1018028163685590_1204358606772319886_n-1_optimized.jpg\" alt='' title='472133514_1018028163685590_1204358606772319886_n-(1)_optimized' height=\"711\" width=\"800\"  itemprop=\"thumbnailUrl\" srcset=\"https:\/\/radiorevelacionfm.cl\/wp-content\/uploads\/2025\/01\/472133514_1018028163685590_1204358606772319886_n-1_optimized.jpg 800w, https:\/\/radiorevelacionfm.cl\/wp-content\/uploads\/2025\/01\/472133514_1018028163685590_1204358606772319886_n-1_optimized-300x267.jpg 300w, https:\/\/radiorevelacionfm.cl\/wp-content\/uploads\/2025\/01\/472133514_1018028163685590_1204358606772319886_n-1_optimized-768x683.jpg 768w, https:\/\/radiorevelacionfm.cl\/wp-content\/uploads\/2025\/01\/472133514_1018028163685590_1204358606772319886_n-1_optimized-705x627.jpg 705w, https:\/\/radiorevelacionfm.cl\/wp-content\/uploads\/2025\/01\/472133514_1018028163685590_1204358606772319886_n-1_optimized-450x400.jpg 450w, https:\/\/radiorevelacionfm.cl\/wp-content\/uploads\/2025\/01\/472133514_1018028163685590_1204358606772319886_n-1_optimized-600x533.jpg 600w\" sizes=\"(max-width: 800px) 100vw, 800px\" \/><\/div><\/div><\/div><\/div><div class=\"flex_column av_one_full  flex_column_div av-zero-column-padding first  avia-builder-el-2  el_after_av_one_full  el_before_av_one_full  column-top-margin\" style='border-radius:0px; '><section class=\"av_textblock_section \"  itemscope=\"itemscope\" itemtype=\"https:\/\/schema.org\/BlogPosting\" itemprop=\"blogPost\" ><div class='avia_textblock  '   itemprop=\"text\" ><p style=\"text-align: center;\"><strong><span style=\"font-size: 18pt;\">Anuncian proceso para concesi\u00f3n a largo plazo del Centro de Monta\u00f1a, El Fraile<\/span><\/strong><\/p>\n<div id=\"gtx-trans\" style=\"position: absolute; left: -50px; top: 4.31534px;\">\n<div class=\"gtx-trans-icon\"><\/div>\n<\/div>\n<\/div><\/section><\/div><div class=\"flex_column av_one_full  flex_column_div av-zero-column-padding first  avia-builder-el-4  el_after_av_one_full  el_before_av_hr  column-top-margin\" style='border-radius:0px; '><section class=\"av_textblock_section \"  itemscope=\"itemscope\" itemtype=\"https:\/\/schema.org\/BlogPosting\" itemprop=\"blogPost\" ><div class='avia_textblock  '   itemprop=\"text\" ><p style=\"text-align: justify;\">Un proceso para proyectar el Centro de Actividades de Monta\u00f1a del Instituto Nacional del Deporte (IND) como un espacio de referencia en deportes de monta\u00f1a y turismo en la Patagonia, mediante una concesi\u00f3n a largo plazo, anunci\u00f3 el Delegado Presidencial Regional, Jorge D\u00edaz Guzm\u00e1n.<\/p>\n<p style=\"font-weight: 400; text-align: justify;\">Acompa\u00f1ado por las seremis del Deporte, Eugenia Dur\u00e1n, y MOP, Paloma Jara, y los directores regionales de Corfo, Humberto Mar\u00edn, y Sernatur, Claudio Montecinos, el Delegado indic\u00f3 que el proceso comenz\u00f3 con un trabajo mancomunado de todos los servicios p\u00fablicos vinculados al centro y al desarrollo econ\u00f3mico asociado al turismo, adem\u00e1s de clubes y organizaciones deportivas.<\/p>\n<p style=\"font-weight: 400; text-align: justify;\">\u201cEl Centro de Monta\u00f1a, conocido como El Fraile, es un lugar donde se practican diversos deportes y por eso hemos decidido iniciar este camino hacia la concesi\u00f3n. Esto no es una tarea f\u00e1cil, pero lo importante es que este camino se inicia y que buscaremos todas las alianzas estrat\u00e9gicas que eso requiere para que la concesi\u00f3n pueda interesar a empresas del m\u00e1s alto est\u00e1ndar, que puedan generar inversiones que permitir\u00edan el desarrollo de este centro\u201d, indic\u00f3 Jorge D\u00edaz Guzm\u00e1n.<\/p>\n<p style=\"font-weight: 400; text-align: justify;\">El director de Corfo agreg\u00f3 que la Corporaci\u00f3n dispondr\u00e1 los recursos para realizar este a\u00f1o un estudio que determine las caracter\u00edsticas que debe tener la concesi\u00f3n.<\/p>\n<p style=\"font-weight: 400; text-align: justify;\">\u201cEstamos ad portas de lanzar un estudio que va a establecer cu\u00e1les son los aspectos econ\u00f3micos, sociales y t\u00e9cnicos que se requieren para establecer un buen requerimiento de concesiones. En este estudio vamos a definir cu\u00e1l es el modelo apropiado, las demandas requeridas para realizar la concesi\u00f3n propiamente tal\u201d, detall\u00f3.<\/p>\n<p style=\"font-weight: 400; text-align: justify;\">En tanto, la seremi Eugenia Dur\u00e1n se\u00f1al\u00f3 que \u201chemos instalado una mesa integral de trabajo t\u00e9cnico y, a ra\u00edz de ese trabajo, se ha llegado a la definici\u00f3n de que es posible avanzar en una concesi\u00f3n de largo plazo, buscando el mecanismo mediante el estudio que va a realizar Corfo. Lo que nos interesa es resguardar las pol\u00edticas p\u00fablicas relacionadas con garantizar la accesibilidad a este espacio, al deporte de monta\u00f1a y a las actividades f\u00edsicas al aire libre\u201d.<\/p>\n<p style=\"font-weight: 400; text-align: justify;\">El director de Sernatur destac\u00f3 que \u201cla concesi\u00f3n privada del Centro de Monta\u00f1a del IND es una iniciativa muy relevante para el desarrollo de la actividad tur\u00edstica, adem\u00e1s de una iniciativa muy esperada por nuestro sector privado de turismo, y que podr\u00eda permitir mejorar la competitividad de la actividad tur\u00edstica del destino Ays\u00e9n Patagonia\u201d.<\/p>\n<p style=\"font-weight: 400; text-align: justify;\">Este Centro de Actividades de Monta\u00f1a se ubica a 29 kil\u00f3metros de Coyhaique, 1.559 metros sobre el nivel del mar, en una superficie cercana a las 800 hect\u00e1reas y con alrededor 15 mil usuarios\/as por temporada, de acuerdo a cifras del IND.<\/p>\n<p style=\"font-weight: 400; text-align: justify;\">Las autoridades coincidieron en se\u00f1alar que con esto se da el primer paso para construir el futuro del Centro Cord\u00f3n Divisadero, que busca transformar este recinto en un espacio de excelencia para el deporte y el turismo, con miras a lograr un modelo de gesti\u00f3n eficiente, sostenible y orientado a la comunidad.<\/p>\n<\/div><\/section><\/div><div  style='height:50px' class='hr hr-invisible   avia-builder-el-6  el_after_av_one_full  el_before_av_social_share '><span class='hr-inner ' ><span class='hr-inner-style'><\/span><\/span><\/div><\/p>\n<div  class='av-social-sharing-box  avia-builder-el-7  el_after_av_hr  el_before_av_hr  '><div class='av-share-box'><h5 class='av-share-link-description av-no-toc '>Compartir esta noticia<\/h5><ul class='av-share-box-list noLightbox'><li class='av-share-link av-social-link-facebook' ><a target=\"_blank\" aria-label=\"Compartir en Facebook\" href='https:\/\/www.facebook.com\/sharer.php?u=https:\/\/radiorevelacionfm.cl\/?p=49669&#038;t=Anuncian%20proceso%20para%20concesi%C3%B3n%20a%20largo%20plazo%20del%20Centro%20de%20Monta%C3%B1a%2C%20El%20Fraile' aria-hidden='false' data-av_icon='\ue8f3' data-av_iconfont='entypo-fontello' title='' data-avia-related-tooltip='Compartir en Facebook' rel=\"noopener\"><span class='avia_hidden_link_text'>Compartir en Facebook<\/span><\/a><\/li><li class='av-share-link av-social-link-twitter' ><a target=\"_blank\" aria-label=\"Compartir en Twitter\" href='https:\/\/twitter.com\/share?text=Anuncian%20proceso%20para%20concesi%C3%B3n%20a%20largo%20plazo%20del%20Centro%20de%20Monta%C3%B1a%2C%20El%20Fraile&#038;url=https:\/\/radiorevelacionfm.cl\/?p=49669' aria-hidden='false' data-av_icon='\ue8f1' data-av_iconfont='entypo-fontello' title='' data-avia-related-tooltip='Compartir en Twitter' rel=\"noopener\"><span class='avia_hidden_link_text'>Compartir en Twitter<\/span><\/a><\/li><li class='av-share-link av-social-link-whatsapp' ><a target=\"_blank\" aria-label=\"Compartir en Whatsapp\" href='https:\/\/api.whatsapp.com\/send?text=https:\/\/radiorevelacionfm.cl\/?p=49669' aria-hidden='false' data-av_icon='\uf232' data-av_iconfont='entypo-fontello' title='' data-avia-related-tooltip='Compartir en Whatsapp' rel=\"noopener\"><span class='avia_hidden_link_text'>Compartir en Whatsapp<\/span><\/a><\/li><li class='av-share-link av-social-link-linkedin' ><a target=\"_blank\" aria-label=\"Compartir en LinkedIn\" href='https:\/\/linkedin.com\/shareArticle?mini=true&#038;title=Anuncian%20proceso%20para%20concesi%C3%B3n%20a%20largo%20plazo%20del%20Centro%20de%20Monta%C3%B1a%2C%20El%20Fraile&#038;url=https:\/\/radiorevelacionfm.cl\/?p=49669' aria-hidden='false' data-av_icon='\ue8fc' data-av_iconfont='entypo-fontello' title='' data-avia-related-tooltip='Compartir en LinkedIn' rel=\"noopener\"><span class='avia_hidden_link_text'>Compartir en LinkedIn<\/span><\/a><\/li><li class='av-share-link av-social-link-mail' ><a  aria-label=\"Compartir por correo\" href='mailto:?subject=Anuncian%20proceso%20para%20concesi%C3%B3n%20a%20largo%20plazo%20del%20Centro%20de%20Monta%C3%B1a%2C%20El%20Fraile&#038;body=https:\/\/radiorevelacionfm.cl\/?p=49669' aria-hidden='false' data-av_icon='\ue805' data-av_iconfont='entypo-fontello' title='' data-avia-related-tooltip='Compartir por correo'><span class='avia_hidden_link_text'>Compartir por correo<\/span><\/a><\/li><\/ul><\/div><\/div>\n<div  style='height:50px' class='hr hr-invisible   avia-builder-el-8  el_after_av_social_share  el_before_av_comments_list '><span class='hr-inner ' ><span class='hr-inner-style'><\/span><\/span><\/div>\n<div  class='av-buildercomment  av-blog-meta-html-info-disabled av-blog-meta-tag-disabled  '><\/div>\n","protected":false},"excerpt":{"rendered":"","protected":false},"author":1,"featured_media":49670,"comment_status":"open","ping_status":"open","sticky":false,"template":"","format":"standard","meta":{"footnotes":""},"categories":[38],"tags":[],"class_list":["post-49669","post","type-post","status-publish","format-standard","has-post-thumbnail","hentry","category-regional"],"jetpack_featured_media_url":"https:\/\/radiorevelacionfm.cl\/wp-content\/uploads\/2025\/01\/472133514_1018028163685590_1204358606772319886_n-1_optimized.jpg","_links":{"self":[{"href":"https:\/\/radiorevelacionfm.cl\/index.php?rest_route=\/wp\/v2\/posts\/49669","targetHints":{"allow":["GET"]}}],"collection":[{"href":"https:\/\/radiorevelacionfm.cl\/index.php?rest_route=\/wp\/v2\/posts"}],"about":[{"href":"https:\/\/radiorevelacionfm.cl\/index.php?rest_route=\/wp\/v2\/types\/post"}],"author":[{"embeddable":true,"href":"https:\/\/radiorevelacionfm.cl\/index.php?rest_route=\/wp\/v2\/users\/1"}],"replies":[{"embeddable":true,"href":"https:\/\/radiorevelacionfm.cl\/index.php?rest_route=%2Fwp%2Fv2%2Fcomments&post=49669"}],"version-history":[{"count":1,"href":"https:\/\/radiorevelacionfm.cl\/index.php?rest_route=\/wp\/v2\/posts\/49669\/revisions"}],"predecessor-version":[{"id":49671,"href":"https:\/\/radiorevelacionfm.cl\/index.php?rest_route=\/wp\/v2\/posts\/49669\/revisions\/49671"}],"wp:featuredmedia":[{"embeddable":true,"href":"https:\/\/radiorevelacionfm.cl\/index.php?rest_route=\/wp\/v2\/media\/49670"}],"wp:attachment":[{"href":"https:\/\/radiorevelacionfm.cl\/index.php?rest_route=%2Fwp%2Fv2%2Fmedia&parent=49669"}],"wp:term":[{"taxonomy":"category","embeddable":true,"href":"https:\/\/radiorevelacionfm.cl\/index.php?rest_route=%2Fwp%2Fv2%2Fcategories&post=49669"},{"taxonomy":"post_tag","embeddable":true,"href":"https:\/\/radiorevelacionfm.cl\/index.php?rest_route=%2Fwp%2Fv2%2Ftags&post=49669"}],"curies":[{"name":"wp","href":"https:\/\/api.w.org\/{rel}","templated":true}]}}