{"id":4965,"date":"2021-06-06T16:54:17","date_gmt":"2021-06-06T19:54:17","guid":{"rendered":"https:\/\/radiorevelacionfm.cl\/?p=4965"},"modified":"2021-06-06T16:54:17","modified_gmt":"2021-06-06T19:54:17","slug":"intendenta-de-aysen-sostuvo-reuniones-con-ministro-paris-y-subsecretario-para-abordar-la-realidad-sanitaria-regional","status":"publish","type":"post","link":"https:\/\/radiorevelacionfm.cl\/?p=4965","title":{"rendered":"Intendenta de Ays\u00e9n sostuvo reuniones con ministro Paris y subsecretario para abordar la realidad sanitaria regional"},"content":{"rendered":"<div class=\"flex_column av_one_full  flex_column_div av-zero-column-padding first  avia-builder-el-0  el_before_av_one_full  avia-builder-el-first  \" style='border-radius:0px; '><div  class='avia-image-container  av-styling-    avia-builder-el-1  avia-builder-el-no-sibling  avia-align-center '  itemprop=\"image\" itemscope=\"itemscope\" itemtype=\"https:\/\/schema.org\/ImageObject\"  ><div class='avia-image-container-inner'><div class='avia-image-overlay-wrap'><img decoding=\"async\" class='wp-image-0 avia-img-lazy-loading-not-0 avia_image' src=\"https:\/\/radiorevelacionfm.cl\/wp-content\/uploads\/2021\/06\/Reunion-Santiago-1-1.jpg\" alt='' title=''   itemprop=\"thumbnailUrl\"  \/><\/div><\/div><\/div><\/div><div class=\"flex_column av_one_full  flex_column_div av-zero-column-padding first  avia-builder-el-2  el_after_av_one_full  el_before_av_one_full  column-top-margin\" style='border-radius:0px; '><section class=\"av_textblock_section \"  itemscope=\"itemscope\" itemtype=\"https:\/\/schema.org\/BlogPosting\" itemprop=\"blogPost\" ><div class='avia_textblock  '   itemprop=\"text\" ><p style=\"text-align: center;\"><span style=\"font-size: 18pt;\"><strong>Intendenta de Ays\u00e9n sostuvo reuniones con ministro Paris y subsecretario para abordar la realidad sanitaria regional<\/strong><\/span><\/p>\n<div id=\"gtx-trans\" style=\"position: absolute; left: -50px; top: 4.31534px;\">\n<div class=\"gtx-trans-icon\"><\/div>\n<\/div>\n<\/div><\/section><\/div><div class=\"flex_column av_one_full  flex_column_div av-zero-column-padding first  avia-builder-el-4  el_after_av_one_full  el_before_av_hr  column-top-margin\" style='border-radius:0px; '><section class=\"av_textblock_section \"  itemscope=\"itemscope\" itemtype=\"https:\/\/schema.org\/BlogPosting\" itemprop=\"blogPost\" ><div class='avia_textblock  '   itemprop=\"text\" ><p style=\"text-align: justify;\">Una serie de reuniones sostuvo la Intendenta Margarita Ossa Rojas en Santiago, siendo una de las m\u00e1s relevantes las que tuvo con el Ministro de Salud Enrique Paris y el Subsecretario de redes asistenciales Alberto Dougnac, a fin de tratar la actual realidad sanitaria regional y la forma en c\u00f3mo se ha tratado en el territorio.<\/p>\n<p style=\"text-align: justify;\">Tras la cita, Margarita Ossa se manifest\u00f3 satisfecha \u201cpor la disponibilidad y disposici\u00f3n para revisar la situaci\u00f3n de la regi\u00f3n\u201d por parte del Ministro Paris y el Subsecretario Dougnac se\u00f1alando que all\u00ed \u201cse revis\u00f3 la mantenci\u00f3n del PCR por el tiempo que sea necesario para el ingreso a la regi\u00f3n, la situaci\u00f3n hospitalaria, del traslado de vacunas Cansino hacia la regi\u00f3n en varios traslados, adem\u00e1s de las proyecci\u00f3n que tiene la regi\u00f3n respecto al contagio, el estado del Hospital Regional Coyhaique y la buena posici\u00f3n desde el punto de vista de velocidad de vacunaci\u00f3n\u201d, dijo la Ejecutivo Regional.<\/p>\n<p style=\"text-align: justify;\">Precisamente sobre esto \u00faltimo, Ossa Rojas indic\u00f3 que junto al jefe de la cartera de Salud \u201cdecidimos acelerar m\u00e1s esa vacunaci\u00f3n para producir una pronta vacunaci\u00f3n de reba\u00f1o y tener una llegada constante de vacunas hacia la regi\u00f3n. Adem\u00e1s, junto al ministro revisamos otras tem\u00e1ticas que se han ido levantando en la regi\u00f3n para poder ir avanzando en las aperturas o en el trabajo hacia una mejor movilidad de las personas que efectivamente est\u00e9n vacunadas\u201d, agreg\u00f3.<\/p>\n<p style=\"text-align: justify;\">Por su parte, el Ministro Enrique Paris explic\u00f3 que la cita fue \u201cmuy productiva\u201d indicando sobre la misma que \u201cconversamos de varios temas relacionados fundamentalmente con dar apoyo al tema de vacunaci\u00f3n, sobre todo con vacunas que requieran de una sola dosis (CanSino), pensando en las localidades m\u00e1s apartadas y, seguir fortaleciendo la relaci\u00f3n y coordinaci\u00f3n entre el ministerio de Salud \u2013a trav\u00e9s de la subsecretaria de Salud P\u00fablica y Redes Asistenciales \u2013 y el Ejecutivo representado por la Intendenta de Ays\u00e9n\u201d, se\u00f1alando tambi\u00e9n que \u201chablamos de mantener la solicitud del PCR pero, en el futuro nosotros vamos a ir migrando \u2013 obviamente paulatina \u2013 hacia los test ant\u00edgenos porque uno tiene la respuesta mucho m\u00e1s r\u00e1pido\u201d, dijo.<\/p>\n<p style=\"text-align: justify;\">Adicionalmente, el doctor Paris se\u00f1al\u00f3 que \u201ctambi\u00e9n tomamos conocimientos sobre los brotes que han ocurrido en la regi\u00f3n y la forma en c\u00f3mo se est\u00e1n afrontando para evitar que se siga diseminando el virus. Yo le envi\u00f3 un saludo y est\u00edmulo a la regi\u00f3n de Ays\u00e9n porque yo creo que vamos a salir adelante en conjunto\u201d, afirm\u00f3.<\/p>\n<\/div><\/section><\/div><div  style='height:50px' class='hr hr-invisible   avia-builder-el-6  el_after_av_one_full  el_before_av_social_share '><span class='hr-inner ' ><span class='hr-inner-style'><\/span><\/span><\/div><\/p>\n<div  class='av-social-sharing-box  avia-builder-el-7  el_after_av_hr  el_before_av_hr  '><div class='av-share-box'><h5 class='av-share-link-description av-no-toc '>Compartir esta noticia<\/h5><ul class='av-share-box-list noLightbox'><li class='av-share-link av-social-link-facebook' ><a target=\"_blank\" aria-label=\"Compartir en Facebook\" href='https:\/\/www.facebook.com\/sharer.php?u=https:\/\/radiorevelacionfm.cl\/?p=4965&#038;t=Intendenta%20de%20Ays%C3%A9n%20sostuvo%20reuniones%20con%20ministro%20Paris%20y%20subsecretario%20para%20abordar%20la%20realidad%20sanitaria%20regional' aria-hidden='false' data-av_icon='\ue8f3' data-av_iconfont='entypo-fontello' title='' data-avia-related-tooltip='Compartir en Facebook' rel=\"noopener\"><span class='avia_hidden_link_text'>Compartir en Facebook<\/span><\/a><\/li><li class='av-share-link av-social-link-twitter' ><a target=\"_blank\" aria-label=\"Compartir en Twitter\" href='https:\/\/twitter.com\/share?text=Intendenta%20de%20Ays%C3%A9n%20sostuvo%20reuniones%20con%20ministro%20Paris%20y%20subsecretario%20para%20abordar%20la%20realidad%20sanitaria%20regional&#038;url=https:\/\/radiorevelacionfm.cl\/?p=4965' aria-hidden='false' data-av_icon='\ue8f1' data-av_iconfont='entypo-fontello' title='' data-avia-related-tooltip='Compartir en Twitter' rel=\"noopener\"><span class='avia_hidden_link_text'>Compartir en Twitter<\/span><\/a><\/li><li class='av-share-link av-social-link-whatsapp' ><a target=\"_blank\" aria-label=\"Compartir en Whatsapp\" href='https:\/\/api.whatsapp.com\/send?text=https:\/\/radiorevelacionfm.cl\/?p=4965' aria-hidden='false' data-av_icon='\uf232' data-av_iconfont='entypo-fontello' title='' data-avia-related-tooltip='Compartir en Whatsapp' rel=\"noopener\"><span class='avia_hidden_link_text'>Compartir en Whatsapp<\/span><\/a><\/li><li class='av-share-link av-social-link-linkedin' ><a target=\"_blank\" aria-label=\"Compartir en LinkedIn\" href='https:\/\/linkedin.com\/shareArticle?mini=true&#038;title=Intendenta%20de%20Ays%C3%A9n%20sostuvo%20reuniones%20con%20ministro%20Paris%20y%20subsecretario%20para%20abordar%20la%20realidad%20sanitaria%20regional&#038;url=https:\/\/radiorevelacionfm.cl\/?p=4965' aria-hidden='false' data-av_icon='\ue8fc' data-av_iconfont='entypo-fontello' title='' data-avia-related-tooltip='Compartir en LinkedIn' rel=\"noopener\"><span class='avia_hidden_link_text'>Compartir en LinkedIn<\/span><\/a><\/li><li class='av-share-link av-social-link-mail' ><a  aria-label=\"Compartir por correo\" href='mailto:?subject=Intendenta%20de%20Ays%C3%A9n%20sostuvo%20reuniones%20con%20ministro%20Paris%20y%20subsecretario%20para%20abordar%20la%20realidad%20sanitaria%20regional&#038;body=https:\/\/radiorevelacionfm.cl\/?p=4965' aria-hidden='false' data-av_icon='\ue805' data-av_iconfont='entypo-fontello' title='' data-avia-related-tooltip='Compartir por correo'><span class='avia_hidden_link_text'>Compartir por correo<\/span><\/a><\/li><\/ul><\/div><\/div>\n<div  style='height:50px' class='hr hr-invisible   avia-builder-el-8  el_after_av_social_share  el_before_av_comments_list '><span class='hr-inner ' ><span class='hr-inner-style'><\/span><\/span><\/div>\n<div  class='av-buildercomment  av-blog-meta-html-info-disabled av-blog-meta-tag-disabled  '><\/div>\n","protected":false},"excerpt":{"rendered":"","protected":false},"author":1,"featured_media":0,"comment_status":"open","ping_status":"open","sticky":false,"template":"","format":"standard","meta":{"footnotes":""},"categories":[38],"tags":[],"class_list":["post-4965","post","type-post","status-publish","format-standard","hentry","category-regional"],"jetpack_featured_media_url":"","_links":{"self":[{"href":"https:\/\/radiorevelacionfm.cl\/index.php?rest_route=\/wp\/v2\/posts\/4965","targetHints":{"allow":["GET"]}}],"collection":[{"href":"https:\/\/radiorevelacionfm.cl\/index.php?rest_route=\/wp\/v2\/posts"}],"about":[{"href":"https:\/\/radiorevelacionfm.cl\/index.php?rest_route=\/wp\/v2\/types\/post"}],"author":[{"embeddable":true,"href":"https:\/\/radiorevelacionfm.cl\/index.php?rest_route=\/wp\/v2\/users\/1"}],"replies":[{"embeddable":true,"href":"https:\/\/radiorevelacionfm.cl\/index.php?rest_route=%2Fwp%2Fv2%2Fcomments&post=4965"}],"version-history":[{"count":1,"href":"https:\/\/radiorevelacionfm.cl\/index.php?rest_route=\/wp\/v2\/posts\/4965\/revisions"}],"predecessor-version":[{"id":4967,"href":"https:\/\/radiorevelacionfm.cl\/index.php?rest_route=\/wp\/v2\/posts\/4965\/revisions\/4967"}],"wp:attachment":[{"href":"https:\/\/radiorevelacionfm.cl\/index.php?rest_route=%2Fwp%2Fv2%2Fmedia&parent=4965"}],"wp:term":[{"taxonomy":"category","embeddable":true,"href":"https:\/\/radiorevelacionfm.cl\/index.php?rest_route=%2Fwp%2Fv2%2Fcategories&post=4965"},{"taxonomy":"post_tag","embeddable":true,"href":"https:\/\/radiorevelacionfm.cl\/index.php?rest_route=%2Fwp%2Fv2%2Ftags&post=4965"}],"curies":[{"name":"wp","href":"https:\/\/api.w.org\/{rel}","templated":true}]}}