{"id":49633,"date":"2025-01-15T10:36:22","date_gmt":"2025-01-15T13:36:22","guid":{"rendered":"https:\/\/radiorevelacionfm.cl\/?p=49633"},"modified":"2025-01-15T10:36:22","modified_gmt":"2025-01-15T13:36:22","slug":"deudores-de-pension-de-alimentos-no-podran-recibir-fondos-sectoriales-de-cultura","status":"publish","type":"post","link":"https:\/\/radiorevelacionfm.cl\/?p=49633","title":{"rendered":"Deudores de pensi\u00f3n de alimentos no podr\u00e1n recibir fondos sectoriales de Cultura"},"content":{"rendered":"<div class=\"flex_column av_one_full  flex_column_div av-zero-column-padding first  avia-builder-el-0  el_before_av_one_full  avia-builder-el-first  \" style='border-radius:0px; '><div  class='avia-image-container  av-styling-    avia-builder-el-1  avia-builder-el-no-sibling  avia-align-center '  itemprop=\"image\" itemscope=\"itemscope\" itemtype=\"https:\/\/schema.org\/ImageObject\"  ><div class='avia-image-container-inner'><div class='avia-image-overlay-wrap'><img decoding=\"async\" class='wp-image-49634 avia-img-lazy-loading-not-49634 avia_image' src=\"https:\/\/radiorevelacionfm.cl\/wp-content\/uploads\/2025\/01\/generica-ninos-1_optimized.jpg\" alt='' title='generica-ni\u00f1os-(1)_optimized' height=\"710\" width=\"801\"  itemprop=\"thumbnailUrl\" srcset=\"https:\/\/radiorevelacionfm.cl\/wp-content\/uploads\/2025\/01\/generica-ninos-1_optimized.jpg 801w, https:\/\/radiorevelacionfm.cl\/wp-content\/uploads\/2025\/01\/generica-ninos-1_optimized-300x266.jpg 300w, https:\/\/radiorevelacionfm.cl\/wp-content\/uploads\/2025\/01\/generica-ninos-1_optimized-768x681.jpg 768w, https:\/\/radiorevelacionfm.cl\/wp-content\/uploads\/2025\/01\/generica-ninos-1_optimized-705x625.jpg 705w, https:\/\/radiorevelacionfm.cl\/wp-content\/uploads\/2025\/01\/generica-ninos-1_optimized-450x399.jpg 450w, https:\/\/radiorevelacionfm.cl\/wp-content\/uploads\/2025\/01\/generica-ninos-1_optimized-600x532.jpg 600w\" sizes=\"(max-width: 801px) 100vw, 801px\" \/><\/div><\/div><\/div><\/div><div class=\"flex_column av_one_full  flex_column_div av-zero-column-padding first  avia-builder-el-2  el_after_av_one_full  el_before_av_one_full  column-top-margin\" style='border-radius:0px; '><section class=\"av_textblock_section \"  itemscope=\"itemscope\" itemtype=\"https:\/\/schema.org\/BlogPosting\" itemprop=\"blogPost\" ><div class='avia_textblock  '   itemprop=\"text\" ><p style=\"text-align: center;\"><span style=\"font-size: 18pt;\"><b>Deudores de pensi\u00f3n de alimentos no podr\u00e1n recibir fondos sectoriales de Cultura<\/b><\/span><\/p>\n<div id=\"gtx-trans\" style=\"position: absolute; left: -50px; top: 4.31534px;\">\n<div class=\"gtx-trans-icon\"><\/div>\n<\/div>\n<\/div><\/section><\/div><div class=\"flex_column av_one_full  flex_column_div av-zero-column-padding first  avia-builder-el-4  el_after_av_one_full  el_before_av_hr  column-top-margin\" style='border-radius:0px; '><section class=\"av_textblock_section \"  itemscope=\"itemscope\" itemtype=\"https:\/\/schema.org\/BlogPosting\" itemprop=\"blogPost\" ><div class='avia_textblock  '   itemprop=\"text\" ><p style=\"text-align: justify;\">A partir de este a\u00f1o, postulantes de las diferentes l\u00edneas de los Fondos de Cultura no podr\u00e1n recibir los recursos asignados si no est\u00e1n al d\u00eda con sus deudas de pensi\u00f3n alimenticia.<\/p>\n<p style=\"text-align: justify;\">El cruce de informaci\u00f3n entre el Registro Nacional de Deudores de Pensiones de Alimentos y los proyectos ganadores de los Fondos de Cultura 2025 permite identificar a las personas que est\u00e1n en deuda con la manutenci\u00f3n de sus hijas e hijos.<\/p>\n<p style=\"text-align: justify;\">Los responsables de los proyectos seleccionados deben estar al d\u00eda con las pensiones alimenticias antes de firmar el respectivo convenio de transferencia de recursos. Al momento previo a la entrega de los montos, se retendr\u00e1 hasta el 50% o la cifra equivalente a la deuda, con el fin de saldarla.<\/p>\n<p style=\"text-align: justify;\">Esta forma de conectar a las instituciones del Estado en beneficio de los ni\u00f1os y ni\u00f1as que no reciben sus respectivas pensiones de alimentos es, para el Seremi de Culturas Ays\u00e9n, Felipe Quiroz, \u201ces un aporte significativo, y en concordancia con la pol\u00edtica p\u00fablica que hemos levantado como Gobierno; creemos que debemos buscar los mecanismos de resguardar los derechos de las mujeres, es por ello que quienes deban pensi\u00f3n de alimentos no podr\u00e1n suscribir convenios con nuestra instituci\u00f3n. Desde el Ministerio de las Culturas reafirmamos nuestro compromiso con la agenda de g\u00e9nero impulsada por el presidente Boric\u201d.<\/p>\n<p style=\"text-align: justify;\">La deuda por pensi\u00f3n de alimentos acumulada en la Regi\u00f3n de Ays\u00e9n supera los 405 millones de pesos y permanecen 870 personas en el registro, seg\u00fan las \u00faltimas cifras. A nivel nacional, el registro cuenta con m\u00e1s de 301 mil inscritos y acumula una deuda que alcanza los 95 mil millones de pesos.<\/p>\n<p style=\"text-align: justify;\">El incumplimiento en el pago de pensiones alimenticias conlleva sanciones, como la imposibilidad de renovar licencias de conducir, obtener pasaportes y la retenci\u00f3n de \u00a0la devoluci\u00f3n de impuestos, entre otras medidas que buscan garantizar el bienestar de ni\u00f1os, ni\u00f1as y adolescentes afectados.<\/p>\n<\/div><\/section><\/div><div  style='height:50px' class='hr hr-invisible   avia-builder-el-6  el_after_av_one_full  el_before_av_social_share '><span class='hr-inner ' ><span class='hr-inner-style'><\/span><\/span><\/div><\/p>\n<div  class='av-social-sharing-box  avia-builder-el-7  el_after_av_hr  el_before_av_hr  '><div class='av-share-box'><h5 class='av-share-link-description av-no-toc '>Compartir esta noticia<\/h5><ul class='av-share-box-list noLightbox'><li class='av-share-link av-social-link-facebook' ><a target=\"_blank\" aria-label=\"Compartir en Facebook\" href='https:\/\/www.facebook.com\/sharer.php?u=https:\/\/radiorevelacionfm.cl\/?p=49633&#038;t=Deudores%20de%20pensi%C3%B3n%20de%20alimentos%20no%20podr%C3%A1n%20recibir%20fondos%20sectoriales%20de%20Cultura' aria-hidden='false' data-av_icon='\ue8f3' data-av_iconfont='entypo-fontello' title='' data-avia-related-tooltip='Compartir en Facebook' rel=\"noopener\"><span class='avia_hidden_link_text'>Compartir en Facebook<\/span><\/a><\/li><li class='av-share-link av-social-link-twitter' ><a target=\"_blank\" aria-label=\"Compartir en Twitter\" href='https:\/\/twitter.com\/share?text=Deudores%20de%20pensi%C3%B3n%20de%20alimentos%20no%20podr%C3%A1n%20recibir%20fondos%20sectoriales%20de%20Cultura&#038;url=https:\/\/radiorevelacionfm.cl\/?p=49633' aria-hidden='false' data-av_icon='\ue8f1' data-av_iconfont='entypo-fontello' title='' data-avia-related-tooltip='Compartir en Twitter' rel=\"noopener\"><span class='avia_hidden_link_text'>Compartir en Twitter<\/span><\/a><\/li><li class='av-share-link av-social-link-whatsapp' ><a target=\"_blank\" aria-label=\"Compartir en Whatsapp\" href='https:\/\/api.whatsapp.com\/send?text=https:\/\/radiorevelacionfm.cl\/?p=49633' aria-hidden='false' data-av_icon='\uf232' data-av_iconfont='entypo-fontello' title='' data-avia-related-tooltip='Compartir en Whatsapp' rel=\"noopener\"><span class='avia_hidden_link_text'>Compartir en Whatsapp<\/span><\/a><\/li><li class='av-share-link av-social-link-linkedin' ><a target=\"_blank\" aria-label=\"Compartir en LinkedIn\" href='https:\/\/linkedin.com\/shareArticle?mini=true&#038;title=Deudores%20de%20pensi%C3%B3n%20de%20alimentos%20no%20podr%C3%A1n%20recibir%20fondos%20sectoriales%20de%20Cultura&#038;url=https:\/\/radiorevelacionfm.cl\/?p=49633' aria-hidden='false' data-av_icon='\ue8fc' data-av_iconfont='entypo-fontello' title='' data-avia-related-tooltip='Compartir en LinkedIn' rel=\"noopener\"><span class='avia_hidden_link_text'>Compartir en LinkedIn<\/span><\/a><\/li><li class='av-share-link av-social-link-mail' ><a  aria-label=\"Compartir por correo\" href='mailto:?subject=Deudores%20de%20pensi%C3%B3n%20de%20alimentos%20no%20podr%C3%A1n%20recibir%20fondos%20sectoriales%20de%20Cultura&#038;body=https:\/\/radiorevelacionfm.cl\/?p=49633' aria-hidden='false' data-av_icon='\ue805' data-av_iconfont='entypo-fontello' title='' data-avia-related-tooltip='Compartir por correo'><span class='avia_hidden_link_text'>Compartir por correo<\/span><\/a><\/li><\/ul><\/div><\/div>\n<div  style='height:50px' class='hr hr-invisible   avia-builder-el-8  el_after_av_social_share  el_before_av_comments_list '><span class='hr-inner ' ><span class='hr-inner-style'><\/span><\/span><\/div>\n<div  class='av-buildercomment  av-blog-meta-html-info-disabled av-blog-meta-tag-disabled  '><\/div>\n","protected":false},"excerpt":{"rendered":"","protected":false},"author":1,"featured_media":49634,"comment_status":"open","ping_status":"open","sticky":false,"template":"","format":"standard","meta":{"footnotes":""},"categories":[52],"tags":[],"class_list":["post-49633","post","type-post","status-publish","format-standard","has-post-thumbnail","hentry","category-cultura"],"jetpack_featured_media_url":"https:\/\/radiorevelacionfm.cl\/wp-content\/uploads\/2025\/01\/generica-ninos-1_optimized.jpg","_links":{"self":[{"href":"https:\/\/radiorevelacionfm.cl\/index.php?rest_route=\/wp\/v2\/posts\/49633","targetHints":{"allow":["GET"]}}],"collection":[{"href":"https:\/\/radiorevelacionfm.cl\/index.php?rest_route=\/wp\/v2\/posts"}],"about":[{"href":"https:\/\/radiorevelacionfm.cl\/index.php?rest_route=\/wp\/v2\/types\/post"}],"author":[{"embeddable":true,"href":"https:\/\/radiorevelacionfm.cl\/index.php?rest_route=\/wp\/v2\/users\/1"}],"replies":[{"embeddable":true,"href":"https:\/\/radiorevelacionfm.cl\/index.php?rest_route=%2Fwp%2Fv2%2Fcomments&post=49633"}],"version-history":[{"count":1,"href":"https:\/\/radiorevelacionfm.cl\/index.php?rest_route=\/wp\/v2\/posts\/49633\/revisions"}],"predecessor-version":[{"id":49635,"href":"https:\/\/radiorevelacionfm.cl\/index.php?rest_route=\/wp\/v2\/posts\/49633\/revisions\/49635"}],"wp:featuredmedia":[{"embeddable":true,"href":"https:\/\/radiorevelacionfm.cl\/index.php?rest_route=\/wp\/v2\/media\/49634"}],"wp:attachment":[{"href":"https:\/\/radiorevelacionfm.cl\/index.php?rest_route=%2Fwp%2Fv2%2Fmedia&parent=49633"}],"wp:term":[{"taxonomy":"category","embeddable":true,"href":"https:\/\/radiorevelacionfm.cl\/index.php?rest_route=%2Fwp%2Fv2%2Fcategories&post=49633"},{"taxonomy":"post_tag","embeddable":true,"href":"https:\/\/radiorevelacionfm.cl\/index.php?rest_route=%2Fwp%2Fv2%2Ftags&post=49633"}],"curies":[{"name":"wp","href":"https:\/\/api.w.org\/{rel}","templated":true}]}}