{"id":49630,"date":"2025-01-14T20:04:45","date_gmt":"2025-01-14T23:04:45","guid":{"rendered":"https:\/\/radiorevelacionfm.cl\/?p=49630"},"modified":"2025-01-14T20:04:45","modified_gmt":"2025-01-14T23:04:45","slug":"rescatan-a-excursionista-frances-tras-sufrir-lesion-en-parque-nacional-cerro-castillo","status":"publish","type":"post","link":"https:\/\/radiorevelacionfm.cl\/?p=49630","title":{"rendered":"Rescatan a excursionista franc\u00e9s tras sufrir lesi\u00f3n en Parque Nacional Cerro Castillo"},"content":{"rendered":"<div class=\"flex_column av_one_full  flex_column_div av-zero-column-padding first  avia-builder-el-0  el_before_av_one_full  avia-builder-el-first  \" style='border-radius:0px; '><div  class='avia-image-container  av-styling-    avia-builder-el-1  avia-builder-el-no-sibling  avia-align-center '  itemprop=\"image\" itemscope=\"itemscope\" itemtype=\"https:\/\/schema.org\/ImageObject\"  ><div class='avia-image-container-inner'><div class='avia-image-overlay-wrap'><img decoding=\"async\" class='wp-image-49631 avia-img-lazy-loading-not-49631 avia_image' src=\"https:\/\/radiorevelacionfm.cl\/wp-content\/uploads\/2025\/01\/fa663b83-b4d1-472c-872c-39c3a54bff3a-1_optimized-1.jpg\" alt='' title='fa663b83-b4d1-472c-872c-39c3a54bff3a-(1)_optimized (1)' height=\"610\" width=\"801\"  itemprop=\"thumbnailUrl\" srcset=\"https:\/\/radiorevelacionfm.cl\/wp-content\/uploads\/2025\/01\/fa663b83-b4d1-472c-872c-39c3a54bff3a-1_optimized-1.jpg 801w, https:\/\/radiorevelacionfm.cl\/wp-content\/uploads\/2025\/01\/fa663b83-b4d1-472c-872c-39c3a54bff3a-1_optimized-1-300x228.jpg 300w, https:\/\/radiorevelacionfm.cl\/wp-content\/uploads\/2025\/01\/fa663b83-b4d1-472c-872c-39c3a54bff3a-1_optimized-1-768x585.jpg 768w, https:\/\/radiorevelacionfm.cl\/wp-content\/uploads\/2025\/01\/fa663b83-b4d1-472c-872c-39c3a54bff3a-1_optimized-1-705x537.jpg 705w, https:\/\/radiorevelacionfm.cl\/wp-content\/uploads\/2025\/01\/fa663b83-b4d1-472c-872c-39c3a54bff3a-1_optimized-1-450x343.jpg 450w, https:\/\/radiorevelacionfm.cl\/wp-content\/uploads\/2025\/01\/fa663b83-b4d1-472c-872c-39c3a54bff3a-1_optimized-1-600x457.jpg 600w\" sizes=\"(max-width: 801px) 100vw, 801px\" \/><\/div><\/div><\/div><\/div><div class=\"flex_column av_one_full  flex_column_div av-zero-column-padding first  avia-builder-el-2  el_after_av_one_full  el_before_av_one_full  column-top-margin\" style='border-radius:0px; '><section class=\"av_textblock_section \"  itemscope=\"itemscope\" itemtype=\"https:\/\/schema.org\/BlogPosting\" itemprop=\"blogPost\" ><div class='avia_textblock  '   itemprop=\"text\" ><p style=\"text-align: center;\"><strong><span style=\"font-size: 18pt;\">Rescatan a excursionista franc\u00e9s tras sufrir lesi\u00f3n en Parque Nacional Cerro Castillo<\/span><\/strong><\/p>\n<div id=\"gtx-trans\" style=\"position: absolute; left: -50px; top: 4.31534px;\">\n<div class=\"gtx-trans-icon\"><\/div>\n<\/div>\n<\/div><\/section><\/div><div class=\"flex_column av_one_full  flex_column_div av-zero-column-padding first  avia-builder-el-4  el_after_av_one_full  el_before_av_hr  column-top-margin\" style='border-radius:0px; '><section class=\"av_textblock_section \"  itemscope=\"itemscope\" itemtype=\"https:\/\/schema.org\/BlogPosting\" itemprop=\"blogPost\" ><div class='avia_textblock  '   itemprop=\"text\" ><p dir=\"ltr\" style=\"text-align: justify;\"><em>El turista europeo se lesion\u00f3 mientras realizaba un trekking a trav\u00e9s de una ruta no habilitada cerca del sendero Las Horquetas, tras lo cual emiti\u00f3 una se\u00f1al de auxilio SOS mediante un dispositivo m\u00f3vil, lo cual fue clave para dar con su ubicaci\u00f3n en la monta\u00f1a.<\/em><\/p>\n<p dir=\"ltr\" style=\"text-align: justify;\">La recepci\u00f3n de una se\u00f1al SOS de auxilio y coordenadas GPS emitida a trav\u00e9s de una aplicaci\u00f3n de una reconocida marca de relojes especializada en deportes de monta\u00f1a y actividades outdoors, permiti\u00f3 a Carabineros del Grupo de Operaciones Policiales Especiales (GOPE), localizar y rescatar con vida a un excursionista franc\u00e9s desde el interior del Parque Nacional Castillo en la regi\u00f3n de Ays\u00e9n.<\/p>\n<p dir=\"ltr\" style=\"text-align: justify;\">En horas de la ma\u00f1ana del lunes Senapred inform\u00f3 de la emergencia a la Central de Comunicaciones (Cenco) siendo derivada una patrulla integrada por personal especializado de rescate hasta este lugar.<\/p>\n<p dir=\"ltr\" style=\"text-align: justify;\">El Jefe del GOPE Ays\u00e9n, Teniente V\u00edctor Cuevas Pereira indic\u00f3 que los primeros antecedentes daban cuenta que el ciudadano extranjero de 38 a\u00f1os de edad presentaba una lesi\u00f3n en una de sus extremidades inferiores, cuya ubicaci\u00f3n -seg\u00fan las coordenadas GPS- lo situaban en una ruta no habilitada cerca del sendero Las Horquetas, al interior de este Parque.<\/p>\n<p dir=\"ltr\" style=\"text-align: justify;\"><strong>Extracci\u00f3n<\/strong><\/p>\n<p dir=\"ltr\" style=\"text-align: justify;\">Carabineros del GOPE Ays\u00e9n junto a personal de CONAF conformaron un equipo de trabajo y tras una reuni\u00f3n de planificaci\u00f3n de la ruta de avance hacia el lugar, iniciaron el recorrido a trav\u00e9s de esta zona cordillerana.<\/p>\n<p dir=\"ltr\" style=\"text-align: justify;\">\u00abFueron 5 a 6 km de caminata por monta\u00f1a, en la cual las condiciones no fueron tan complejas, sin embargo, algunos tramos se encontraban con lluvia. Se logra dar con la ubicaci\u00f3n del ciudadano franc\u00e9s a las 15:20 horas, quien manten\u00eda una contusi\u00f3n y un fuerte dolor en una rodilla, siendo extra\u00eddo del lugar y llevado a un zona segura donde esperaba personal del Samu\u00bb, indic\u00f3 el Oficial.<\/p>\n<p dir=\"ltr\" style=\"text-align: justify;\">\u00abLa importancia que tuvo este procedimiento fue que el ciudadano franc\u00e9s -que sabe del trabajo en monta\u00f1a- envi\u00f3 la se\u00f1al SOS con unas coordenadas sin moverse del lugar. Es muy importante para las personas que hagan este tipo de excursiones, que si env\u00edan una se\u00f1al o encuentran una forma de pedir auxilio, no moverse desde ese punto, porque as\u00ed acortan los tiempos de respuesta por parte de los equipos de rescate\u00bb, a\u00f1adi\u00f3 el Jefe del GOPE Ays\u00e9n, quien acot\u00f3 que esto permiti\u00f3 llegar lo antes posible y prevenir alguna lesi\u00f3n grave o un hecho fatal, a ra\u00edz de alguna ca\u00edda de altura producto de la desorientaci\u00f3n o hipotermia durante la noche.<\/p>\n<p dir=\"ltr\" style=\"text-align: justify;\"><strong>Planificaci\u00f3n<\/strong><\/p>\n<p dir=\"ltr\" style=\"text-align: justify;\">El Teniente V\u00edctor Cuevas record\u00f3 que al momento de desarrollar deportes de monta\u00f1a es fundamental la planificaci\u00f3n de la ruta -no salir de los senderos- junto con considerar aspectos geogr\u00e1ficos y climatolog\u00eda del lugar.<\/p>\n<p dir=\"ltr\" style=\"text-align: justify;\">\u00abEs muy importante tener la georeferenciaci\u00f3n del punto donde la persona se encuentra ubicada, adem\u00e1s de una adecuada vestimenta (visible), calzado, recambio, alimentaci\u00f3n, hidrataci\u00f3n y, en caso de accidente -si tenemos se\u00f1al telef\u00f3nica- dar aviso y mantenerse abrigado en el lugar desde donde se est\u00e1 emitiendo la se\u00f1al\u00bb, recomend\u00f3.<\/p>\n<p dir=\"ltr\" style=\"text-align: justify;\">Carabineros recalc\u00f3 a los excursionistas dar a aviso a Carabineros o a guardaparques de CONAF al momento de visitar Parques Nacionales, Reservas u otros lugares de monta\u00f1a, con la finalidad de conocer la ruta y la fecha de retorno, para a una oportuna respuesta o auxilio frente a una eventualidad.<\/p>\n<\/div><\/section><\/div><div  style='height:50px' class='hr hr-invisible   avia-builder-el-6  el_after_av_one_full  el_before_av_social_share '><span class='hr-inner ' ><span class='hr-inner-style'><\/span><\/span><\/div><\/p>\n<div  class='av-social-sharing-box  avia-builder-el-7  el_after_av_hr  el_before_av_hr  '><div class='av-share-box'><h5 class='av-share-link-description av-no-toc '>Compartir esta noticia<\/h5><ul class='av-share-box-list noLightbox'><li class='av-share-link av-social-link-facebook' ><a target=\"_blank\" aria-label=\"Compartir en Facebook\" href='https:\/\/www.facebook.com\/sharer.php?u=https:\/\/radiorevelacionfm.cl\/?p=49630&#038;t=Rescatan%20a%20excursionista%20franc%C3%A9s%20tras%20sufrir%20lesi%C3%B3n%20en%20Parque%20Nacional%20Cerro%20Castillo' aria-hidden='false' data-av_icon='\ue8f3' data-av_iconfont='entypo-fontello' title='' data-avia-related-tooltip='Compartir en Facebook' rel=\"noopener\"><span class='avia_hidden_link_text'>Compartir en Facebook<\/span><\/a><\/li><li class='av-share-link av-social-link-twitter' ><a target=\"_blank\" aria-label=\"Compartir en Twitter\" href='https:\/\/twitter.com\/share?text=Rescatan%20a%20excursionista%20franc%C3%A9s%20tras%20sufrir%20lesi%C3%B3n%20en%20Parque%20Nacional%20Cerro%20Castillo&#038;url=https:\/\/radiorevelacionfm.cl\/?p=49630' aria-hidden='false' data-av_icon='\ue8f1' data-av_iconfont='entypo-fontello' title='' data-avia-related-tooltip='Compartir en Twitter' rel=\"noopener\"><span class='avia_hidden_link_text'>Compartir en Twitter<\/span><\/a><\/li><li class='av-share-link av-social-link-whatsapp' ><a target=\"_blank\" aria-label=\"Compartir en Whatsapp\" href='https:\/\/api.whatsapp.com\/send?text=https:\/\/radiorevelacionfm.cl\/?p=49630' aria-hidden='false' data-av_icon='\uf232' data-av_iconfont='entypo-fontello' title='' data-avia-related-tooltip='Compartir en Whatsapp' rel=\"noopener\"><span class='avia_hidden_link_text'>Compartir en Whatsapp<\/span><\/a><\/li><li class='av-share-link av-social-link-linkedin' ><a target=\"_blank\" aria-label=\"Compartir en LinkedIn\" href='https:\/\/linkedin.com\/shareArticle?mini=true&#038;title=Rescatan%20a%20excursionista%20franc%C3%A9s%20tras%20sufrir%20lesi%C3%B3n%20en%20Parque%20Nacional%20Cerro%20Castillo&#038;url=https:\/\/radiorevelacionfm.cl\/?p=49630' aria-hidden='false' data-av_icon='\ue8fc' data-av_iconfont='entypo-fontello' title='' data-avia-related-tooltip='Compartir en LinkedIn' rel=\"noopener\"><span class='avia_hidden_link_text'>Compartir en LinkedIn<\/span><\/a><\/li><li class='av-share-link av-social-link-mail' ><a  aria-label=\"Compartir por correo\" href='mailto:?subject=Rescatan%20a%20excursionista%20franc%C3%A9s%20tras%20sufrir%20lesi%C3%B3n%20en%20Parque%20Nacional%20Cerro%20Castillo&#038;body=https:\/\/radiorevelacionfm.cl\/?p=49630' aria-hidden='false' data-av_icon='\ue805' data-av_iconfont='entypo-fontello' title='' data-avia-related-tooltip='Compartir por correo'><span class='avia_hidden_link_text'>Compartir por correo<\/span><\/a><\/li><\/ul><\/div><\/div>\n<div  style='height:50px' class='hr hr-invisible   avia-builder-el-8  el_after_av_social_share  el_before_av_comments_list '><span class='hr-inner ' ><span class='hr-inner-style'><\/span><\/span><\/div>\n<div  class='av-buildercomment  av-blog-meta-html-info-disabled av-blog-meta-tag-disabled  '><\/div>\n","protected":false},"excerpt":{"rendered":"","protected":false},"author":1,"featured_media":49631,"comment_status":"open","ping_status":"open","sticky":false,"template":"","format":"standard","meta":{"footnotes":""},"categories":[38],"tags":[],"class_list":["post-49630","post","type-post","status-publish","format-standard","has-post-thumbnail","hentry","category-regional"],"jetpack_featured_media_url":"https:\/\/radiorevelacionfm.cl\/wp-content\/uploads\/2025\/01\/fa663b83-b4d1-472c-872c-39c3a54bff3a-1_optimized-1.jpg","_links":{"self":[{"href":"https:\/\/radiorevelacionfm.cl\/index.php?rest_route=\/wp\/v2\/posts\/49630","targetHints":{"allow":["GET"]}}],"collection":[{"href":"https:\/\/radiorevelacionfm.cl\/index.php?rest_route=\/wp\/v2\/posts"}],"about":[{"href":"https:\/\/radiorevelacionfm.cl\/index.php?rest_route=\/wp\/v2\/types\/post"}],"author":[{"embeddable":true,"href":"https:\/\/radiorevelacionfm.cl\/index.php?rest_route=\/wp\/v2\/users\/1"}],"replies":[{"embeddable":true,"href":"https:\/\/radiorevelacionfm.cl\/index.php?rest_route=%2Fwp%2Fv2%2Fcomments&post=49630"}],"version-history":[{"count":1,"href":"https:\/\/radiorevelacionfm.cl\/index.php?rest_route=\/wp\/v2\/posts\/49630\/revisions"}],"predecessor-version":[{"id":49632,"href":"https:\/\/radiorevelacionfm.cl\/index.php?rest_route=\/wp\/v2\/posts\/49630\/revisions\/49632"}],"wp:featuredmedia":[{"embeddable":true,"href":"https:\/\/radiorevelacionfm.cl\/index.php?rest_route=\/wp\/v2\/media\/49631"}],"wp:attachment":[{"href":"https:\/\/radiorevelacionfm.cl\/index.php?rest_route=%2Fwp%2Fv2%2Fmedia&parent=49630"}],"wp:term":[{"taxonomy":"category","embeddable":true,"href":"https:\/\/radiorevelacionfm.cl\/index.php?rest_route=%2Fwp%2Fv2%2Fcategories&post=49630"},{"taxonomy":"post_tag","embeddable":true,"href":"https:\/\/radiorevelacionfm.cl\/index.php?rest_route=%2Fwp%2Fv2%2Ftags&post=49630"}],"curies":[{"name":"wp","href":"https:\/\/api.w.org\/{rel}","templated":true}]}}