{"id":49627,"date":"2025-01-14T21:29:29","date_gmt":"2025-01-15T00:29:29","guid":{"rendered":"https:\/\/radiorevelacionfm.cl\/?p=49627"},"modified":"2025-01-14T21:29:29","modified_gmt":"2025-01-15T00:29:29","slug":"proyecto-municipal-permite-mejorar-ciclovias-de-puerto-aysen","status":"publish","type":"post","link":"https:\/\/radiorevelacionfm.cl\/?p=49627","title":{"rendered":"Proyecto municipal permite mejorar ciclov\u00edas de Puerto Ays\u00e9n"},"content":{"rendered":"<div class=\"flex_column av_one_full  flex_column_div av-zero-column-padding first  avia-builder-el-0  el_before_av_one_full  avia-builder-el-first  \" style='border-radius:0px; '><div  class='avia-image-container  av-styling-    avia-builder-el-1  avia-builder-el-no-sibling  avia-align-center '  itemprop=\"image\" itemscope=\"itemscope\" itemtype=\"https:\/\/schema.org\/ImageObject\"  ><div class='avia-image-container-inner'><div class='avia-image-overlay-wrap'><img decoding=\"async\" class='wp-image-49628 avia-img-lazy-loading-not-49628 avia_image' src=\"https:\/\/radiorevelacionfm.cl\/wp-content\/uploads\/2025\/01\/20250113_174509-1_optimized-1.jpg\" alt='' title='20250113_174509-(1)_optimized (1)' height=\"600\" width=\"800\"  itemprop=\"thumbnailUrl\" srcset=\"https:\/\/radiorevelacionfm.cl\/wp-content\/uploads\/2025\/01\/20250113_174509-1_optimized-1.jpg 800w, https:\/\/radiorevelacionfm.cl\/wp-content\/uploads\/2025\/01\/20250113_174509-1_optimized-1-300x225.jpg 300w, https:\/\/radiorevelacionfm.cl\/wp-content\/uploads\/2025\/01\/20250113_174509-1_optimized-1-768x576.jpg 768w, https:\/\/radiorevelacionfm.cl\/wp-content\/uploads\/2025\/01\/20250113_174509-1_optimized-1-705x529.jpg 705w, https:\/\/radiorevelacionfm.cl\/wp-content\/uploads\/2025\/01\/20250113_174509-1_optimized-1-450x338.jpg 450w, https:\/\/radiorevelacionfm.cl\/wp-content\/uploads\/2025\/01\/20250113_174509-1_optimized-1-600x450.jpg 600w\" sizes=\"(max-width: 800px) 100vw, 800px\" \/><\/div><\/div><\/div><\/div><div class=\"flex_column av_one_full  flex_column_div av-zero-column-padding first  avia-builder-el-2  el_after_av_one_full  el_before_av_one_full  column-top-margin\" style='border-radius:0px; '><section class=\"av_textblock_section \"  itemscope=\"itemscope\" itemtype=\"https:\/\/schema.org\/BlogPosting\" itemprop=\"blogPost\" ><div class='avia_textblock  '   itemprop=\"text\" ><p style=\"text-align: center;\"><strong><span style=\"font-size: 18pt;\">Proyecto municipal permite mejorar ciclov\u00edas de Puerto Ays\u00e9n<\/span><\/strong><\/p>\n<div id=\"gtx-trans\" style=\"position: absolute; left: -50px; top: 4.31534px;\">\n<div class=\"gtx-trans-icon\"><\/div>\n<\/div>\n<\/div><\/section><\/div><div class=\"flex_column av_one_full  flex_column_div av-zero-column-padding first  avia-builder-el-4  el_after_av_one_full  el_before_av_hr  column-top-margin\" style='border-radius:0px; '><section class=\"av_textblock_section \"  itemscope=\"itemscope\" itemtype=\"https:\/\/schema.org\/BlogPosting\" itemprop=\"blogPost\" ><div class='avia_textblock  '   itemprop=\"text\" ><p style=\"text-align: justify;\"><em>Esta acci\u00f3n complementa los arreglos realizados el a\u00f1o pasado, por lo que la totalidad de las ciclov\u00edas de la ciudad quedar\u00e1n con vivos colores para la seguridad de todos los ciclistas de Ays\u00e9n.<\/em><\/p>\n<p style=\"text-align: justify;\">La Direcci\u00f3n de Tr\u00e1nsito y Transporte P\u00fablico de la Ilustre Municipalidad de Ays\u00e9n realiz\u00f3 hace algunos a\u00f1os una planificaci\u00f3n para la mantenci\u00f3n a todas las ciclov\u00edas de la ciudad de Puerto Ays\u00e9n. Para esto, el proyecto fue dividido en dos zonas, el primero se efectu\u00f3 el a\u00f1o pasado en el sector costanera y poblaci\u00f3n La Balsa, lo cual signific\u00f3 tres kil\u00f3metros de ciclov\u00eda.<\/p>\n<p style=\"text-align: justify;\">La semana pasada comenz\u00f3 la segunda parte de este proyecto para pintar el resto de las v\u00edas para en las calles Manuel Rodr\u00edguez, Eleuterio Ram\u00edrez, Ruta 240 hasta la Villa Espa\u00f1a y en la calle Benigno D\u00edaz del sector Ribera Sur; completando as\u00ed los otros tres kil\u00f3metros que faltaban.<\/p>\n<p style=\"text-align: justify;\">La mantenci\u00f3n, adem\u00e1s del pintado de las intersecciones entre calles y ciclov\u00edas con un color azul intenso para mejor visibilidad, cuenta con la divisi\u00f3n de la misma a lo largo con l\u00edneas punteadas, el reemplazo de se\u00f1al\u00e9ticas viejas o que fueron retiradas, y la instalaci\u00f3n de hitos verticales que ayudan a advertir a los conductores de la proximidad de la v\u00eda para ciclistas.<\/p>\n<p style=\"text-align: justify;\">La Directora de Tr\u00e1nsito Mabel Vel\u00e1squez, realiz\u00f3 un llamado a los vecinos a cuidar la infraestructura p\u00fablica, \u201cla ciclov\u00eda lleva mucho tiempo en nuestra ciudad, es una de las que tiene mayor extensi\u00f3n en la regi\u00f3n y por eso hay que cuidarla; igual que la se\u00f1alizaci\u00f3n y los hitos verticales que, generalmente, son uno de los elementos viales que m\u00e1s se destruyen por parte de los conductores, as\u00ed que cuando hagan los virajes, tambi\u00e9n tener la precauci\u00f3n y recordar que cuando uno se enfrenta a esta ciclov\u00eda el ciclista tiene la preferencia. Por \u00faltimo, tambi\u00e9n el llamado es a que nos vayamos cuidando m\u00e1s en esta \u00e9poca estival donde hay muchas actividades\u201d.<\/p>\n<p style=\"text-align: justify;\">Cabe destacar que desde el 2018; cuando fueron inauguradas estas ciclov\u00edas; hasta el a\u00f1o pasado, no se les hab\u00eda hecho ninguna mantenci\u00f3n, por lo que este hecho podr\u00e1 mejorar los resguardos de todos los ciclistas locales y turistas en las actuales fechas con condiciones clim\u00e1ticas aptas para el ejercicio al aire libre.<\/p>\n<\/div><\/section><\/div><div  style='height:50px' class='hr hr-invisible   avia-builder-el-6  el_after_av_one_full  el_before_av_social_share '><span class='hr-inner ' ><span class='hr-inner-style'><\/span><\/span><\/div><\/p>\n<div  class='av-social-sharing-box  avia-builder-el-7  el_after_av_hr  el_before_av_hr  '><div class='av-share-box'><h5 class='av-share-link-description av-no-toc '>Compartir esta noticia<\/h5><ul class='av-share-box-list noLightbox'><li class='av-share-link av-social-link-facebook' ><a target=\"_blank\" aria-label=\"Compartir en Facebook\" href='https:\/\/www.facebook.com\/sharer.php?u=https:\/\/radiorevelacionfm.cl\/?p=49627&#038;t=Proyecto%20municipal%20permite%20mejorar%20ciclov%C3%ADas%20de%20Puerto%20Ays%C3%A9n' aria-hidden='false' data-av_icon='\ue8f3' data-av_iconfont='entypo-fontello' title='' data-avia-related-tooltip='Compartir en Facebook' rel=\"noopener\"><span class='avia_hidden_link_text'>Compartir en Facebook<\/span><\/a><\/li><li class='av-share-link av-social-link-twitter' ><a target=\"_blank\" aria-label=\"Compartir en Twitter\" href='https:\/\/twitter.com\/share?text=Proyecto%20municipal%20permite%20mejorar%20ciclov%C3%ADas%20de%20Puerto%20Ays%C3%A9n&#038;url=https:\/\/radiorevelacionfm.cl\/?p=49627' aria-hidden='false' data-av_icon='\ue8f1' data-av_iconfont='entypo-fontello' title='' data-avia-related-tooltip='Compartir en Twitter' rel=\"noopener\"><span class='avia_hidden_link_text'>Compartir en Twitter<\/span><\/a><\/li><li class='av-share-link av-social-link-whatsapp' ><a target=\"_blank\" aria-label=\"Compartir en Whatsapp\" href='https:\/\/api.whatsapp.com\/send?text=https:\/\/radiorevelacionfm.cl\/?p=49627' aria-hidden='false' data-av_icon='\uf232' data-av_iconfont='entypo-fontello' title='' data-avia-related-tooltip='Compartir en Whatsapp' rel=\"noopener\"><span class='avia_hidden_link_text'>Compartir en Whatsapp<\/span><\/a><\/li><li class='av-share-link av-social-link-linkedin' ><a target=\"_blank\" aria-label=\"Compartir en LinkedIn\" href='https:\/\/linkedin.com\/shareArticle?mini=true&#038;title=Proyecto%20municipal%20permite%20mejorar%20ciclov%C3%ADas%20de%20Puerto%20Ays%C3%A9n&#038;url=https:\/\/radiorevelacionfm.cl\/?p=49627' aria-hidden='false' data-av_icon='\ue8fc' data-av_iconfont='entypo-fontello' title='' data-avia-related-tooltip='Compartir en LinkedIn' rel=\"noopener\"><span class='avia_hidden_link_text'>Compartir en LinkedIn<\/span><\/a><\/li><li class='av-share-link av-social-link-mail' ><a  aria-label=\"Compartir por correo\" href='mailto:?subject=Proyecto%20municipal%20permite%20mejorar%20ciclov%C3%ADas%20de%20Puerto%20Ays%C3%A9n&#038;body=https:\/\/radiorevelacionfm.cl\/?p=49627' aria-hidden='false' data-av_icon='\ue805' data-av_iconfont='entypo-fontello' title='' data-avia-related-tooltip='Compartir por correo'><span class='avia_hidden_link_text'>Compartir por correo<\/span><\/a><\/li><\/ul><\/div><\/div>\n<div  style='height:50px' class='hr hr-invisible   avia-builder-el-8  el_after_av_social_share  el_before_av_comments_list '><span class='hr-inner ' ><span class='hr-inner-style'><\/span><\/span><\/div>\n<div  class='av-buildercomment  av-blog-meta-html-info-disabled av-blog-meta-tag-disabled  '><\/div>\n","protected":false},"excerpt":{"rendered":"","protected":false},"author":1,"featured_media":49628,"comment_status":"open","ping_status":"open","sticky":false,"template":"","format":"standard","meta":{"footnotes":""},"categories":[38],"tags":[],"class_list":["post-49627","post","type-post","status-publish","format-standard","has-post-thumbnail","hentry","category-regional"],"jetpack_featured_media_url":"https:\/\/radiorevelacionfm.cl\/wp-content\/uploads\/2025\/01\/20250113_174509-1_optimized-1.jpg","_links":{"self":[{"href":"https:\/\/radiorevelacionfm.cl\/index.php?rest_route=\/wp\/v2\/posts\/49627","targetHints":{"allow":["GET"]}}],"collection":[{"href":"https:\/\/radiorevelacionfm.cl\/index.php?rest_route=\/wp\/v2\/posts"}],"about":[{"href":"https:\/\/radiorevelacionfm.cl\/index.php?rest_route=\/wp\/v2\/types\/post"}],"author":[{"embeddable":true,"href":"https:\/\/radiorevelacionfm.cl\/index.php?rest_route=\/wp\/v2\/users\/1"}],"replies":[{"embeddable":true,"href":"https:\/\/radiorevelacionfm.cl\/index.php?rest_route=%2Fwp%2Fv2%2Fcomments&post=49627"}],"version-history":[{"count":1,"href":"https:\/\/radiorevelacionfm.cl\/index.php?rest_route=\/wp\/v2\/posts\/49627\/revisions"}],"predecessor-version":[{"id":49629,"href":"https:\/\/radiorevelacionfm.cl\/index.php?rest_route=\/wp\/v2\/posts\/49627\/revisions\/49629"}],"wp:featuredmedia":[{"embeddable":true,"href":"https:\/\/radiorevelacionfm.cl\/index.php?rest_route=\/wp\/v2\/media\/49628"}],"wp:attachment":[{"href":"https:\/\/radiorevelacionfm.cl\/index.php?rest_route=%2Fwp%2Fv2%2Fmedia&parent=49627"}],"wp:term":[{"taxonomy":"category","embeddable":true,"href":"https:\/\/radiorevelacionfm.cl\/index.php?rest_route=%2Fwp%2Fv2%2Fcategories&post=49627"},{"taxonomy":"post_tag","embeddable":true,"href":"https:\/\/radiorevelacionfm.cl\/index.php?rest_route=%2Fwp%2Fv2%2Ftags&post=49627"}],"curies":[{"name":"wp","href":"https:\/\/api.w.org\/{rel}","templated":true}]}}