{"id":49624,"date":"2025-01-14T18:41:11","date_gmt":"2025-01-14T21:41:11","guid":{"rendered":"https:\/\/radiorevelacionfm.cl\/?p=49624"},"modified":"2025-01-14T18:41:11","modified_gmt":"2025-01-14T21:41:11","slug":"confirman-primer-caso-de-hantavirus-del-2025-en-la-region-de-aysen","status":"publish","type":"post","link":"https:\/\/radiorevelacionfm.cl\/?p=49624","title":{"rendered":"Confirman primer caso de Hantavirus del 2025 en la regi\u00f3n de Ays\u00e9n"},"content":{"rendered":"<div class=\"flex_column av_one_full  flex_column_div av-zero-column-padding first  avia-builder-el-0  el_before_av_one_full  avia-builder-el-first  \" style='border-radius:0px; '><div  class='avia-image-container  av-styling-    avia-builder-el-1  avia-builder-el-no-sibling  avia-align-center '  itemprop=\"image\" itemscope=\"itemscope\" itemtype=\"https:\/\/schema.org\/ImageObject\"  ><div class='avia-image-container-inner'><div class='avia-image-overlay-wrap'><img decoding=\"async\" class='wp-image-49625 avia-img-lazy-loading-not-49625 avia_image' src=\"https:\/\/radiorevelacionfm.cl\/wp-content\/uploads\/2025\/01\/trabajo-epidemiologia-1_optimized-1.jpeg\" alt='' title='trabajo-epidemiolog\u00eda-(1)_optimized (1)' height=\"600\" width=\"827\"  itemprop=\"thumbnailUrl\" srcset=\"https:\/\/radiorevelacionfm.cl\/wp-content\/uploads\/2025\/01\/trabajo-epidemiologia-1_optimized-1.jpeg 827w, https:\/\/radiorevelacionfm.cl\/wp-content\/uploads\/2025\/01\/trabajo-epidemiologia-1_optimized-1-300x218.jpeg 300w, https:\/\/radiorevelacionfm.cl\/wp-content\/uploads\/2025\/01\/trabajo-epidemiologia-1_optimized-1-768x557.jpeg 768w, https:\/\/radiorevelacionfm.cl\/wp-content\/uploads\/2025\/01\/trabajo-epidemiologia-1_optimized-1-705x511.jpeg 705w, https:\/\/radiorevelacionfm.cl\/wp-content\/uploads\/2025\/01\/trabajo-epidemiologia-1_optimized-1-450x326.jpeg 450w, https:\/\/radiorevelacionfm.cl\/wp-content\/uploads\/2025\/01\/trabajo-epidemiologia-1_optimized-1-600x435.jpeg 600w\" sizes=\"(max-width: 827px) 100vw, 827px\" \/><\/div><\/div><\/div><\/div><div class=\"flex_column av_one_full  flex_column_div av-zero-column-padding first  avia-builder-el-2  el_after_av_one_full  el_before_av_one_full  column-top-margin\" style='border-radius:0px; '><section class=\"av_textblock_section \"  itemscope=\"itemscope\" itemtype=\"https:\/\/schema.org\/BlogPosting\" itemprop=\"blogPost\" ><div class='avia_textblock  '   itemprop=\"text\" ><p style=\"text-align: center;\"><strong><span style=\"font-size: 18pt;\">Confirman primer caso de Hantavirus del 2025 en la regi\u00f3n de Ays\u00e9n<\/span><\/strong><\/p>\n<div id=\"gtx-trans\" style=\"position: absolute; left: -50px; top: 4.31534px;\">\n<div class=\"gtx-trans-icon\"><\/div>\n<\/div>\n<\/div><\/section><\/div><div class=\"flex_column av_one_full  flex_column_div av-zero-column-padding first  avia-builder-el-4  el_after_av_one_full  el_before_av_hr  column-top-margin\" style='border-radius:0px; '><section class=\"av_textblock_section \"  itemscope=\"itemscope\" itemtype=\"https:\/\/schema.org\/BlogPosting\" itemprop=\"blogPost\" ><div class='avia_textblock  '   itemprop=\"text\" ><p style=\"text-align: justify;\"><em>La informaci\u00f3n fue ratificada por el laboratorio de la red de salud UC Christus, el cual est\u00e1 validado por el Instituto de Salud P\u00fablica (ISP).<\/em><\/p>\n<p style=\"text-align: justify;\">Esta semana, se confirm\u00f3 el primer caso de Hantavirus del a\u00f1o en la Regi\u00f3n de Ays\u00e9n, se trata de un usuario, de 58 a\u00f1os &#8211; quien fue trasladado al Hospital del T\u00f3rax en Santiago &#8211; luego de consulta m\u00e9dica realizada en el Hospital Regional Coyhaique por presentar dificultad respiratoria y asociar posible exposici\u00f3n a roedores en lugar alta ruralidad.<\/p>\n<p style=\"text-align: justify;\">Desde el laboratorio de la UC Christus notificaron, mediante el examen respectivo, sobre el primer caso de Hantavirus en la Regi\u00f3n de Ays\u00e9n. El paciente, con domicilio en la regi\u00f3n, tras permanecer durante enero en la zona lacustre y pernoctar en una caba\u00f1a de uso familiar, present\u00f3 s\u00edntomas asociados a esta enfermedad como dificultad respiratoria y cuadros de fiebre, siendo trasladado al norte del pa\u00eds donde \u00a0permanece en observaci\u00f3n con estado de salud reservado.<\/p>\n<p style=\"text-align: justify;\">Frente a esta situaci\u00f3n, la Seremi de Salud inici\u00f3 una investigaci\u00f3n integrada por equipos de la unidad de epidemiolog\u00eda y la unidad de zoonosis, con el prop\u00f3sito de determinar el lugar de probable exposici\u00f3n y factores de riesgo asociados que derivaron en este caso de Hantavirus para adoptar las medidas de prevenci\u00f3n y control con las personas expuestas a esta enfermedad.<\/p>\n<p style=\"text-align: justify;\">En este contexto, la Seremi de Salud (s), Silvia Delf\u00edn Cort\u00e9s, se\u00f1al\u00f3 que \u2013 al igual que todos los a\u00f1os- se ha realizado un constante trabajo intersectorial para reiterar las acciones preventivas frente al Hantavirus.\u00a0 \u201cAnualmente, nos esforzamos en informar y entregar recomendaciones sobre el Hantavirus, donde la principal medida de resguardo es el propio autocuidado de las comunidades para prevenir esta enfermedad, como la ventilaci\u00f3n de los inmuebles que se encuentren en zonas rurales y que han estado desocupados por al menos 20 minutos, con el uso de mascarilla y guantes, son medidas que se deben intensificar en este per\u00edodo estival\u201d.<\/p>\n<p style=\"text-align: justify;\"><strong>Hantavirus<\/strong><\/p>\n<p style=\"text-align: justify;\">Es una enfermedad de origen viral, que se transmite al ser humano desde los roedores silvestres como el <em>Oligorizomys longicaudatus<\/em> (rat\u00f3n de cola larga, aut\u00f3ctono), cuando \u00e9ste es portador del virus. La transmisi\u00f3n m\u00e1s com\u00fan se produce a trav\u00e9s de la inhalaci\u00f3n de aerosoles producidos a partir de la orina, saliva y excretas de roedores infectados. Al ser un roedor silvestre, el mayor riesgo lo tienen personas que viven en sectores rurales, poco intervenidos por el hombre, al igual que personas que por actividades recreacionales y laborales van a esos lugares.<\/p>\n<p style=\"text-align: justify;\"><strong>S\u00edntomas<\/strong><\/p>\n<p style=\"text-align: justify;\">La enfermedad comienza con un cuadro similar a una influenza, con fiebre, dolores musculares, dolor de cabeza, a veces acompa\u00f1ado con s\u00edntomas gastrointestinales, y con dificultad respiratoria progresiva. Estos pacientes necesitan ser diagnosticados oportunamente, ya que su manejo es muy complejo y requiere atenci\u00f3n especial. La importancia de esta enfermedad radica principalmente en su alta letalidad.<\/p>\n<p style=\"text-align: justify;\"><strong>Recomendaciones<\/strong><\/p>\n<ul>\n<li style=\"text-align: justify;\">Ventila por 30 minutos antes de entrar a lugares cerrados.<\/li>\n<li style=\"text-align: justify;\">Despu\u00e9s de ventilar, limpia las superficies y suelos con cloro.<\/li>\n<li style=\"text-align: justify;\">Mant\u00e9n los exteriores libres de basura y maleza.<\/li>\n<li style=\"text-align: justify;\">Sella orificios y mant\u00e9n el orden en casas, galpones, le\u00f1eras o bodegas.<\/li>\n<li style=\"text-align: justify;\">Guarda los alimentos en recipientes herm\u00e9ticos, fuera del alcance de roedores.<\/li>\n<li style=\"text-align: justify;\">Consume \u00fanicamente agua potable, envasada o hervida.<\/li>\n<li style=\"text-align: justify;\">Para recolectar frutos, limpiar, desmalezar y ordenar, utiliza siempre guantes y mascarilla.<\/li>\n<li style=\"text-align: justify;\">Cuida especies silvestres que controlan roedores como zorros, culebras y lechuzas.<\/li>\n<\/ul>\n<\/div><\/section><\/div><div  style='height:50px' class='hr hr-invisible   avia-builder-el-6  el_after_av_one_full  el_before_av_social_share '><span class='hr-inner ' ><span class='hr-inner-style'><\/span><\/span><\/div><\/p>\n<div  class='av-social-sharing-box  avia-builder-el-7  el_after_av_hr  el_before_av_hr  '><div class='av-share-box'><h5 class='av-share-link-description av-no-toc '>Compartir esta noticia<\/h5><ul class='av-share-box-list noLightbox'><li class='av-share-link av-social-link-facebook' ><a target=\"_blank\" aria-label=\"Compartir en Facebook\" href='https:\/\/www.facebook.com\/sharer.php?u=https:\/\/radiorevelacionfm.cl\/?p=49624&#038;t=Confirman%20primer%20caso%20de%20Hantavirus%20del%202025%20en%20la%20regi%C3%B3n%20de%20Ays%C3%A9n' aria-hidden='false' data-av_icon='\ue8f3' data-av_iconfont='entypo-fontello' title='' data-avia-related-tooltip='Compartir en Facebook' rel=\"noopener\"><span class='avia_hidden_link_text'>Compartir en Facebook<\/span><\/a><\/li><li class='av-share-link av-social-link-twitter' ><a target=\"_blank\" aria-label=\"Compartir en Twitter\" href='https:\/\/twitter.com\/share?text=Confirman%20primer%20caso%20de%20Hantavirus%20del%202025%20en%20la%20regi%C3%B3n%20de%20Ays%C3%A9n&#038;url=https:\/\/radiorevelacionfm.cl\/?p=49624' aria-hidden='false' data-av_icon='\ue8f1' data-av_iconfont='entypo-fontello' title='' data-avia-related-tooltip='Compartir en Twitter' rel=\"noopener\"><span class='avia_hidden_link_text'>Compartir en Twitter<\/span><\/a><\/li><li class='av-share-link av-social-link-whatsapp' ><a target=\"_blank\" aria-label=\"Compartir en Whatsapp\" href='https:\/\/api.whatsapp.com\/send?text=https:\/\/radiorevelacionfm.cl\/?p=49624' aria-hidden='false' data-av_icon='\uf232' data-av_iconfont='entypo-fontello' title='' data-avia-related-tooltip='Compartir en Whatsapp' rel=\"noopener\"><span class='avia_hidden_link_text'>Compartir en Whatsapp<\/span><\/a><\/li><li class='av-share-link av-social-link-linkedin' ><a target=\"_blank\" aria-label=\"Compartir en LinkedIn\" href='https:\/\/linkedin.com\/shareArticle?mini=true&#038;title=Confirman%20primer%20caso%20de%20Hantavirus%20del%202025%20en%20la%20regi%C3%B3n%20de%20Ays%C3%A9n&#038;url=https:\/\/radiorevelacionfm.cl\/?p=49624' aria-hidden='false' data-av_icon='\ue8fc' data-av_iconfont='entypo-fontello' title='' data-avia-related-tooltip='Compartir en LinkedIn' rel=\"noopener\"><span class='avia_hidden_link_text'>Compartir en LinkedIn<\/span><\/a><\/li><li class='av-share-link av-social-link-mail' ><a  aria-label=\"Compartir por correo\" href='mailto:?subject=Confirman%20primer%20caso%20de%20Hantavirus%20del%202025%20en%20la%20regi%C3%B3n%20de%20Ays%C3%A9n&#038;body=https:\/\/radiorevelacionfm.cl\/?p=49624' aria-hidden='false' data-av_icon='\ue805' data-av_iconfont='entypo-fontello' title='' data-avia-related-tooltip='Compartir por correo'><span class='avia_hidden_link_text'>Compartir por correo<\/span><\/a><\/li><\/ul><\/div><\/div>\n<div  style='height:50px' class='hr hr-invisible   avia-builder-el-8  el_after_av_social_share  el_before_av_comments_list '><span class='hr-inner ' ><span class='hr-inner-style'><\/span><\/span><\/div>\n<div  class='av-buildercomment  av-blog-meta-html-info-disabled av-blog-meta-tag-disabled  '><\/div>\n","protected":false},"excerpt":{"rendered":"","protected":false},"author":1,"featured_media":49625,"comment_status":"open","ping_status":"open","sticky":false,"template":"","format":"standard","meta":{"footnotes":""},"categories":[46],"tags":[],"class_list":["post-49624","post","type-post","status-publish","format-standard","has-post-thumbnail","hentry","category-salud"],"jetpack_featured_media_url":"https:\/\/radiorevelacionfm.cl\/wp-content\/uploads\/2025\/01\/trabajo-epidemiologia-1_optimized-1.jpeg","_links":{"self":[{"href":"https:\/\/radiorevelacionfm.cl\/index.php?rest_route=\/wp\/v2\/posts\/49624","targetHints":{"allow":["GET"]}}],"collection":[{"href":"https:\/\/radiorevelacionfm.cl\/index.php?rest_route=\/wp\/v2\/posts"}],"about":[{"href":"https:\/\/radiorevelacionfm.cl\/index.php?rest_route=\/wp\/v2\/types\/post"}],"author":[{"embeddable":true,"href":"https:\/\/radiorevelacionfm.cl\/index.php?rest_route=\/wp\/v2\/users\/1"}],"replies":[{"embeddable":true,"href":"https:\/\/radiorevelacionfm.cl\/index.php?rest_route=%2Fwp%2Fv2%2Fcomments&post=49624"}],"version-history":[{"count":1,"href":"https:\/\/radiorevelacionfm.cl\/index.php?rest_route=\/wp\/v2\/posts\/49624\/revisions"}],"predecessor-version":[{"id":49626,"href":"https:\/\/radiorevelacionfm.cl\/index.php?rest_route=\/wp\/v2\/posts\/49624\/revisions\/49626"}],"wp:featuredmedia":[{"embeddable":true,"href":"https:\/\/radiorevelacionfm.cl\/index.php?rest_route=\/wp\/v2\/media\/49625"}],"wp:attachment":[{"href":"https:\/\/radiorevelacionfm.cl\/index.php?rest_route=%2Fwp%2Fv2%2Fmedia&parent=49624"}],"wp:term":[{"taxonomy":"category","embeddable":true,"href":"https:\/\/radiorevelacionfm.cl\/index.php?rest_route=%2Fwp%2Fv2%2Fcategories&post=49624"},{"taxonomy":"post_tag","embeddable":true,"href":"https:\/\/radiorevelacionfm.cl\/index.php?rest_route=%2Fwp%2Fv2%2Ftags&post=49624"}],"curies":[{"name":"wp","href":"https:\/\/api.w.org\/{rel}","templated":true}]}}