{"id":49621,"date":"2025-01-15T09:56:42","date_gmt":"2025-01-15T12:56:42","guid":{"rendered":"https:\/\/radiorevelacionfm.cl\/?p=49621"},"modified":"2025-01-15T09:56:42","modified_gmt":"2025-01-15T12:56:42","slug":"mesa-de-energia-de-aysen-debate-proyecto-de-ley-para-reducir-tarifas-electricas-y-fomentar-inversion-en-energias-limpias","status":"publish","type":"post","link":"https:\/\/radiorevelacionfm.cl\/?p=49621","title":{"rendered":"Mesa de Energ\u00eda de Ays\u00e9n debate proyecto de ley para reducir tarifas el\u00e9ctricas y fomentar inversi\u00f3n en energ\u00edas limpias"},"content":{"rendered":"<div class=\"flex_column av_one_full  flex_column_div av-zero-column-padding first  avia-builder-el-0  el_before_av_one_full  avia-builder-el-first  \" style='border-radius:0px; '><div  class='avia-image-container  av-styling-    avia-builder-el-1  avia-builder-el-no-sibling  avia-align-center '  itemprop=\"image\" itemscope=\"itemscope\" itemtype=\"https:\/\/schema.org\/ImageObject\"  ><div class='avia-image-container-inner'><div class='avia-image-overlay-wrap'><img decoding=\"async\" class='wp-image-49622 avia-img-lazy-loading-not-49622 avia_image' src=\"https:\/\/radiorevelacionfm.cl\/wp-content\/uploads\/2025\/01\/04_mesaenergia-1_optimized-1.jpg\" alt='' title='04_mesaenergia-(1)_optimized (1)' height=\"600\" width=\"1065\"  itemprop=\"thumbnailUrl\" srcset=\"https:\/\/radiorevelacionfm.cl\/wp-content\/uploads\/2025\/01\/04_mesaenergia-1_optimized-1.jpg 1065w, https:\/\/radiorevelacionfm.cl\/wp-content\/uploads\/2025\/01\/04_mesaenergia-1_optimized-1-300x169.jpg 300w, https:\/\/radiorevelacionfm.cl\/wp-content\/uploads\/2025\/01\/04_mesaenergia-1_optimized-1-1030x580.jpg 1030w, https:\/\/radiorevelacionfm.cl\/wp-content\/uploads\/2025\/01\/04_mesaenergia-1_optimized-1-768x433.jpg 768w, https:\/\/radiorevelacionfm.cl\/wp-content\/uploads\/2025\/01\/04_mesaenergia-1_optimized-1-705x397.jpg 705w, https:\/\/radiorevelacionfm.cl\/wp-content\/uploads\/2025\/01\/04_mesaenergia-1_optimized-1-450x254.jpg 450w, https:\/\/radiorevelacionfm.cl\/wp-content\/uploads\/2025\/01\/04_mesaenergia-1_optimized-1-600x338.jpg 600w\" sizes=\"(max-width: 1065px) 100vw, 1065px\" \/><\/div><\/div><\/div><\/div><div class=\"flex_column av_one_full  flex_column_div av-zero-column-padding first  avia-builder-el-2  el_after_av_one_full  el_before_av_one_full  column-top-margin\" style='border-radius:0px; '><section class=\"av_textblock_section \"  itemscope=\"itemscope\" itemtype=\"https:\/\/schema.org\/BlogPosting\" itemprop=\"blogPost\" ><div class='avia_textblock  '   itemprop=\"text\" ><p style=\"text-align: center;\"><span style=\"font-size: 18pt;\"><b>Mesa de Energ\u00eda de Ays\u00e9n debate proyecto de ley para reducir tarifas el\u00e9ctricas y fomentar inversi\u00f3n en energ\u00edas limpias<\/b><\/span><\/p>\n<div id=\"gtx-trans\" style=\"position: absolute; left: -50px; top: 4.31534px;\">\n<div class=\"gtx-trans-icon\"><\/div>\n<\/div>\n<\/div><\/section><\/div><div class=\"flex_column av_one_full  flex_column_div av-zero-column-padding first  avia-builder-el-4  el_after_av_one_full  el_before_av_hr  column-top-margin\" style='border-radius:0px; '><section class=\"av_textblock_section \"  itemscope=\"itemscope\" itemtype=\"https:\/\/schema.org\/BlogPosting\" itemprop=\"blogPost\" ><div class='avia_textblock  '   itemprop=\"text\" ><p class=\"v1MsoNormal\" style=\"text-align: justify;\"><i><span lang=\"es-419\">La Mesa de Energ\u00eda de Ays\u00e9n reuni\u00f3 a autoridades, sociedad civil y sector privado para abordar los desaf\u00edos energ\u00e9ticos de la regi\u00f3n. El foco estuvo en las altas tarifas para hogares y empresas, la promoci\u00f3n de la inversi\u00f3n privada y avanzar hacia una matriz m\u00e1s sostenible.<\/span><\/i><\/p>\n<p class=\"v1MsoNormal\" style=\"text-align: justify;\"><span lang=\"es-419\">En una instancia marcada por la b\u00fasqueda de soluciones concretas para avanzar en la transici\u00f3n energ\u00e9tica regional, la Mesa de Energ\u00eda de Ays\u00e9n congreg\u00f3 a actores clave del \u00e1mbito pol\u00edtico, social y empresarial. Liderada por el Seremi de Energ\u00eda y Corfo Ays\u00e9n, la sesi\u00f3n se centr\u00f3 en el proyecto de ley de Sistemas Medianos, una propuesta destinada a mejorar las condiciones tarifarias y fomentar la inversi\u00f3n privada en energ\u00edas renovables en la regi\u00f3n.<\/span><\/p>\n<p class=\"v1MsoNormal\" style=\"text-align: justify;\">Tom\u00e1s Laibe S\u00e1ez, Seremi de Energ\u00eda, destac\u00f3 la relevancia de este proyecto. \u00abEstamos ante el cambio m\u00e1s significativo en la normativa el\u00e9ctrica de los \u00faltimos a\u00f1os. Nuestro objetivo es garantizar tarifas m\u00e1s justas para los hogares y negocios de Ays\u00e9n, incentivando adem\u00e1s la participaci\u00f3n ciudadana y la planificaci\u00f3n energ\u00e9tica regional\u00bb. Afirm\u00f3 que esta legislaci\u00f3n podr\u00eda transformar el sistema el\u00e9ctrico de la regi\u00f3n, favoreciendo la descarbonizaci\u00f3n, la diversificaci\u00f3n de la matriz energ\u00e9tica y el desarrollo productivo. Asimismo, subray\u00f3 la necesidad de unidad entre autoridades, gremios y la comunidad para impulsar la iniciativa en el Congreso.<\/p>\n<p class=\"v1MsoNormal\" style=\"text-align: justify;\">En tanto, Humberto Mar\u00edn Leiva, director de Corfo Ays\u00e9n, resalt\u00f3 la importancia de la energ\u00eda en la competitividad de las empresas. \u00abLa regi\u00f3n necesita condiciones habilitantes para el crecimiento, y este proyecto de ley es un paso crucial para atraer inversi\u00f3n privada y mejorar la calidad de vida de nuestros habitantes. Una matriz energ\u00e9tica en base a energ\u00edas renovables y con tarifas m\u00e1s competitivas es clave para atraer inversiones y fortalecer la econom\u00eda local. Desde Corfo, reafirmamos nuestro compromiso con este desaf\u00edo\u00bb.<\/p>\n<p class=\"v1MsoNormal\" style=\"text-align: justify;\">La diputada Marcia Raphael indic\u00f3 que l<span lang=\"es-419\">a modificaci\u00f3n a la ley de sistemas medianos es clave para reducir los costos de energ\u00eda en Ays\u00e9n y fomentar la inversi\u00f3n en la regi\u00f3n.\u00a0<\/span><span lang=\"es-419\">\u00a0<\/span>\u00abLa modificaci\u00f3n a la ley de sistemas medianos es necesaria no s\u00f3lo para incentivar la inversi\u00f3n, sino tambi\u00e9n para disminuir los altos costos de energ\u00eda que tenemos en Ays\u00e9n, representando una oportunidad que no podemos perder para adecuar la legislaci\u00f3n en beneficio de nuestros habitantes. Ays\u00e9n debe fijarse como objetivo ser la primera regi\u00f3n de Chile en descarbonizar la matriz energ\u00e9tica, contribuyendo as\u00ed a cumplir los compromisos internacionales de Chile y aprovechando el potencial que tenemos en energ\u00edas renovables. Esto no s\u00f3lo es posible, sino tambi\u00e9n urgente y necesario\u00bb.<\/p>\n<p class=\"v1MsoNormal\" style=\"text-align: justify;\">En tanto, el diputado Ren\u00e9 Alinco Bustos destac\u00f3 la importancia de involucrar a todos los sectores sociales en el proceso de toma de decisiones. \u00abHay que hacer participar a la gente, a las juntas de vecinos, sindicatos, talleres de adultos mayores y la sociedad en su conjunto. Este proyecto debe reflejar las necesidades reales de nuestra regi\u00f3n. A pesar de las diferencias, es fundamental buscar soluciones reales y transparentes que respondan a las necesidades de la regi\u00f3n\u00bb, enfatizando la importancia de un enfoque inclusivo y participativo.<\/p>\n<p class=\"v1MsoNormal\" style=\"text-align: justify;\"><b>COLABORACI\u00d3N Y DESARROLLO<\/b><\/p>\n<p class=\"v1MsoNormal\" style=\"text-align: justify;\">La reuni\u00f3n tambi\u00e9n sirvi\u00f3 como un espacio de di\u00e1logo para alinear intereses y construir consensos. Desde la sociedad civil, Ver\u00f3nica Leg\u00fce, presidenta de la Uni\u00f3n Comunal de Juntas de Vecinos de Coyhaique, inst\u00f3 a la unidad. \u00abSolo trabajando juntos podremos lograr soluciones reales. La regi\u00f3n necesita este proyecto, pero tambi\u00e9n necesita que todos sumemos esfuerzos\u00bb.<\/p>\n<p class=\"v1MsoNormal\" style=\"text-align: justify;\">Hern\u00e1n Rebolledo Fern\u00e1ndez, presidente de CorpAys\u00e9n, destac\u00f3. \u00abFue una instancia enriquecedora, especialmente para quienes no manejan los aspectos t\u00e9cnicos de la energ\u00eda. Este tipo de encuentros son clave para construir un desarrollo com\u00fan, porque es fundamental que sigamos construyendo acuerdos en torno a la energ\u00eda, un tema central para el desarrollo de nuestra regi\u00f3n\u00bb.<\/p>\n<p class=\"v1MsoNormal\" style=\"text-align: justify;\">Por su parte, Guillermo P\u00e9rez Pacheco, presidente de las MIPyMES y PyMES de Coyhaique, hizo un llamado a la transparencia y el trabajo conjunto para lograr avances reales. \u00abPagamos la electricidad m\u00e1s cara de Chile, y las soluciones no llegar\u00e1n de la noche a la ma\u00f1ana. Es clave que los plazos sean claros y que trabajemos en el crecimiento econ\u00f3mico de la regi\u00f3n. Aunque los cambios no ser\u00e1n inmediatos, debemos planificar con visi\u00f3n a largo plazo. Sin trabajo ni inversi\u00f3n, nadie querr\u00e1 habitar aqu\u00ed. Transparencia, tiempo y crecimiento econ\u00f3mico son nuestras tareas pendientes\u00bb.<\/p>\n<p class=\"v1MsoNormal\" style=\"text-align: justify;\">Con una agenda marcada por la sostenibilidad y la inclusi\u00f3n, la Mesa de Energ\u00eda de Ays\u00e9n avanza trabajando de manera colaborativa e intersectorial. El compromiso de autoridades, gremios, ciudadan\u00eda y todos los parlamentarios de la regi\u00f3n, ser\u00e1 clave para lograr una transici\u00f3n energ\u00e9tica que no solo responda a los desaf\u00edos actuales, sino que tambi\u00e9n siente las bases para un futuro m\u00e1s pr\u00f3spero y equitativo para la regi\u00f3n.<\/p>\n<\/div><\/section><\/div><div  style='height:50px' class='hr hr-invisible   avia-builder-el-6  el_after_av_one_full  el_before_av_social_share '><span class='hr-inner ' ><span class='hr-inner-style'><\/span><\/span><\/div><\/p>\n<div  class='av-social-sharing-box  avia-builder-el-7  el_after_av_hr  el_before_av_hr  '><div class='av-share-box'><h5 class='av-share-link-description av-no-toc '>Compartir esta noticia<\/h5><ul class='av-share-box-list noLightbox'><li class='av-share-link av-social-link-facebook' ><a target=\"_blank\" aria-label=\"Compartir en Facebook\" href='https:\/\/www.facebook.com\/sharer.php?u=https:\/\/radiorevelacionfm.cl\/?p=49621&#038;t=Mesa%20de%20Energ%C3%ADa%20de%20Ays%C3%A9n%20debate%20proyecto%20de%20ley%20para%20reducir%20tarifas%20el%C3%A9ctricas%20y%20fomentar%20inversi%C3%B3n%20en%20energ%C3%ADas%20limpias' aria-hidden='false' data-av_icon='\ue8f3' data-av_iconfont='entypo-fontello' title='' data-avia-related-tooltip='Compartir en Facebook' rel=\"noopener\"><span class='avia_hidden_link_text'>Compartir en Facebook<\/span><\/a><\/li><li class='av-share-link av-social-link-twitter' ><a target=\"_blank\" aria-label=\"Compartir en Twitter\" href='https:\/\/twitter.com\/share?text=Mesa%20de%20Energ%C3%ADa%20de%20Ays%C3%A9n%20debate%20proyecto%20de%20ley%20para%20reducir%20tarifas%20el%C3%A9ctricas%20y%20fomentar%20inversi%C3%B3n%20en%20energ%C3%ADas%20limpias&#038;url=https:\/\/radiorevelacionfm.cl\/?p=49621' aria-hidden='false' data-av_icon='\ue8f1' data-av_iconfont='entypo-fontello' title='' data-avia-related-tooltip='Compartir en Twitter' rel=\"noopener\"><span class='avia_hidden_link_text'>Compartir en Twitter<\/span><\/a><\/li><li class='av-share-link av-social-link-whatsapp' ><a target=\"_blank\" aria-label=\"Compartir en Whatsapp\" href='https:\/\/api.whatsapp.com\/send?text=https:\/\/radiorevelacionfm.cl\/?p=49621' aria-hidden='false' data-av_icon='\uf232' data-av_iconfont='entypo-fontello' title='' data-avia-related-tooltip='Compartir en Whatsapp' rel=\"noopener\"><span class='avia_hidden_link_text'>Compartir en Whatsapp<\/span><\/a><\/li><li class='av-share-link av-social-link-linkedin' ><a target=\"_blank\" aria-label=\"Compartir en LinkedIn\" href='https:\/\/linkedin.com\/shareArticle?mini=true&#038;title=Mesa%20de%20Energ%C3%ADa%20de%20Ays%C3%A9n%20debate%20proyecto%20de%20ley%20para%20reducir%20tarifas%20el%C3%A9ctricas%20y%20fomentar%20inversi%C3%B3n%20en%20energ%C3%ADas%20limpias&#038;url=https:\/\/radiorevelacionfm.cl\/?p=49621' aria-hidden='false' data-av_icon='\ue8fc' data-av_iconfont='entypo-fontello' title='' data-avia-related-tooltip='Compartir en LinkedIn' rel=\"noopener\"><span class='avia_hidden_link_text'>Compartir en LinkedIn<\/span><\/a><\/li><li class='av-share-link av-social-link-mail' ><a  aria-label=\"Compartir por correo\" href='mailto:?subject=Mesa%20de%20Energ%C3%ADa%20de%20Ays%C3%A9n%20debate%20proyecto%20de%20ley%20para%20reducir%20tarifas%20el%C3%A9ctricas%20y%20fomentar%20inversi%C3%B3n%20en%20energ%C3%ADas%20limpias&#038;body=https:\/\/radiorevelacionfm.cl\/?p=49621' aria-hidden='false' data-av_icon='\ue805' data-av_iconfont='entypo-fontello' title='' data-avia-related-tooltip='Compartir por correo'><span class='avia_hidden_link_text'>Compartir por correo<\/span><\/a><\/li><\/ul><\/div><\/div>\n<div  style='height:50px' class='hr hr-invisible   avia-builder-el-8  el_after_av_social_share  el_before_av_comments_list '><span class='hr-inner ' ><span class='hr-inner-style'><\/span><\/span><\/div>\n<div  class='av-buildercomment  av-blog-meta-html-info-disabled av-blog-meta-tag-disabled  '><\/div>\n","protected":false},"excerpt":{"rendered":"","protected":false},"author":1,"featured_media":49622,"comment_status":"open","ping_status":"open","sticky":false,"template":"","format":"standard","meta":{"footnotes":""},"categories":[38],"tags":[],"class_list":["post-49621","post","type-post","status-publish","format-standard","has-post-thumbnail","hentry","category-regional"],"jetpack_featured_media_url":"https:\/\/radiorevelacionfm.cl\/wp-content\/uploads\/2025\/01\/04_mesaenergia-1_optimized-1.jpg","_links":{"self":[{"href":"https:\/\/radiorevelacionfm.cl\/index.php?rest_route=\/wp\/v2\/posts\/49621","targetHints":{"allow":["GET"]}}],"collection":[{"href":"https:\/\/radiorevelacionfm.cl\/index.php?rest_route=\/wp\/v2\/posts"}],"about":[{"href":"https:\/\/radiorevelacionfm.cl\/index.php?rest_route=\/wp\/v2\/types\/post"}],"author":[{"embeddable":true,"href":"https:\/\/radiorevelacionfm.cl\/index.php?rest_route=\/wp\/v2\/users\/1"}],"replies":[{"embeddable":true,"href":"https:\/\/radiorevelacionfm.cl\/index.php?rest_route=%2Fwp%2Fv2%2Fcomments&post=49621"}],"version-history":[{"count":1,"href":"https:\/\/radiorevelacionfm.cl\/index.php?rest_route=\/wp\/v2\/posts\/49621\/revisions"}],"predecessor-version":[{"id":49623,"href":"https:\/\/radiorevelacionfm.cl\/index.php?rest_route=\/wp\/v2\/posts\/49621\/revisions\/49623"}],"wp:featuredmedia":[{"embeddable":true,"href":"https:\/\/radiorevelacionfm.cl\/index.php?rest_route=\/wp\/v2\/media\/49622"}],"wp:attachment":[{"href":"https:\/\/radiorevelacionfm.cl\/index.php?rest_route=%2Fwp%2Fv2%2Fmedia&parent=49621"}],"wp:term":[{"taxonomy":"category","embeddable":true,"href":"https:\/\/radiorevelacionfm.cl\/index.php?rest_route=%2Fwp%2Fv2%2Fcategories&post=49621"},{"taxonomy":"post_tag","embeddable":true,"href":"https:\/\/radiorevelacionfm.cl\/index.php?rest_route=%2Fwp%2Fv2%2Ftags&post=49621"}],"curies":[{"name":"wp","href":"https:\/\/api.w.org\/{rel}","templated":true}]}}