{"id":49618,"date":"2025-01-17T20:48:17","date_gmt":"2025-01-17T23:48:17","guid":{"rendered":"https:\/\/radiorevelacionfm.cl\/?p=49618"},"modified":"2025-01-17T20:48:17","modified_gmt":"2025-01-17T23:48:17","slug":"vocera-relevo-hitos-educacionales-del-gobierno-del-presidente-gabriel-boric","status":"publish","type":"post","link":"https:\/\/radiorevelacionfm.cl\/?p=49618","title":{"rendered":"Vocera relev\u00f3 hitos educacionales del Gobierno del Presidente Gabriel Boric"},"content":{"rendered":"<div class=\"flex_column av_one_full  flex_column_div av-zero-column-padding first  avia-builder-el-0  el_before_av_one_full  avia-builder-el-first  \" style='border-radius:0px; '><div  class='avia-image-container  av-styling-    avia-builder-el-1  avia-builder-el-no-sibling  avia-align-center '  itemprop=\"image\" itemscope=\"itemscope\" itemtype=\"https:\/\/schema.org\/ImageObject\"  ><div class='avia-image-container-inner'><div class='avia-image-overlay-wrap'><img decoding=\"async\" class='wp-image-49619 avia-img-lazy-loading-not-49619 avia_image' src=\"https:\/\/radiorevelacionfm.cl\/wp-content\/uploads\/2025\/01\/seremi-de-gobierno-1-1_optimized-1.jpeg\" alt='' title='seremi-de-gobierno-1-(1)_optimized (1)' height=\"600\" width=\"1067\"  itemprop=\"thumbnailUrl\" srcset=\"https:\/\/radiorevelacionfm.cl\/wp-content\/uploads\/2025\/01\/seremi-de-gobierno-1-1_optimized-1.jpeg 1067w, https:\/\/radiorevelacionfm.cl\/wp-content\/uploads\/2025\/01\/seremi-de-gobierno-1-1_optimized-1-300x169.jpeg 300w, https:\/\/radiorevelacionfm.cl\/wp-content\/uploads\/2025\/01\/seremi-de-gobierno-1-1_optimized-1-1030x579.jpeg 1030w, https:\/\/radiorevelacionfm.cl\/wp-content\/uploads\/2025\/01\/seremi-de-gobierno-1-1_optimized-1-768x432.jpeg 768w, https:\/\/radiorevelacionfm.cl\/wp-content\/uploads\/2025\/01\/seremi-de-gobierno-1-1_optimized-1-705x396.jpeg 705w, https:\/\/radiorevelacionfm.cl\/wp-content\/uploads\/2025\/01\/seremi-de-gobierno-1-1_optimized-1-450x253.jpeg 450w, https:\/\/radiorevelacionfm.cl\/wp-content\/uploads\/2025\/01\/seremi-de-gobierno-1-1_optimized-1-600x337.jpeg 600w\" sizes=\"(max-width: 1067px) 100vw, 1067px\" \/><\/div><\/div><\/div><\/div><div class=\"flex_column av_one_full  flex_column_div av-zero-column-padding first  avia-builder-el-2  el_after_av_one_full  el_before_av_one_full  column-top-margin\" style='border-radius:0px; '><section class=\"av_textblock_section \"  itemscope=\"itemscope\" itemtype=\"https:\/\/schema.org\/BlogPosting\" itemprop=\"blogPost\" ><div class='avia_textblock  '   itemprop=\"text\" ><p class=\"v1MsoNormal\" align=\"center\"><span style=\"font-size: 18pt;\"><b>Vocera relev\u00f3 hitos educacionales del Gobierno del Presidente Gabriel Boric<\/b><\/span><\/p>\n<div id=\"gtx-trans\" style=\"position: absolute; left: -50px; top: 4.31534px;\">\n<div class=\"gtx-trans-icon\"><\/div>\n<\/div>\n<\/div><\/section><\/div><div class=\"flex_column av_one_full  flex_column_div av-zero-column-padding first  avia-builder-el-4  el_after_av_one_full  el_before_av_hr  column-top-margin\" style='border-radius:0px; '><section class=\"av_textblock_section \"  itemscope=\"itemscope\" itemtype=\"https:\/\/schema.org\/BlogPosting\" itemprop=\"blogPost\" ><div class='avia_textblock  '   itemprop=\"text\" ><div>\n<p class=\"v1gmail-MsoListParagraph\" style=\"text-align: justify;\"><em>\u00darsula Mix Jim\u00e9nez destac\u00f3 avances a nivel nacional y regional, y reiter\u00f3 el compromiso con el sector \u00aben todos sus niveles\u00bb.<\/em><\/p>\n<p class=\"v1MsoNormal\" style=\"text-align: justify;\">La Seremi de Gobierno, \u00darsula Mix Jim\u00e9nez, valor\u00f3 el acuerdo de la C\u00e1mara de Diputadas y Diputados con el que se aprob\u00f3 el pasado mi\u00e9rcoles 08 de enero, el proyecto de ley presentado por el Gobierno para saldar la deuda hist\u00f3rica docente, y que ahora pasar\u00e1 a su segundo tr\u00e1mite en el Senado.<\/p>\n<p class=\"v1MsoNormal\" style=\"text-align: justify;\">En este sentido, la vocera destac\u00f3 que tras a\u00f1os de esfuerzo, sacrificio y persistencia, las y los profesores tendr\u00e1n una soluci\u00f3n y la reparaci\u00f3n a una deuda que perjudic\u00f3 su calidad de vida por muchos a\u00f1os.<\/p>\n<p class=\"v1MsoNormal\" style=\"text-align: justify;\">\u00abConsideramos este un acto de justicia que el Estado de Chile asumir\u00e1 con responsabilidad, y valorando el compromiso y la entrega de miles de profesores que hoy ven un camino claro, de consenso y profundamente justo, para subsanar la Deuda Hist\u00f3rica, cumpliendo con el compromiso del Gobierno del Presidente Gabriel Boric\u00bb, se\u00f1al\u00f3.<\/p>\n<p class=\"v1MsoNormal\" style=\"text-align: justify;\">De igual modo, Mix Jim\u00e9nez relev\u00f3 los avances del Gobierno en materia educacional en la regi\u00f3n de Ays\u00e9n,\u00a0recordando que durante el a\u00f1o reci\u00e9n pasado concluyeron las obras de seis establecimientos en las comunas de Ib\u00e1\u00f1ez, Coyhaique, Ays\u00e9n y Tortel, se dio inicio a otras 15 iniciativas para mejoramiento de infraestructura, y a otros 10 proyectos financiados por el Servicio Local de Educaci\u00f3n P\u00fablica, entidad que adem\u00e1s finaliz\u00f3 exitosamente su proceso de instalaci\u00f3n durante el mismo per\u00edodo.<\/p>\n<p class=\"v1MsoNormal\" style=\"text-align: justify;\">En t\u00e9rminos regionales, la seremi tambi\u00e9n se refiri\u00f3\u00a0 a hitos como el inicio de los procesos de fiscalizaci\u00f3n a la Universidad de Ays\u00e9n y el IP-CFT Los Lagos, la obtenci\u00f3n de la Recomendaci\u00f3n Satisfactoria (RS) para la reposici\u00f3n de la Escuela Diferencial Espa\u00f1a de Coyhaique, y en cuanto a lo nacional, el avance en el parlamento del proyecto que termina con el CAE y propone un nuevo Financiamiento para la Educaci\u00f3n Superior (FES).<\/p>\n<p class=\"v1MsoNormal\" style=\"text-align: justify;\">\u00abNuestro gobierno est\u00e1 comprometido con la educaci\u00f3n en todos sus niveles, y seguiremos dedicados a esa tarea. Como nos pidi\u00f3 el Presidente Boric, vamos a seguir avanzando en materializar nuestros compromisos en esta \u00e1rea, porque es en la educaci\u00f3n donde encontramos la esperanza de un mejor futuro para Chile y la regi\u00f3n de Ays\u00e9n\u00bb, concluy\u00f3.<\/p>\n<\/div>\n<div style=\"text-align: justify;\"><\/div>\n<\/div><\/section><\/div><div  style='height:50px' class='hr hr-invisible   avia-builder-el-6  el_after_av_one_full  el_before_av_social_share '><span class='hr-inner ' ><span class='hr-inner-style'><\/span><\/span><\/div><\/p>\n<div  class='av-social-sharing-box  avia-builder-el-7  el_after_av_hr  el_before_av_hr  '><div class='av-share-box'><h5 class='av-share-link-description av-no-toc '>Compartir esta noticia<\/h5><ul class='av-share-box-list noLightbox'><li class='av-share-link av-social-link-facebook' ><a target=\"_blank\" aria-label=\"Compartir en Facebook\" href='https:\/\/www.facebook.com\/sharer.php?u=https:\/\/radiorevelacionfm.cl\/?p=49618&#038;t=Vocera%20relev%C3%B3%20hitos%20educacionales%20del%20Gobierno%20del%20Presidente%20Gabriel%20Boric' aria-hidden='false' data-av_icon='\ue8f3' data-av_iconfont='entypo-fontello' title='' data-avia-related-tooltip='Compartir en Facebook' rel=\"noopener\"><span class='avia_hidden_link_text'>Compartir en Facebook<\/span><\/a><\/li><li class='av-share-link av-social-link-twitter' ><a target=\"_blank\" aria-label=\"Compartir en Twitter\" href='https:\/\/twitter.com\/share?text=Vocera%20relev%C3%B3%20hitos%20educacionales%20del%20Gobierno%20del%20Presidente%20Gabriel%20Boric&#038;url=https:\/\/radiorevelacionfm.cl\/?p=49618' aria-hidden='false' data-av_icon='\ue8f1' data-av_iconfont='entypo-fontello' title='' data-avia-related-tooltip='Compartir en Twitter' rel=\"noopener\"><span class='avia_hidden_link_text'>Compartir en Twitter<\/span><\/a><\/li><li class='av-share-link av-social-link-whatsapp' ><a target=\"_blank\" aria-label=\"Compartir en Whatsapp\" href='https:\/\/api.whatsapp.com\/send?text=https:\/\/radiorevelacionfm.cl\/?p=49618' aria-hidden='false' data-av_icon='\uf232' data-av_iconfont='entypo-fontello' title='' data-avia-related-tooltip='Compartir en Whatsapp' rel=\"noopener\"><span class='avia_hidden_link_text'>Compartir en Whatsapp<\/span><\/a><\/li><li class='av-share-link av-social-link-linkedin' ><a target=\"_blank\" aria-label=\"Compartir en LinkedIn\" href='https:\/\/linkedin.com\/shareArticle?mini=true&#038;title=Vocera%20relev%C3%B3%20hitos%20educacionales%20del%20Gobierno%20del%20Presidente%20Gabriel%20Boric&#038;url=https:\/\/radiorevelacionfm.cl\/?p=49618' aria-hidden='false' data-av_icon='\ue8fc' data-av_iconfont='entypo-fontello' title='' data-avia-related-tooltip='Compartir en LinkedIn' rel=\"noopener\"><span class='avia_hidden_link_text'>Compartir en LinkedIn<\/span><\/a><\/li><li class='av-share-link av-social-link-mail' ><a  aria-label=\"Compartir por correo\" href='mailto:?subject=Vocera%20relev%C3%B3%20hitos%20educacionales%20del%20Gobierno%20del%20Presidente%20Gabriel%20Boric&#038;body=https:\/\/radiorevelacionfm.cl\/?p=49618' aria-hidden='false' data-av_icon='\ue805' data-av_iconfont='entypo-fontello' title='' data-avia-related-tooltip='Compartir por correo'><span class='avia_hidden_link_text'>Compartir por correo<\/span><\/a><\/li><\/ul><\/div><\/div>\n<div  style='height:50px' class='hr hr-invisible   avia-builder-el-8  el_after_av_social_share  el_before_av_comments_list '><span class='hr-inner ' ><span class='hr-inner-style'><\/span><\/span><\/div>\n<div  class='av-buildercomment  av-blog-meta-html-info-disabled av-blog-meta-tag-disabled  '><\/div>\n","protected":false},"excerpt":{"rendered":"","protected":false},"author":1,"featured_media":49619,"comment_status":"open","ping_status":"open","sticky":false,"template":"","format":"standard","meta":{"footnotes":""},"categories":[38],"tags":[],"class_list":["post-49618","post","type-post","status-publish","format-standard","has-post-thumbnail","hentry","category-regional"],"jetpack_featured_media_url":"https:\/\/radiorevelacionfm.cl\/wp-content\/uploads\/2025\/01\/seremi-de-gobierno-1-1_optimized-1.jpeg","_links":{"self":[{"href":"https:\/\/radiorevelacionfm.cl\/index.php?rest_route=\/wp\/v2\/posts\/49618","targetHints":{"allow":["GET"]}}],"collection":[{"href":"https:\/\/radiorevelacionfm.cl\/index.php?rest_route=\/wp\/v2\/posts"}],"about":[{"href":"https:\/\/radiorevelacionfm.cl\/index.php?rest_route=\/wp\/v2\/types\/post"}],"author":[{"embeddable":true,"href":"https:\/\/radiorevelacionfm.cl\/index.php?rest_route=\/wp\/v2\/users\/1"}],"replies":[{"embeddable":true,"href":"https:\/\/radiorevelacionfm.cl\/index.php?rest_route=%2Fwp%2Fv2%2Fcomments&post=49618"}],"version-history":[{"count":1,"href":"https:\/\/radiorevelacionfm.cl\/index.php?rest_route=\/wp\/v2\/posts\/49618\/revisions"}],"predecessor-version":[{"id":49620,"href":"https:\/\/radiorevelacionfm.cl\/index.php?rest_route=\/wp\/v2\/posts\/49618\/revisions\/49620"}],"wp:featuredmedia":[{"embeddable":true,"href":"https:\/\/radiorevelacionfm.cl\/index.php?rest_route=\/wp\/v2\/media\/49619"}],"wp:attachment":[{"href":"https:\/\/radiorevelacionfm.cl\/index.php?rest_route=%2Fwp%2Fv2%2Fmedia&parent=49618"}],"wp:term":[{"taxonomy":"category","embeddable":true,"href":"https:\/\/radiorevelacionfm.cl\/index.php?rest_route=%2Fwp%2Fv2%2Fcategories&post=49618"},{"taxonomy":"post_tag","embeddable":true,"href":"https:\/\/radiorevelacionfm.cl\/index.php?rest_route=%2Fwp%2Fv2%2Ftags&post=49618"}],"curies":[{"name":"wp","href":"https:\/\/api.w.org\/{rel}","templated":true}]}}