{"id":49609,"date":"2025-01-14T18:00:31","date_gmt":"2025-01-14T21:00:31","guid":{"rendered":"https:\/\/radiorevelacionfm.cl\/?p=49609"},"modified":"2025-01-14T18:00:31","modified_gmt":"2025-01-14T21:00:31","slug":"novena-version-de-congreso-futuro-en-aysen-desde-politica-y-fenomenos-sociales-hasta-microinteracciones-y-nanomedicina-son-los-temas-este-2025","status":"publish","type":"post","link":"https:\/\/radiorevelacionfm.cl\/?p=49609","title":{"rendered":"Novena versi\u00f3n de Congreso Futuro en Ays\u00e9n: desde pol\u00edtica y fen\u00f3menos sociales hasta microinteracciones y nanomedicina son los temas este 2025"},"content":{"rendered":"<div class=\"flex_column av_one_full  flex_column_div av-zero-column-padding first  avia-builder-el-0  el_before_av_one_full  avia-builder-el-first  \" style='border-radius:0px; '><div  class='avia-image-container  av-styling-    avia-builder-el-1  avia-builder-el-no-sibling  avia-align-center '  itemprop=\"image\" itemscope=\"itemscope\" itemtype=\"https:\/\/schema.org\/ImageObject\"  ><div class='avia-image-container-inner'><div class='avia-image-overlay-wrap'><img decoding=\"async\" class='wp-image-49610 avia-img-lazy-loading-not-49610 avia_image' src=\"https:\/\/radiorevelacionfm.cl\/wp-content\/uploads\/2025\/01\/whatsapp-image-2025-01-02-at-16_optimized.25.53-1-1.jpeg\" alt='' title='whatsapp-image-2025-01-02-at-16_optimized.25.53-(1)-(1)' height=\"1000\" width=\"799\"  itemprop=\"thumbnailUrl\" srcset=\"https:\/\/radiorevelacionfm.cl\/wp-content\/uploads\/2025\/01\/whatsapp-image-2025-01-02-at-16_optimized.25.53-1-1.jpeg 799w, https:\/\/radiorevelacionfm.cl\/wp-content\/uploads\/2025\/01\/whatsapp-image-2025-01-02-at-16_optimized.25.53-1-1-240x300.jpeg 240w, https:\/\/radiorevelacionfm.cl\/wp-content\/uploads\/2025\/01\/whatsapp-image-2025-01-02-at-16_optimized.25.53-1-1-768x961.jpeg 768w, https:\/\/radiorevelacionfm.cl\/wp-content\/uploads\/2025\/01\/whatsapp-image-2025-01-02-at-16_optimized.25.53-1-1-563x705.jpeg 563w, https:\/\/radiorevelacionfm.cl\/wp-content\/uploads\/2025\/01\/whatsapp-image-2025-01-02-at-16_optimized.25.53-1-1-450x563.jpeg 450w, https:\/\/radiorevelacionfm.cl\/wp-content\/uploads\/2025\/01\/whatsapp-image-2025-01-02-at-16_optimized.25.53-1-1-600x751.jpeg 600w\" sizes=\"(max-width: 799px) 100vw, 799px\" \/><\/div><\/div><\/div><\/div><div class=\"flex_column av_one_full  flex_column_div av-zero-column-padding first  avia-builder-el-2  el_after_av_one_full  el_before_av_one_full  column-top-margin\" style='border-radius:0px; '><section class=\"av_textblock_section \"  itemscope=\"itemscope\" itemtype=\"https:\/\/schema.org\/BlogPosting\" itemprop=\"blogPost\" ><div class='avia_textblock  '   itemprop=\"text\" ><p style=\"text-align: center;\"><strong><span style=\"font-size: 18pt;\">Novena versi\u00f3n de Congreso Futuro en Ays\u00e9n: desde pol\u00edtica y fen\u00f3menos sociales hasta microinteracciones y nanomedicina son los temas este 2025<\/span><\/strong><\/p>\n<div id=\"gtx-trans\" style=\"position: absolute; left: -50px; top: 4.31534px;\">\n<div class=\"gtx-trans-icon\"><\/div>\n<\/div>\n<\/div><\/section><\/div><div class=\"flex_column av_one_full  flex_column_div av-zero-column-padding first  avia-builder-el-4  el_after_av_one_full  el_before_av_hr  column-top-margin\" style='border-radius:0px; '><section class=\"av_textblock_section \"  itemscope=\"itemscope\" itemtype=\"https:\/\/schema.org\/BlogPosting\" itemprop=\"blogPost\" ><div class='avia_textblock  '   itemprop=\"text\" ><p style=\"text-align: justify;\">Bajo el lema \u00bfQu\u00e9 humanidad queremos ser?, Congreso Futuro nuevamente promete abrir el debate en la regi\u00f3n de Ays\u00e9n. La plataforma de divulgaci\u00f3n gratuita de ciencia, artes y conocimientos m\u00e1s importante de Latinoam\u00e9rica, que desde el 2011 ha tra\u00eddo expositores de talla mundial a Chile, confirm\u00f3 la fecha para su novena versi\u00f3n en la regi\u00f3n de Ays\u00e9n.<\/p>\n<p style=\"text-align: justify;\">Este viernes 17 de enero, desde las nueve de la ma\u00f1ana, en el Centro Cultural de Coyhaique, Congreso Futuro aterriza en la regi\u00f3n con dos expositores. A la vez, la organizaci\u00f3n regional ha preparado dos paneles encargados de ampliar los temas que trae cada uno de los invitados, d\u00e1ndoles una bajada local e invitando al p\u00fablico presente y a quienes est\u00e9n conectados a trav\u00e9s de las plataformas digitales, para que participen con sus dudas e inquietudes.<\/p>\n<p style=\"text-align: justify;\">Por un lado, Juan Luis Manfredi, quien es profesor titular de Periodismo y Estudios Internacionales en la Universidad de Castilla-La Mancha y referente en temas como diplomacia p\u00fablica y propaganda, relaciones internacionales y comunicaci\u00f3n y liderazgo pol\u00edtico, entre otras \u00e1reas, llegar\u00e1 con su charla \u201cLos problemas pol\u00edticos y sociales no son una novedad\u201d, invitando a reflexionar sobre qu\u00e9 podemos aprender de las lecciones del pasado que creemos olvidades, proponiendo usar la experiencia para tomar decisiones informadas en un mundo de cambio y tensi\u00f3n.<\/p>\n<p style=\"text-align: justify;\">Por otro lado, Marcelo Kogan, Bioqu\u00edmico y Farmac\u00e9utico de la Universidad de Buenos Aires y Doctor en Qu\u00edmica Org\u00e1nica, quien tambi\u00e9n es profesor en el Departamento de Farmacolog\u00eda y Toxicolog\u00eda y Director de Desarrollo Acad\u00e9mico de la Facultad de Ciencias Qu\u00edmicas y Farmac\u00e9uticas de la Universidad de Chile, trae su charla \u201cDescifrando microinteracciones\u201d, donde aborda la nanomedicina, para, por ejemplo, entender c\u00f3mo sabe un medicamento d\u00f3nde tienen que actuar y si se puede disminuir la dosis y aumentar la efectividad en los tratamientos por enfermedades cr\u00f3nicas.<\/p>\n<p style=\"text-align: justify;\">La senadora de Ays\u00e9n, Ximena \u00d3rdenes Neira, quien fue la encargada de que la regi\u00f3n sea una pionera en tener una bajada local de Congreso Futuro, extendi\u00f3 una invitaci\u00f3n a la cita y destac\u00f3 la participaci\u00f3n de los dos exponentes con impacto mundial que trae esta versi\u00f3n.<\/p>\n<p style=\"text-align: justify;\">\u201cLos quiero invitar, este viernes 17, a las nueve de la ma\u00f1ana, en el Centro Cultural de Coyhaique\u201d, indic\u00f3 la representante aisenina a trav\u00e9s de sus redes sociales. \u201cCon entrada gratuita, a esta plataforma de divulgaci\u00f3n cient\u00edfica que ya tiene su novena versi\u00f3n en la regi\u00f3n de Ays\u00e9n\u201d, finaliz\u00f3, destacando la participaci\u00f3n de ambos exponentes.<\/p>\n<p style=\"text-align: justify;\">De igual forma, ya han extendido una invitaci\u00f3n a participar de este evento gratuito, ambos expositores y tambi\u00e9n representantes tanto del CIEP, como de la Universidad de Ays\u00e9n, quienes forman parte de la organizaci\u00f3n de Congreso Futuro en Ays\u00e9n, como parte de la invitaci\u00f3n abierta y de la promoci\u00f3n digital que trae este evento.<\/p>\n<p style=\"text-align: justify;\">\u201cEs bien importante participar\u201d, indic\u00f3 Gerard Olivar, director ejecutivo del Centro de Investigaci\u00f3n en Ecosistemas de la Patagonia, se\u00f1alando que \u201csi quer\u00e9is saber qu\u00e9 es lo que nos depara el futuro, venid a Congreso Futuro\u201d. Olivar cerr\u00f3 con una invitaci\u00f3n abierta a toda la comunidad aisenina. De igual modo, Juan Pablo Prieto, administrador provisional de la Universidad de Ays\u00e9n, invit\u00f3 al evento destacando el despliegue de grandes exponentes a lo largo pa\u00eds.<\/p>\n<p style=\"text-align: justify;\">\u201cNuevamente tenemos en Ays\u00e9n, en la ciudad de Coyhaique, el Congreso Futuro. Un congreso mundial con las mentes m\u00e1s brillantes del mundo, que se despliegan por todo el pa\u00eds para conversar y mostrarnos lo que viene en el futuro\u201d, a\u00f1adi\u00f3, recordando que \u201ceste a\u00f1o se trata de qu\u00e9 humanidad queremos ser\u201d<\/p>\n<p style=\"text-align: justify;\">\u201cAnte toda la disrupci\u00f3n tecnol\u00f3gica y la inteligencia artificial, c\u00f3mo los humanos nos vamos a desempe\u00f1ar en este nuevo mundo\u201d, reflexion\u00f3 Prieto con la pregunta y lema de esta versi\u00f3n 2025 del Congreso Futuro.<\/p>\n<p style=\"text-align: justify;\">Cabe se\u00f1alar que el evento dura toda una semana -desde el lunes 13 al s\u00e1bado 18 de enero- y que ya inici\u00f3 con sus primeras exposiciones a lo largo de todo el pa\u00eds. La invitaci\u00f3n, no solo es a participar de la bajada regional, sino que tambi\u00e9n de los panelistas que estar\u00e1n en todas las regiones conversando sobre qu\u00e9 humanidad queremos ser. Puedes revisar m\u00e1s informaci\u00f3n en congresofuturo.cl<\/p>\n<\/div><\/section><\/div><div  style='height:50px' class='hr hr-invisible   avia-builder-el-6  el_after_av_one_full  el_before_av_social_share '><span class='hr-inner ' ><span class='hr-inner-style'><\/span><\/span><\/div><\/p>\n<div  class='av-social-sharing-box  avia-builder-el-7  el_after_av_hr  el_before_av_hr  '><div class='av-share-box'><h5 class='av-share-link-description av-no-toc '>Compartir esta noticia<\/h5><ul class='av-share-box-list noLightbox'><li class='av-share-link av-social-link-facebook' ><a target=\"_blank\" aria-label=\"Compartir en Facebook\" href='https:\/\/www.facebook.com\/sharer.php?u=https:\/\/radiorevelacionfm.cl\/?p=49609&#038;t=Novena%20versi%C3%B3n%20de%20Congreso%20Futuro%20en%20Ays%C3%A9n%3A%20desde%20pol%C3%ADtica%20y%20fen%C3%B3menos%20sociales%20hasta%20microinteracciones%20y%20nanomedicina%20son%20los%20temas%20este%202025' aria-hidden='false' data-av_icon='\ue8f3' data-av_iconfont='entypo-fontello' title='' data-avia-related-tooltip='Compartir en Facebook' rel=\"noopener\"><span class='avia_hidden_link_text'>Compartir en Facebook<\/span><\/a><\/li><li class='av-share-link av-social-link-twitter' ><a target=\"_blank\" aria-label=\"Compartir en Twitter\" href='https:\/\/twitter.com\/share?text=Novena%20versi%C3%B3n%20de%20Congreso%20Futuro%20en%20Ays%C3%A9n%3A%20desde%20pol%C3%ADtica%20y%20fen%C3%B3menos%20sociales%20hasta%20microinteracciones%20y%20nanomedicina%20son%20los%20temas%20este%202025&#038;url=https:\/\/radiorevelacionfm.cl\/?p=49609' aria-hidden='false' data-av_icon='\ue8f1' data-av_iconfont='entypo-fontello' title='' data-avia-related-tooltip='Compartir en Twitter' rel=\"noopener\"><span class='avia_hidden_link_text'>Compartir en Twitter<\/span><\/a><\/li><li class='av-share-link av-social-link-whatsapp' ><a target=\"_blank\" aria-label=\"Compartir en Whatsapp\" href='https:\/\/api.whatsapp.com\/send?text=https:\/\/radiorevelacionfm.cl\/?p=49609' aria-hidden='false' data-av_icon='\uf232' data-av_iconfont='entypo-fontello' title='' data-avia-related-tooltip='Compartir en Whatsapp' rel=\"noopener\"><span class='avia_hidden_link_text'>Compartir en Whatsapp<\/span><\/a><\/li><li class='av-share-link av-social-link-linkedin' ><a target=\"_blank\" aria-label=\"Compartir en LinkedIn\" href='https:\/\/linkedin.com\/shareArticle?mini=true&#038;title=Novena%20versi%C3%B3n%20de%20Congreso%20Futuro%20en%20Ays%C3%A9n%3A%20desde%20pol%C3%ADtica%20y%20fen%C3%B3menos%20sociales%20hasta%20microinteracciones%20y%20nanomedicina%20son%20los%20temas%20este%202025&#038;url=https:\/\/radiorevelacionfm.cl\/?p=49609' aria-hidden='false' data-av_icon='\ue8fc' data-av_iconfont='entypo-fontello' title='' data-avia-related-tooltip='Compartir en LinkedIn' rel=\"noopener\"><span class='avia_hidden_link_text'>Compartir en LinkedIn<\/span><\/a><\/li><li class='av-share-link av-social-link-mail' ><a  aria-label=\"Compartir por correo\" href='mailto:?subject=Novena%20versi%C3%B3n%20de%20Congreso%20Futuro%20en%20Ays%C3%A9n%3A%20desde%20pol%C3%ADtica%20y%20fen%C3%B3menos%20sociales%20hasta%20microinteracciones%20y%20nanomedicina%20son%20los%20temas%20este%202025&#038;body=https:\/\/radiorevelacionfm.cl\/?p=49609' aria-hidden='false' data-av_icon='\ue805' data-av_iconfont='entypo-fontello' title='' data-avia-related-tooltip='Compartir por correo'><span class='avia_hidden_link_text'>Compartir por correo<\/span><\/a><\/li><\/ul><\/div><\/div>\n<div  style='height:50px' class='hr hr-invisible   avia-builder-el-8  el_after_av_social_share  el_before_av_comments_list '><span class='hr-inner ' ><span class='hr-inner-style'><\/span><\/span><\/div>\n<div  class='av-buildercomment  av-blog-meta-html-info-disabled av-blog-meta-tag-disabled  '><\/div>\n","protected":false},"excerpt":{"rendered":"","protected":false},"author":1,"featured_media":49610,"comment_status":"open","ping_status":"open","sticky":false,"template":"","format":"standard","meta":{"footnotes":""},"categories":[38],"tags":[],"class_list":["post-49609","post","type-post","status-publish","format-standard","has-post-thumbnail","hentry","category-regional"],"jetpack_featured_media_url":"https:\/\/radiorevelacionfm.cl\/wp-content\/uploads\/2025\/01\/whatsapp-image-2025-01-02-at-16_optimized.25.53-1-1.jpeg","_links":{"self":[{"href":"https:\/\/radiorevelacionfm.cl\/index.php?rest_route=\/wp\/v2\/posts\/49609","targetHints":{"allow":["GET"]}}],"collection":[{"href":"https:\/\/radiorevelacionfm.cl\/index.php?rest_route=\/wp\/v2\/posts"}],"about":[{"href":"https:\/\/radiorevelacionfm.cl\/index.php?rest_route=\/wp\/v2\/types\/post"}],"author":[{"embeddable":true,"href":"https:\/\/radiorevelacionfm.cl\/index.php?rest_route=\/wp\/v2\/users\/1"}],"replies":[{"embeddable":true,"href":"https:\/\/radiorevelacionfm.cl\/index.php?rest_route=%2Fwp%2Fv2%2Fcomments&post=49609"}],"version-history":[{"count":1,"href":"https:\/\/radiorevelacionfm.cl\/index.php?rest_route=\/wp\/v2\/posts\/49609\/revisions"}],"predecessor-version":[{"id":49611,"href":"https:\/\/radiorevelacionfm.cl\/index.php?rest_route=\/wp\/v2\/posts\/49609\/revisions\/49611"}],"wp:featuredmedia":[{"embeddable":true,"href":"https:\/\/radiorevelacionfm.cl\/index.php?rest_route=\/wp\/v2\/media\/49610"}],"wp:attachment":[{"href":"https:\/\/radiorevelacionfm.cl\/index.php?rest_route=%2Fwp%2Fv2%2Fmedia&parent=49609"}],"wp:term":[{"taxonomy":"category","embeddable":true,"href":"https:\/\/radiorevelacionfm.cl\/index.php?rest_route=%2Fwp%2Fv2%2Fcategories&post=49609"},{"taxonomy":"post_tag","embeddable":true,"href":"https:\/\/radiorevelacionfm.cl\/index.php?rest_route=%2Fwp%2Fv2%2Ftags&post=49609"}],"curies":[{"name":"wp","href":"https:\/\/api.w.org\/{rel}","templated":true}]}}