{"id":49606,"date":"2025-01-15T12:13:56","date_gmt":"2025-01-15T15:13:56","guid":{"rendered":"https:\/\/radiorevelacionfm.cl\/?p=49606"},"modified":"2025-01-15T12:13:56","modified_gmt":"2025-01-15T15:13:56","slug":"proyecto-de-ley-de-extraccion-de-aridos-preocupa-a-la-cchc-aumenta-plazos-de-tramitacion-poniendo-en-riesgo-las-obras-regionales","status":"publish","type":"post","link":"https:\/\/radiorevelacionfm.cl\/?p=49606","title":{"rendered":"Proyecto de ley de extracci\u00f3n de \u00e1ridos preocupa a la CChC: \u201cAumenta plazos de tramitaci\u00f3n, poniendo en riesgo las obras regionales\u201d"},"content":{"rendered":"<div class=\"flex_column av_one_full  flex_column_div av-zero-column-padding first  avia-builder-el-0  el_before_av_one_full  avia-builder-el-first  \" style='border-radius:0px; '><div  class='avia-image-container  av-styling-    avia-builder-el-1  avia-builder-el-no-sibling  avia-align-center '  itemprop=\"image\" itemscope=\"itemscope\" itemtype=\"https:\/\/schema.org\/ImageObject\"  ><div class='avia-image-container-inner'><div class='avia-image-overlay-wrap'><img decoding=\"async\" class='wp-image-49643 avia-img-lazy-loading-not-49643 avia_image' src=\"https:\/\/radiorevelacionfm.cl\/wp-content\/uploads\/2025\/01\/Pablo-Carrasco-1-1-1.jpg\" alt='' title='Pablo Carrasco 1 (1) (1)' height=\"600\" width=\"1036\"  itemprop=\"thumbnailUrl\" srcset=\"https:\/\/radiorevelacionfm.cl\/wp-content\/uploads\/2025\/01\/Pablo-Carrasco-1-1-1.jpg 1036w, https:\/\/radiorevelacionfm.cl\/wp-content\/uploads\/2025\/01\/Pablo-Carrasco-1-1-1-300x174.jpg 300w, https:\/\/radiorevelacionfm.cl\/wp-content\/uploads\/2025\/01\/Pablo-Carrasco-1-1-1-1030x597.jpg 1030w, https:\/\/radiorevelacionfm.cl\/wp-content\/uploads\/2025\/01\/Pablo-Carrasco-1-1-1-768x445.jpg 768w, https:\/\/radiorevelacionfm.cl\/wp-content\/uploads\/2025\/01\/Pablo-Carrasco-1-1-1-705x408.jpg 705w, https:\/\/radiorevelacionfm.cl\/wp-content\/uploads\/2025\/01\/Pablo-Carrasco-1-1-1-450x261.jpg 450w, https:\/\/radiorevelacionfm.cl\/wp-content\/uploads\/2025\/01\/Pablo-Carrasco-1-1-1-600x347.jpg 600w\" sizes=\"(max-width: 1036px) 100vw, 1036px\" \/><\/div><\/div><\/div><\/div><div class=\"flex_column av_one_full  flex_column_div av-zero-column-padding first  avia-builder-el-2  el_after_av_one_full  el_before_av_one_full  column-top-margin\" style='border-radius:0px; '><section class=\"av_textblock_section \"  itemscope=\"itemscope\" itemtype=\"https:\/\/schema.org\/BlogPosting\" itemprop=\"blogPost\" ><div class='avia_textblock  '   itemprop=\"text\" ><p style=\"text-align: center;\"><span style=\"font-size: 18pt;\"><strong>Proyecto de ley de extracci\u00f3n de \u00e1ridos preocupa a la CChC: \u201cAumenta plazos de tramitaci\u00f3n, poniendo en riesgo las obras regionales\u201d<\/strong><\/span><\/p>\n<div id=\"gtx-trans\" style=\"position: absolute; left: -50px; top: 4.31534px;\">\n<div class=\"gtx-trans-icon\"><\/div>\n<\/div>\n<\/div><\/section><\/div><\/p>\n<div class=\"flex_column av_one_full  flex_column_div av-zero-column-padding first  avia-builder-el-4  el_after_av_one_full  el_before_av_hr  column-top-margin\" style='border-radius:0px; '><section class=\"av_textblock_section \"  itemscope=\"itemscope\" itemtype=\"https:\/\/schema.org\/BlogPosting\" itemprop=\"blogPost\" ><div class='avia_textblock  '   itemprop=\"text\" ><p style=\"text-align: justify;\"><em>As\u00ed lo manifest\u00f3 el presidente del gremio en Coyhaique, Pablo Carrasco, respecto de la iniciativa que hoy se encuentra en tercer tr\u00e1mite en el Senado. <\/em><\/p>\n<p style=\"text-align: justify;\">Con preocupaci\u00f3n ven desde la C\u00e1mara Chilena de la Construcci\u00f3n, sede Coyhaique, el avance que presenta en su tramitaci\u00f3n, para convertirse en ley, el proyecto que modifica la actual normativa que regula la extracci\u00f3n de \u00e1ridos a nivel pa\u00eds.<\/p>\n<p style=\"text-align: justify;\">Desde el gremio de los constructores, manifiestan que, la normativa contempla avances positivos, como una mayor regulaci\u00f3n ambiental, ya que elimina la dispersi\u00f3n normativa y la discrecionalidad, sin embargo, aumenta excesivamente los plazos de tramitaci\u00f3n y requiere de una mayor cantidad de permisos, lo que representa un riesgo para la ejecuci\u00f3n de las obras, sobre todo las de menor tama\u00f1o en localidades aisladas.<\/p>\n<p style=\"text-align: justify;\">Pablo Carrasco, presidente de la CChC Coyhaique, explic\u00f3 que el proyecto ha avanzado r\u00e1pidamente, ya que cuenta con suma urgencia, lo que permiti\u00f3 que, a fines de 2024, fuese aprobado por la c\u00e1mara de Diputados. \u201cHoy est\u00e1 en el Senado y prontamente pasar\u00e1 a ser votado en sala. Esperamos que pase a una comisi\u00f3n mixta que permita continuar su an\u00e1lisis, para evitar que las empresas de menor tama\u00f1o, con presencia mayoritaria en regiones, se vean perjudicadas con la implementaci\u00f3n de esta nueva ley\u201d, detall\u00f3 el representante gremial.<\/p>\n<p style=\"text-align: justify;\">Dentro de las complicaciones que traer\u00eda la aprobaci\u00f3n de este cuerpo legal, desde el gremio de los constructores, han identificado: el aumento en el plazo de obtenci\u00f3n de un permiso de extracci\u00f3n de \u00e1ridos que llega a los 140 d\u00edas h\u00e1biles (7 meses), con tiempos de 10 d\u00edas h\u00e1biles para despachar un email de notificaci\u00f3n, lo que, en muchos casos, podr\u00eda ser superior al tiempo para ejecutar una obra p\u00fablica determinada.<\/p>\n<p style=\"text-align: justify;\">Carrasco fue enf\u00e1tico en aclarar que la CChC, est\u00e1 a favor de aplicar cambios a la normativa, explicando que, como gremio, rechazan la extracci\u00f3n ilegal de \u00e1ridos y que la idea, de continuar revisando el proyecto, \u201ces apoyar una regulaci\u00f3n que elimine la dispersi\u00f3n normativa, la discrecionalidad de autoridades y la sostenibilidad de la industria\u201d.<\/p>\n<p style=\"text-align: justify;\">\u201cNuestra preocupaci\u00f3n\u201d, continu\u00f3 Pablo Carrasco, \u201cradica en que el proyecto, tal como est\u00e1 hoy, presenta procedimientos extensos y engorrosos, lo que incide directamente en la estructura de precio de las obras\u201d, explic\u00f3.<\/p>\n<p style=\"text-align: justify;\">Desde la CChC han sostenido reuniones con los equipos t\u00e9cnicos del Ministerio de Obras P\u00fablicas, tanto a nivel nacional como regional, quienes han redactado el proyecto, sumando a ellos, citas con parlamentarios para reforzar la necesidad de ampliar el debate en torno a la normativa, esperando que estas gestiones permitan, en conjunto y contemplando todas las miradas, evacuar una ley moderna, que cuide el medio ambiente y que facilite el desarrollo oportuno de obras que entreguen una mejor calidad de vida a los habitantes de la regi\u00f3n de Ays\u00e9n.<\/p>\n<\/div><\/section><\/div>\n<div  style='height:50px' class='hr hr-invisible   avia-builder-el-6  el_after_av_one_full  el_before_av_social_share '><span class='hr-inner ' ><span class='hr-inner-style'><\/span><\/span><\/div>\n<div  class='av-social-sharing-box  avia-builder-el-7  el_after_av_hr  el_before_av_hr  '><div class='av-share-box'><h5 class='av-share-link-description av-no-toc '>Compartir esta noticia<\/h5><ul class='av-share-box-list noLightbox'><li class='av-share-link av-social-link-facebook' ><a target=\"_blank\" aria-label=\"Compartir en Facebook\" href='https:\/\/www.facebook.com\/sharer.php?u=https:\/\/radiorevelacionfm.cl\/?p=49606&#038;t=Proyecto%20de%20ley%20de%20extracci%C3%B3n%20de%20%C3%A1ridos%20preocupa%20a%20la%20CChC%3A%20%E2%80%9CAumenta%20plazos%20de%20tramitaci%C3%B3n%2C%20poniendo%20en%20riesgo%20las%20obras%20regionales%E2%80%9D' aria-hidden='false' data-av_icon='\ue8f3' data-av_iconfont='entypo-fontello' title='' data-avia-related-tooltip='Compartir en Facebook' rel=\"noopener\"><span class='avia_hidden_link_text'>Compartir en Facebook<\/span><\/a><\/li><li class='av-share-link av-social-link-twitter' ><a target=\"_blank\" aria-label=\"Compartir en Twitter\" href='https:\/\/twitter.com\/share?text=Proyecto%20de%20ley%20de%20extracci%C3%B3n%20de%20%C3%A1ridos%20preocupa%20a%20la%20CChC%3A%20%E2%80%9CAumenta%20plazos%20de%20tramitaci%C3%B3n%2C%20poniendo%20en%20riesgo%20las%20obras%20regionales%E2%80%9D&#038;url=https:\/\/radiorevelacionfm.cl\/?p=49606' aria-hidden='false' data-av_icon='\ue8f1' data-av_iconfont='entypo-fontello' title='' data-avia-related-tooltip='Compartir en Twitter' rel=\"noopener\"><span class='avia_hidden_link_text'>Compartir en Twitter<\/span><\/a><\/li><li class='av-share-link av-social-link-whatsapp' ><a target=\"_blank\" aria-label=\"Compartir en Whatsapp\" href='https:\/\/api.whatsapp.com\/send?text=https:\/\/radiorevelacionfm.cl\/?p=49606' aria-hidden='false' data-av_icon='\uf232' data-av_iconfont='entypo-fontello' title='' data-avia-related-tooltip='Compartir en Whatsapp' rel=\"noopener\"><span class='avia_hidden_link_text'>Compartir en Whatsapp<\/span><\/a><\/li><li class='av-share-link av-social-link-linkedin' ><a target=\"_blank\" aria-label=\"Compartir en LinkedIn\" href='https:\/\/linkedin.com\/shareArticle?mini=true&#038;title=Proyecto%20de%20ley%20de%20extracci%C3%B3n%20de%20%C3%A1ridos%20preocupa%20a%20la%20CChC%3A%20%E2%80%9CAumenta%20plazos%20de%20tramitaci%C3%B3n%2C%20poniendo%20en%20riesgo%20las%20obras%20regionales%E2%80%9D&#038;url=https:\/\/radiorevelacionfm.cl\/?p=49606' aria-hidden='false' data-av_icon='\ue8fc' data-av_iconfont='entypo-fontello' title='' data-avia-related-tooltip='Compartir en LinkedIn' rel=\"noopener\"><span class='avia_hidden_link_text'>Compartir en LinkedIn<\/span><\/a><\/li><li class='av-share-link av-social-link-mail' ><a  aria-label=\"Compartir por correo\" href='mailto:?subject=Proyecto%20de%20ley%20de%20extracci%C3%B3n%20de%20%C3%A1ridos%20preocupa%20a%20la%20CChC%3A%20%E2%80%9CAumenta%20plazos%20de%20tramitaci%C3%B3n%2C%20poniendo%20en%20riesgo%20las%20obras%20regionales%E2%80%9D&#038;body=https:\/\/radiorevelacionfm.cl\/?p=49606' aria-hidden='false' data-av_icon='\ue805' data-av_iconfont='entypo-fontello' title='' data-avia-related-tooltip='Compartir por correo'><span class='avia_hidden_link_text'>Compartir por correo<\/span><\/a><\/li><\/ul><\/div><\/div>\n<div  style='height:50px' class='hr hr-invisible   avia-builder-el-8  el_after_av_social_share  el_before_av_comments_list '><span class='hr-inner ' ><span class='hr-inner-style'><\/span><\/span><\/div>\n<div  class='av-buildercomment  av-blog-meta-html-info-disabled av-blog-meta-tag-disabled  '><\/div>\n","protected":false},"excerpt":{"rendered":"","protected":false},"author":1,"featured_media":49643,"comment_status":"open","ping_status":"open","sticky":false,"template":"","format":"standard","meta":{"footnotes":""},"categories":[38],"tags":[],"class_list":["post-49606","post","type-post","status-publish","format-standard","has-post-thumbnail","hentry","category-regional"],"jetpack_featured_media_url":"https:\/\/radiorevelacionfm.cl\/wp-content\/uploads\/2025\/01\/Pablo-Carrasco-1-1-1.jpg","_links":{"self":[{"href":"https:\/\/radiorevelacionfm.cl\/index.php?rest_route=\/wp\/v2\/posts\/49606","targetHints":{"allow":["GET"]}}],"collection":[{"href":"https:\/\/radiorevelacionfm.cl\/index.php?rest_route=\/wp\/v2\/posts"}],"about":[{"href":"https:\/\/radiorevelacionfm.cl\/index.php?rest_route=\/wp\/v2\/types\/post"}],"author":[{"embeddable":true,"href":"https:\/\/radiorevelacionfm.cl\/index.php?rest_route=\/wp\/v2\/users\/1"}],"replies":[{"embeddable":true,"href":"https:\/\/radiorevelacionfm.cl\/index.php?rest_route=%2Fwp%2Fv2%2Fcomments&post=49606"}],"version-history":[{"count":2,"href":"https:\/\/radiorevelacionfm.cl\/index.php?rest_route=\/wp\/v2\/posts\/49606\/revisions"}],"predecessor-version":[{"id":49644,"href":"https:\/\/radiorevelacionfm.cl\/index.php?rest_route=\/wp\/v2\/posts\/49606\/revisions\/49644"}],"wp:featuredmedia":[{"embeddable":true,"href":"https:\/\/radiorevelacionfm.cl\/index.php?rest_route=\/wp\/v2\/media\/49643"}],"wp:attachment":[{"href":"https:\/\/radiorevelacionfm.cl\/index.php?rest_route=%2Fwp%2Fv2%2Fmedia&parent=49606"}],"wp:term":[{"taxonomy":"category","embeddable":true,"href":"https:\/\/radiorevelacionfm.cl\/index.php?rest_route=%2Fwp%2Fv2%2Fcategories&post=49606"},{"taxonomy":"post_tag","embeddable":true,"href":"https:\/\/radiorevelacionfm.cl\/index.php?rest_route=%2Fwp%2Fv2%2Ftags&post=49606"}],"curies":[{"name":"wp","href":"https:\/\/api.w.org\/{rel}","templated":true}]}}