{"id":49604,"date":"2025-01-14T16:07:17","date_gmt":"2025-01-14T19:07:17","guid":{"rendered":"https:\/\/radiorevelacionfm.cl\/?p=49604"},"modified":"2025-01-14T16:07:17","modified_gmt":"2025-01-14T19:07:17","slug":"corte-de-apelaciones-confirma-condena-por-abuso-sexual-en-nirehuao","status":"publish","type":"post","link":"https:\/\/radiorevelacionfm.cl\/?p=49604","title":{"rendered":"Corte de Apelaciones confirma condena por abuso sexual en \u00d1irehuao"},"content":{"rendered":"<div class=\"flex_column av_one_full  flex_column_div av-zero-column-padding first  avia-builder-el-0  el_before_av_one_full  avia-builder-el-first  \" style='border-radius:0px; '><div  class='avia-image-container  av-styling-    avia-builder-el-1  avia-builder-el-no-sibling  avia-align-center '  itemprop=\"image\" itemscope=\"itemscope\" itemtype=\"https:\/\/schema.org\/ImageObject\"  ><div class='avia-image-container-inner'><div class='avia-image-overlay-wrap'><img decoding=\"async\" class='wp-image-31251 avia-img-lazy-loading-not-31251 avia_image' src=\"https:\/\/radiorevelacionfm.cl\/wp-content\/uploads\/2023\/05\/foto-corte-coyhaique-001-3-1_optimized.jpg\" alt='' title='foto-corte-coyhaique-001-(3)-(1)_optimized' height=\"600\" width=\"900\"  itemprop=\"thumbnailUrl\" srcset=\"https:\/\/radiorevelacionfm.cl\/wp-content\/uploads\/2023\/05\/foto-corte-coyhaique-001-3-1_optimized.jpg 900w, https:\/\/radiorevelacionfm.cl\/wp-content\/uploads\/2023\/05\/foto-corte-coyhaique-001-3-1_optimized-300x200.jpg 300w, https:\/\/radiorevelacionfm.cl\/wp-content\/uploads\/2023\/05\/foto-corte-coyhaique-001-3-1_optimized-768x512.jpg 768w, https:\/\/radiorevelacionfm.cl\/wp-content\/uploads\/2023\/05\/foto-corte-coyhaique-001-3-1_optimized-705x470.jpg 705w, https:\/\/radiorevelacionfm.cl\/wp-content\/uploads\/2023\/05\/foto-corte-coyhaique-001-3-1_optimized-450x300.jpg 450w, https:\/\/radiorevelacionfm.cl\/wp-content\/uploads\/2023\/05\/foto-corte-coyhaique-001-3-1_optimized-600x400.jpg 600w\" sizes=\"(max-width: 900px) 100vw, 900px\" \/><\/div><\/div><\/div><\/div><div class=\"flex_column av_one_full  flex_column_div av-zero-column-padding first  avia-builder-el-2  el_after_av_one_full  el_before_av_one_full  column-top-margin\" style='border-radius:0px; '><section class=\"av_textblock_section \"  itemscope=\"itemscope\" itemtype=\"https:\/\/schema.org\/BlogPosting\" itemprop=\"blogPost\" ><div class='avia_textblock  '   itemprop=\"text\" ><p style=\"text-align: center;\"><strong><span style=\"font-size: 18pt;\">Corte de Apelaciones confirma condena por abuso sexual en \u00d1irehuao<\/span><\/strong><\/p>\n<div id=\"gtx-trans\" style=\"position: absolute; left: -50px; top: 4.31534px;\">\n<div class=\"gtx-trans-icon\"><\/div>\n<\/div>\n<\/div><\/section><\/div><div class=\"flex_column av_one_full  flex_column_div av-zero-column-padding first  avia-builder-el-4  el_after_av_one_full  el_before_av_hr  column-top-margin\" style='border-radius:0px; '><section class=\"av_textblock_section \"  itemscope=\"itemscope\" itemtype=\"https:\/\/schema.org\/BlogPosting\" itemprop=\"blogPost\" ><div class='avia_textblock  '   itemprop=\"text\" ><p class=\"v1MsoNormal\" style=\"text-align: justify;\">La Corte de Apelaciones de Coyhaique rechaz\u00f3 el recurso de nulidad deducido por la defensa, en contra de la sentencia que conden\u00f3 a\u00a0C.M.F.C. a la pena de 3 a\u00f1os y un d\u00eda de presidio efectivo, en calidad de autor del delito de abuso sexual de menor de 14 a\u00f1os de edad. Il\u00edcito perpetrado en agosto de 2021, en la localidad de \u00d1irehuao de la comuna.<\/p>\n<p class=\"v1MsoNormal\" style=\"text-align: justify;\">En fallo un\u00e1nime, la Primera Sala del tribunal de alzada \u2013integrada por los ministros Luis Aedo Mora, Pedro Castro Espinoza y Natalia Rencoret Oliva\u2013 descart\u00f3 infracci\u00f3n de ley en la sentencia impugnada, dictada por el Tribunal de Juicio Oral en lo Penal de Coyhaique.<\/p>\n<p class=\"v1MsoNormal\" style=\"text-align: justify;\">\u00abQue, atendido lo se\u00f1alado en los motivos precedentes, no aparece, entonces, que en la sentencia se hubiera omitido alguno de los requisitos previstos en la letra c), del art\u00edculo 342 del C\u00f3digo Procesal Penal, esto es, &#8216;La exposici\u00f3n clara, l\u00f3gica y completa de cada uno de los hechos y circunstancias que se dieren por probados, fueren ellos favorables o desfavorables al acusado, y de la valoraci\u00f3n de los medios de prueba que fundamentaren dichas conclusiones de acuerdo con lo dispuesto en el art\u00edculo 297;&#8217; y, muy por el contrario se puede constatar que estos emanan y constan de la propia sentencia dictada, advirti\u00e9ndose que los jueces del grado realizaron un completo an\u00e1lisis de la prueba rendida en el juicio sin quebrantar los l\u00edmites que imponen las reglas de la sana cr\u00edtica, fundando sus conclusiones de acuerdo a la ley, mediante una justificaci\u00f3n y razonamiento n\u00edtidamente plasmado en los motivos 8\u00b0, 9\u00b0, 10\u00b0, 11\u00b0 y 12\u00b0, ya citados, logrando una convicci\u00f3n condenatoria respecto de un delito de abuso sexual de una persona menor de 14 a\u00f1os (&#8230;)\u00bb, sostiene el fallo.<\/p>\n<p class=\"v1MsoNormal\" style=\"text-align: justify;\">Por tanto, se resuelve\u00a0que: \u00ab<b>SE RECHAZA<\/b>, sin costas, el recurso de nulidad interpuesto por Mauricio Mart\u00ednez Peralta, Defensor Penal P\u00fablico, en contra de la sentencia definitiva de fecha 8 de noviembre de 2024, dictada por el Tribunal de Juicio Oral en lo Penal de Coyhaique, mediante la cual, en lo pertinente, se conden\u00f3 a C.M.F.C., a la pena de tres a\u00f1os y un d\u00eda de presidio menor en su grado m\u00e1ximo, m\u00e1s las accesorias legales, por su responsabilidad en calidad de autor, de un delito de abuso sexual de persona menor de 14 a\u00f1os, previsto y sancionado en el art\u00edculo 366 bis del C\u00f3digo Penal, en relaci\u00f3n con el art\u00edculo 366 ter del mismo cuerpo legal, en grado de consumado, ocurrido en una fecha cercana al mes de agosto de 2021, en la localidad de \u00d1irehuao, comuna de Coyhaique, en perjuicio de P.N.E.C.; por lo que el juicio llevado a cabo y la sentencia que recay\u00f3 en el mismo,\u00a0<b>NO SON NULOS<\/b>\u00ab.<\/p>\n<\/div><\/section><\/div><div  style='height:50px' class='hr hr-invisible   avia-builder-el-6  el_after_av_one_full  el_before_av_social_share '><span class='hr-inner ' ><span class='hr-inner-style'><\/span><\/span><\/div><\/p>\n<div  class='av-social-sharing-box  avia-builder-el-7  el_after_av_hr  el_before_av_hr  '><div class='av-share-box'><h5 class='av-share-link-description av-no-toc '>Compartir esta noticia<\/h5><ul class='av-share-box-list noLightbox'><li class='av-share-link av-social-link-facebook' ><a target=\"_blank\" aria-label=\"Compartir en Facebook\" href='https:\/\/www.facebook.com\/sharer.php?u=https:\/\/radiorevelacionfm.cl\/?p=49604&#038;t=Corte%20de%20Apelaciones%20confirma%20condena%20por%20abuso%20sexual%20en%20%C3%91irehuao' aria-hidden='false' data-av_icon='\ue8f3' data-av_iconfont='entypo-fontello' title='' data-avia-related-tooltip='Compartir en Facebook' rel=\"noopener\"><span class='avia_hidden_link_text'>Compartir en Facebook<\/span><\/a><\/li><li class='av-share-link av-social-link-twitter' ><a target=\"_blank\" aria-label=\"Compartir en Twitter\" href='https:\/\/twitter.com\/share?text=Corte%20de%20Apelaciones%20confirma%20condena%20por%20abuso%20sexual%20en%20%C3%91irehuao&#038;url=https:\/\/radiorevelacionfm.cl\/?p=49604' aria-hidden='false' data-av_icon='\ue8f1' data-av_iconfont='entypo-fontello' title='' data-avia-related-tooltip='Compartir en Twitter' rel=\"noopener\"><span class='avia_hidden_link_text'>Compartir en Twitter<\/span><\/a><\/li><li class='av-share-link av-social-link-whatsapp' ><a target=\"_blank\" aria-label=\"Compartir en Whatsapp\" href='https:\/\/api.whatsapp.com\/send?text=https:\/\/radiorevelacionfm.cl\/?p=49604' aria-hidden='false' data-av_icon='\uf232' data-av_iconfont='entypo-fontello' title='' data-avia-related-tooltip='Compartir en Whatsapp' rel=\"noopener\"><span class='avia_hidden_link_text'>Compartir en Whatsapp<\/span><\/a><\/li><li class='av-share-link av-social-link-linkedin' ><a target=\"_blank\" aria-label=\"Compartir en LinkedIn\" href='https:\/\/linkedin.com\/shareArticle?mini=true&#038;title=Corte%20de%20Apelaciones%20confirma%20condena%20por%20abuso%20sexual%20en%20%C3%91irehuao&#038;url=https:\/\/radiorevelacionfm.cl\/?p=49604' aria-hidden='false' data-av_icon='\ue8fc' data-av_iconfont='entypo-fontello' title='' data-avia-related-tooltip='Compartir en LinkedIn' rel=\"noopener\"><span class='avia_hidden_link_text'>Compartir en LinkedIn<\/span><\/a><\/li><li class='av-share-link av-social-link-mail' ><a  aria-label=\"Compartir por correo\" href='mailto:?subject=Corte%20de%20Apelaciones%20confirma%20condena%20por%20abuso%20sexual%20en%20%C3%91irehuao&#038;body=https:\/\/radiorevelacionfm.cl\/?p=49604' aria-hidden='false' data-av_icon='\ue805' data-av_iconfont='entypo-fontello' title='' data-avia-related-tooltip='Compartir por correo'><span class='avia_hidden_link_text'>Compartir por correo<\/span><\/a><\/li><\/ul><\/div><\/div>\n<div  style='height:50px' class='hr hr-invisible   avia-builder-el-8  el_after_av_social_share  el_before_av_comments_list '><span class='hr-inner ' ><span class='hr-inner-style'><\/span><\/span><\/div>\n<div  class='av-buildercomment  av-blog-meta-html-info-disabled av-blog-meta-tag-disabled  '><\/div>\n","protected":false},"excerpt":{"rendered":"","protected":false},"author":1,"featured_media":31251,"comment_status":"open","ping_status":"open","sticky":false,"template":"","format":"standard","meta":{"footnotes":""},"categories":[55],"tags":[],"class_list":["post-49604","post","type-post","status-publish","format-standard","has-post-thumbnail","hentry","category-justicia"],"jetpack_featured_media_url":"https:\/\/radiorevelacionfm.cl\/wp-content\/uploads\/2023\/05\/foto-corte-coyhaique-001-3-1_optimized.jpg","_links":{"self":[{"href":"https:\/\/radiorevelacionfm.cl\/index.php?rest_route=\/wp\/v2\/posts\/49604","targetHints":{"allow":["GET"]}}],"collection":[{"href":"https:\/\/radiorevelacionfm.cl\/index.php?rest_route=\/wp\/v2\/posts"}],"about":[{"href":"https:\/\/radiorevelacionfm.cl\/index.php?rest_route=\/wp\/v2\/types\/post"}],"author":[{"embeddable":true,"href":"https:\/\/radiorevelacionfm.cl\/index.php?rest_route=\/wp\/v2\/users\/1"}],"replies":[{"embeddable":true,"href":"https:\/\/radiorevelacionfm.cl\/index.php?rest_route=%2Fwp%2Fv2%2Fcomments&post=49604"}],"version-history":[{"count":1,"href":"https:\/\/radiorevelacionfm.cl\/index.php?rest_route=\/wp\/v2\/posts\/49604\/revisions"}],"predecessor-version":[{"id":49605,"href":"https:\/\/radiorevelacionfm.cl\/index.php?rest_route=\/wp\/v2\/posts\/49604\/revisions\/49605"}],"wp:featuredmedia":[{"embeddable":true,"href":"https:\/\/radiorevelacionfm.cl\/index.php?rest_route=\/wp\/v2\/media\/31251"}],"wp:attachment":[{"href":"https:\/\/radiorevelacionfm.cl\/index.php?rest_route=%2Fwp%2Fv2%2Fmedia&parent=49604"}],"wp:term":[{"taxonomy":"category","embeddable":true,"href":"https:\/\/radiorevelacionfm.cl\/index.php?rest_route=%2Fwp%2Fv2%2Fcategories&post=49604"},{"taxonomy":"post_tag","embeddable":true,"href":"https:\/\/radiorevelacionfm.cl\/index.php?rest_route=%2Fwp%2Fv2%2Ftags&post=49604"}],"curies":[{"name":"wp","href":"https:\/\/api.w.org\/{rel}","templated":true}]}}