{"id":49602,"date":"2025-01-14T15:48:14","date_gmt":"2025-01-14T18:48:14","guid":{"rendered":"https:\/\/radiorevelacionfm.cl\/?p=49602"},"modified":"2025-01-14T15:48:14","modified_gmt":"2025-01-14T18:48:14","slug":"manana-finaliza-la-temporada-de-pesca-recreativa-del-chinook-en-aysen","status":"publish","type":"post","link":"https:\/\/radiorevelacionfm.cl\/?p=49602","title":{"rendered":"Ma\u00f1ana finaliza la temporada de pesca recreativa del Chinook en Ays\u00e9n"},"content":{"rendered":"<div class=\"flex_column av_one_full  flex_column_div av-zero-column-padding first  avia-builder-el-0  el_before_av_one_full  avia-builder-el-first  \" style='border-radius:0px; '><div  class='avia-image-container  av-styling-    avia-builder-el-1  avia-builder-el-no-sibling  avia-align-center '  itemprop=\"image\" itemscope=\"itemscope\" itemtype=\"https:\/\/schema.org\/ImageObject\"  ><div class='avia-image-container-inner'><div class='avia-image-overlay-wrap'><img decoding=\"async\" class='wp-image-12965 avia-img-lazy-loading-not-12965 avia_image' src=\"https:\/\/radiorevelacionfm.cl\/wp-content\/uploads\/2022\/01\/Pesca.jpg\" alt='' title='Pesca' height=\"600\" width=\"754\"  itemprop=\"thumbnailUrl\" srcset=\"https:\/\/radiorevelacionfm.cl\/wp-content\/uploads\/2022\/01\/Pesca.jpg 754w, https:\/\/radiorevelacionfm.cl\/wp-content\/uploads\/2022\/01\/Pesca-300x239.jpg 300w, https:\/\/radiorevelacionfm.cl\/wp-content\/uploads\/2022\/01\/Pesca-705x561.jpg 705w, https:\/\/radiorevelacionfm.cl\/wp-content\/uploads\/2022\/01\/Pesca-600x477.jpg 600w\" sizes=\"(max-width: 754px) 100vw, 754px\" \/><\/div><\/div><\/div><\/div><div class=\"flex_column av_one_full  flex_column_div av-zero-column-padding first  avia-builder-el-2  el_after_av_one_full  el_before_av_one_full  column-top-margin\" style='border-radius:0px; '><section class=\"av_textblock_section \"  itemscope=\"itemscope\" itemtype=\"https:\/\/schema.org\/BlogPosting\" itemprop=\"blogPost\" ><div class='avia_textblock  '   itemprop=\"text\" ><p style=\"text-align: center;\"><strong><span style=\"font-size: 18pt;\">Ma\u00f1ana finaliza la temporada de pesca recreativa del Chinook en Ays\u00e9n<\/span><\/strong><\/p>\n<div id=\"gtx-trans\" style=\"position: absolute; left: -50px; top: 4.31534px;\">\n<div class=\"gtx-trans-icon\"><\/div>\n<\/div>\n<\/div><\/section><\/div><div class=\"flex_column av_one_full  flex_column_div av-zero-column-padding first  avia-builder-el-4  el_after_av_one_full  el_before_av_hr  column-top-margin\" style='border-radius:0px; '><section class=\"av_textblock_section \"  itemscope=\"itemscope\" itemtype=\"https:\/\/schema.org\/BlogPosting\" itemprop=\"blogPost\" ><div class='avia_textblock  '   itemprop=\"text\" ><p style=\"font-weight: 400; text-align: justify;\">Este 15 de enero finaliza la temporada de pesca recreativa del salm\u00f3n Chinook en la regi\u00f3n de Ays\u00e9n, as\u00ed lo anunci\u00f3 el Servicio Nacional de Pesca y Acuicultura (Sernapesca). La captura y extracci\u00f3n de esta especie salm\u00f3nida quedar\u00e1 prohibida en todos los cursos y cuerpos de aguas continentales de la regi\u00f3n, inici\u00e1ndose el per\u00edodo de veda.<\/p>\n<p style=\"font-weight: 400; text-align: justify;\">Pero el escenario no es tan negativo para los amantes esta actividad, ya que podr\u00e1n seguir realizando pesca recreativa con extracci\u00f3n de otras especies salm\u00f3nidas, como trucha caf\u00e9, trucha arco iris, trucha de arroyo, salm\u00f3n coho. En la siguiente tabla se muestran los detalles de las diferentes medidas de administraci\u00f3n y sus respectivas fechas.<\/p>\n<p style=\"font-weight: 400; text-align: justify;\">Jorge Padilla, director regional (s) de Sernapesca en Ays\u00e9n hizo un llamado a realizar la actividad con responsabilidad, \u201ces muy importante que las personas que realizan pesca recreativa se informen sobre las especies que pueden capturar, la cantidad, y en qu\u00e9 fechas, adem\u00e1s de portar siempre su licencia de pesca recreativa, utilizar una sola ca\u00f1a por persona y tomar las medidas necesarias de desinfecci\u00f3n de sus utensilios y ropa para evitar la diseminaci\u00f3n de la microalga didymo\u201d.<\/p>\n<p style=\"font-weight: 400; text-align: justify;\">Desde Sernapesca informaron que mantendr\u00e1n las fiscalizaciones en diferentes zonas para resguardar el cumplimiento de la veda del Chinook entre otras exigencias de la ley.<\/p>\n<\/div><\/section><\/div><div  style='height:50px' class='hr hr-invisible   avia-builder-el-6  el_after_av_one_full  el_before_av_social_share '><span class='hr-inner ' ><span class='hr-inner-style'><\/span><\/span><\/div><\/p>\n<div  class='av-social-sharing-box  avia-builder-el-7  el_after_av_hr  el_before_av_hr  '><div class='av-share-box'><h5 class='av-share-link-description av-no-toc '>Compartir esta noticia<\/h5><ul class='av-share-box-list noLightbox'><li class='av-share-link av-social-link-facebook' ><a target=\"_blank\" aria-label=\"Compartir en Facebook\" href='https:\/\/www.facebook.com\/sharer.php?u=https:\/\/radiorevelacionfm.cl\/?p=49602&#038;t=Ma%C3%B1ana%20finaliza%20la%20temporada%20de%20pesca%20recreativa%20del%20Chinook%20en%20Ays%C3%A9n' aria-hidden='false' data-av_icon='\ue8f3' data-av_iconfont='entypo-fontello' title='' data-avia-related-tooltip='Compartir en Facebook' rel=\"noopener\"><span class='avia_hidden_link_text'>Compartir en Facebook<\/span><\/a><\/li><li class='av-share-link av-social-link-twitter' ><a target=\"_blank\" aria-label=\"Compartir en Twitter\" href='https:\/\/twitter.com\/share?text=Ma%C3%B1ana%20finaliza%20la%20temporada%20de%20pesca%20recreativa%20del%20Chinook%20en%20Ays%C3%A9n&#038;url=https:\/\/radiorevelacionfm.cl\/?p=49602' aria-hidden='false' data-av_icon='\ue8f1' data-av_iconfont='entypo-fontello' title='' data-avia-related-tooltip='Compartir en Twitter' rel=\"noopener\"><span class='avia_hidden_link_text'>Compartir en Twitter<\/span><\/a><\/li><li class='av-share-link av-social-link-whatsapp' ><a target=\"_blank\" aria-label=\"Compartir en Whatsapp\" href='https:\/\/api.whatsapp.com\/send?text=https:\/\/radiorevelacionfm.cl\/?p=49602' aria-hidden='false' data-av_icon='\uf232' data-av_iconfont='entypo-fontello' title='' data-avia-related-tooltip='Compartir en Whatsapp' rel=\"noopener\"><span class='avia_hidden_link_text'>Compartir en Whatsapp<\/span><\/a><\/li><li class='av-share-link av-social-link-linkedin' ><a target=\"_blank\" aria-label=\"Compartir en LinkedIn\" href='https:\/\/linkedin.com\/shareArticle?mini=true&#038;title=Ma%C3%B1ana%20finaliza%20la%20temporada%20de%20pesca%20recreativa%20del%20Chinook%20en%20Ays%C3%A9n&#038;url=https:\/\/radiorevelacionfm.cl\/?p=49602' aria-hidden='false' data-av_icon='\ue8fc' data-av_iconfont='entypo-fontello' title='' data-avia-related-tooltip='Compartir en LinkedIn' rel=\"noopener\"><span class='avia_hidden_link_text'>Compartir en LinkedIn<\/span><\/a><\/li><li class='av-share-link av-social-link-mail' ><a  aria-label=\"Compartir por correo\" href='mailto:?subject=Ma%C3%B1ana%20finaliza%20la%20temporada%20de%20pesca%20recreativa%20del%20Chinook%20en%20Ays%C3%A9n&#038;body=https:\/\/radiorevelacionfm.cl\/?p=49602' aria-hidden='false' data-av_icon='\ue805' data-av_iconfont='entypo-fontello' title='' data-avia-related-tooltip='Compartir por correo'><span class='avia_hidden_link_text'>Compartir por correo<\/span><\/a><\/li><\/ul><\/div><\/div>\n<div  style='height:50px' class='hr hr-invisible   avia-builder-el-8  el_after_av_social_share  el_before_av_comments_list '><span class='hr-inner ' ><span class='hr-inner-style'><\/span><\/span><\/div>\n<div  class='av-buildercomment  av-blog-meta-html-info-disabled av-blog-meta-tag-disabled  '><\/div>\n","protected":false},"excerpt":{"rendered":"","protected":false},"author":1,"featured_media":12965,"comment_status":"open","ping_status":"open","sticky":false,"template":"","format":"standard","meta":{"footnotes":""},"categories":[60],"tags":[],"class_list":["post-49602","post","type-post","status-publish","format-standard","has-post-thumbnail","hentry","category-pesca"],"jetpack_featured_media_url":"https:\/\/radiorevelacionfm.cl\/wp-content\/uploads\/2022\/01\/Pesca.jpg","_links":{"self":[{"href":"https:\/\/radiorevelacionfm.cl\/index.php?rest_route=\/wp\/v2\/posts\/49602","targetHints":{"allow":["GET"]}}],"collection":[{"href":"https:\/\/radiorevelacionfm.cl\/index.php?rest_route=\/wp\/v2\/posts"}],"about":[{"href":"https:\/\/radiorevelacionfm.cl\/index.php?rest_route=\/wp\/v2\/types\/post"}],"author":[{"embeddable":true,"href":"https:\/\/radiorevelacionfm.cl\/index.php?rest_route=\/wp\/v2\/users\/1"}],"replies":[{"embeddable":true,"href":"https:\/\/radiorevelacionfm.cl\/index.php?rest_route=%2Fwp%2Fv2%2Fcomments&post=49602"}],"version-history":[{"count":1,"href":"https:\/\/radiorevelacionfm.cl\/index.php?rest_route=\/wp\/v2\/posts\/49602\/revisions"}],"predecessor-version":[{"id":49603,"href":"https:\/\/radiorevelacionfm.cl\/index.php?rest_route=\/wp\/v2\/posts\/49602\/revisions\/49603"}],"wp:featuredmedia":[{"embeddable":true,"href":"https:\/\/radiorevelacionfm.cl\/index.php?rest_route=\/wp\/v2\/media\/12965"}],"wp:attachment":[{"href":"https:\/\/radiorevelacionfm.cl\/index.php?rest_route=%2Fwp%2Fv2%2Fmedia&parent=49602"}],"wp:term":[{"taxonomy":"category","embeddable":true,"href":"https:\/\/radiorevelacionfm.cl\/index.php?rest_route=%2Fwp%2Fv2%2Fcategories&post=49602"},{"taxonomy":"post_tag","embeddable":true,"href":"https:\/\/radiorevelacionfm.cl\/index.php?rest_route=%2Fwp%2Fv2%2Ftags&post=49602"}],"curies":[{"name":"wp","href":"https:\/\/api.w.org\/{rel}","templated":true}]}}