{"id":49596,"date":"2025-01-14T12:35:38","date_gmt":"2025-01-14T15:35:38","guid":{"rendered":"https:\/\/radiorevelacionfm.cl\/?p=49596"},"modified":"2025-01-14T12:35:38","modified_gmt":"2025-01-14T15:35:38","slug":"con-operacion-de-barcaza-leptepu-se-renueva-continuidad-de-servicio-subvencionado-maritimo-de-islas-huichas","status":"publish","type":"post","link":"https:\/\/radiorevelacionfm.cl\/?p=49596","title":{"rendered":"Con operaci\u00f3n de barcaza Leptepu se renueva continuidad de servicio subvencionado mar\u00edtimo de Islas Huichas"},"content":{"rendered":"<div class=\"flex_column av_one_full  flex_column_div av-zero-column-padding first  avia-builder-el-0  el_before_av_one_full  avia-builder-el-first  \" style='border-radius:0px; '><div  class='avia-image-container  av-styling-    avia-builder-el-1  avia-builder-el-no-sibling  avia-align-center '  itemprop=\"image\" itemscope=\"itemscope\" itemtype=\"https:\/\/schema.org\/ImageObject\"  ><div class='avia-image-container-inner'><div class='avia-image-overlay-wrap'><img decoding=\"async\" class='wp-image-49597 avia-img-lazy-loading-not-49597 avia_image' src=\"https:\/\/radiorevelacionfm.cl\/wp-content\/uploads\/2025\/01\/IMG-20250114-WA0027-1-1.jpg\" alt='' title='IMG-20250114-WA0027 (1) (1)' height=\"600\" width=\"902\"  itemprop=\"thumbnailUrl\" srcset=\"https:\/\/radiorevelacionfm.cl\/wp-content\/uploads\/2025\/01\/IMG-20250114-WA0027-1-1.jpg 902w, https:\/\/radiorevelacionfm.cl\/wp-content\/uploads\/2025\/01\/IMG-20250114-WA0027-1-1-300x200.jpg 300w, https:\/\/radiorevelacionfm.cl\/wp-content\/uploads\/2025\/01\/IMG-20250114-WA0027-1-1-768x511.jpg 768w, https:\/\/radiorevelacionfm.cl\/wp-content\/uploads\/2025\/01\/IMG-20250114-WA0027-1-1-705x469.jpg 705w, https:\/\/radiorevelacionfm.cl\/wp-content\/uploads\/2025\/01\/IMG-20250114-WA0027-1-1-450x299.jpg 450w, https:\/\/radiorevelacionfm.cl\/wp-content\/uploads\/2025\/01\/IMG-20250114-WA0027-1-1-600x399.jpg 600w\" sizes=\"(max-width: 902px) 100vw, 902px\" \/><\/div><\/div><\/div><\/div><div class=\"flex_column av_one_full  flex_column_div av-zero-column-padding first  avia-builder-el-2  el_after_av_one_full  el_before_av_one_full  column-top-margin\" style='border-radius:0px; '><section class=\"av_textblock_section \"  itemscope=\"itemscope\" itemtype=\"https:\/\/schema.org\/BlogPosting\" itemprop=\"blogPost\" ><div class='avia_textblock  '   itemprop=\"text\" ><p style=\"text-align: center;\"><strong><span style=\"font-size: 18pt;\">Con operaci\u00f3n de barcaza Leptepu se renueva continuidad de servicio subvencionado mar\u00edtimo de Islas Huichas<\/span><\/strong><\/p>\n<div id=\"gtx-trans\" style=\"position: absolute; left: -50px; top: 4.31534px;\">\n<div class=\"gtx-trans-icon\"><\/div>\n<\/div>\n<\/div><\/section><\/div><div class=\"flex_column av_one_full  flex_column_div av-zero-column-padding first  avia-builder-el-4  el_after_av_one_full  el_before_av_hr  column-top-margin\" style='border-radius:0px; '><section class=\"av_textblock_section \"  itemscope=\"itemscope\" itemtype=\"https:\/\/schema.org\/BlogPosting\" itemprop=\"blogPost\" ><div class='avia_textblock  '   itemprop=\"text\" ><p style=\"text-align: justify;\">Sellando el compromiso adquirido con los habitantes de Islas Huichas, en un acuerdo que abarc\u00f3 a las tres juntas de vecinos del sector litoral (Puerto Aguirre, Estero Copa, Caleta Andrade), se inici\u00f3 este martes 14 de enero la operaci\u00f3n del contrato de transporte mar\u00edtimo subvencionado por el Ministerio de Transportes y Telecomunicaciones, en el tramo Puerto Aguirre &#8211; Puerto Chacabuco, adjudicado a la empresa Naviera Austral.<\/p>\n<p style=\"text-align: justify;\">Anteriormente, dicha ruta mar\u00edtima prestaba cobertura exclusiva a pasajeros, con una escasa capacidad de carga. Por el contrario, con el actual contrato se realiz\u00f3 una significativa innovaci\u00f3n al servicio, introduciendo una embarcaci\u00f3n tipo barcaza que adem\u00e1s del traslado de pasajeros, incluir\u00e1 el transporte de rodados, a una tarifa menor que la embarcaci\u00f3n de la Ruta Cordillera, proveniente desde Quell\u00f3n, tambi\u00e9n subsidiada y operada por la misma empresa.<\/p>\n<p style=\"text-align: justify;\">Al poder movilizar transporte de carga, el servicio ofrece mayores posibilidades a sus habitantes, tal como el traslado de la producci\u00f3n de la pesca artesanal local, y, algo muy esperado por la comunidad,\u00a0 viajes especiales para cargas peligrosas que adem\u00e1s de prestar este servicio a la isla, beneficiar\u00e1 tambi\u00e9n a las localidades costeras de Puerto Gaviota, Isla Toto y Melimoyu. Estas frecuencias especiales se podr\u00e1n concretar hasta dos veces al mes, a solicitud de los vecinos.<\/p>\n<p style=\"text-align: justify;\">El seremiTT Hans Zimmermann explic\u00f3 que esta medida pretende diversificar la oferta de conectividad mar\u00edtima, y tambi\u00e9n ofrecer una mayor calidad de servicio a los usuarios: \u201cCon esta embarcaci\u00f3n podremos asegurar la conectividad y el abastecimiento de Islas Huichas. Es una nave multiprop\u00f3sito que, al tratarse de una nave mayor, tiene menos restricciones para navegar ante condiciones clim\u00e1ticas desfavorables y as\u00ed robustecer y fortalecer la conectividad entre Puerto Chacabuco e Islas Huichas. Estamos cumpliendo como gobierno, ya que esta es una demanda hist\u00f3rica de la comunidad.\u201d<\/p>\n<p style=\"text-align: justify;\">Para iniciar esta nueva modalidad de servicio mar\u00edtimo, Naviera Austral estren\u00f3 la ruta con la nave <strong>Leptepu, <\/strong>\u00a0transbordador que dispone de 150 metros lineales y capacidad para 150 pasajeros. Leptepu operar\u00e1 como nave de reemplazo hasta el 28 de febrero, y desde el 1 de marzo asume la barcaza titular Ruende, con 100 metros lineales y 100 acomodaciones para pasajeros.<\/p>\n<p style=\"text-align: justify;\">H\u00e9ctor Soto, gerente comercial de la empresa detall\u00f3 las acomodaciones que facilitar\u00e1n un mejor viaje y nuevas potencialidades de este transporte mar\u00edtimo. \u201cTenemos habilitada la barcaza con internet satelital a bordo disponible y gratuito para los pasajeros, tenemos televisi\u00f3n satelital, y servicio de cafeter\u00eda habilitado. Contamos con un m\u00f3dulo especial para personas que tengan dificultades de movilidad, con aire acondicionado y ba\u00f1o independiente. Creemos que este cambio de tener una embarcaci\u00f3n multiprop\u00f3sito, va a tener tremendas posibilidades de crecimiento para la localidad de Puerto Aguirre y para las comunidades donde prestaremos viajes de carga peligrosa\u201d, declar\u00f3 el representante de la empresa naviera.<\/p>\n<p style=\"text-align: justify;\">Aunque el ingreso de este tipo de embarcaci\u00f3n implica mayores tiempos de traslado, las vecinas y vecinos se manifestaron conscientes de los mayores beneficios que conlleva una embarcaci\u00f3n mayor en la ruta. Lidia Tarum\u00e1n Alvarado, habitante de Puerto Aguirre y trabajadora de la pesca artesanal concluy\u00f3 que \u201crealmente es un beneficio para la isla. Es m\u00e1s lenta que las otras embarcaciones, pero lo bueno que esta va a navegar con tiempo malo y no vamos a tener problemas con los puertos cerrados y perder horas en el hospital\u201d.<\/p>\n<p style=\"text-align: justify;\">Lidia adem\u00e1s se refiri\u00f3 a las ventajas del transporte de combustibles \u201cYo soy una pescadora artesanal, trabajo para afuera, entonces a m\u00ed me conviene porque si tengo que mandar a buscar bencina voy a mandar a buscar m\u00e1s barata a Puerto Ays\u00e9n\u201d. Tambi\u00e9n hay ventajas para el traslado de mercader\u00edas y productos: \u201cEn la anterior nave, de repente hasta por una caja le cobraban. Si tra\u00eda una caja eran dos lucas, no era un\u00a0 mont\u00f3n de plata pero igual de repente uno anda corto. En Ays\u00e9n uno compra lo m\u00e1s m\u00ednimo, y se va a lo m\u00e1s econ\u00f3mico\u201d explic\u00f3.<\/p>\n<p style=\"text-align: justify;\">A fin de asegurar la buena prestaci\u00f3n del servicio, tanto el MTT como Naviera Austral monitorear\u00e1n la operaci\u00f3n de este importante servicio para la conectividad mar\u00edtima del litoral de Ays\u00e9n.<\/p>\n<\/div><\/section><\/div><div  style='height:50px' class='hr hr-invisible   avia-builder-el-6  el_after_av_one_full  el_before_av_social_share '><span class='hr-inner ' ><span class='hr-inner-style'><\/span><\/span><\/div><\/p>\n<div  class='av-social-sharing-box  avia-builder-el-7  el_after_av_hr  el_before_av_hr  '><div class='av-share-box'><h5 class='av-share-link-description av-no-toc '>Compartir esta noticia<\/h5><ul class='av-share-box-list noLightbox'><li class='av-share-link av-social-link-facebook' ><a target=\"_blank\" aria-label=\"Compartir en Facebook\" href='https:\/\/www.facebook.com\/sharer.php?u=https:\/\/radiorevelacionfm.cl\/?p=49596&#038;t=Con%20operaci%C3%B3n%20de%20barcaza%20Leptepu%20se%20renueva%20continuidad%20de%20servicio%20subvencionado%20mar%C3%ADtimo%20de%20Islas%20Huichas' aria-hidden='false' data-av_icon='\ue8f3' data-av_iconfont='entypo-fontello' title='' data-avia-related-tooltip='Compartir en Facebook' rel=\"noopener\"><span class='avia_hidden_link_text'>Compartir en Facebook<\/span><\/a><\/li><li class='av-share-link av-social-link-twitter' ><a target=\"_blank\" aria-label=\"Compartir en Twitter\" href='https:\/\/twitter.com\/share?text=Con%20operaci%C3%B3n%20de%20barcaza%20Leptepu%20se%20renueva%20continuidad%20de%20servicio%20subvencionado%20mar%C3%ADtimo%20de%20Islas%20Huichas&#038;url=https:\/\/radiorevelacionfm.cl\/?p=49596' aria-hidden='false' data-av_icon='\ue8f1' data-av_iconfont='entypo-fontello' title='' data-avia-related-tooltip='Compartir en Twitter' rel=\"noopener\"><span class='avia_hidden_link_text'>Compartir en Twitter<\/span><\/a><\/li><li class='av-share-link av-social-link-whatsapp' ><a target=\"_blank\" aria-label=\"Compartir en Whatsapp\" href='https:\/\/api.whatsapp.com\/send?text=https:\/\/radiorevelacionfm.cl\/?p=49596' aria-hidden='false' data-av_icon='\uf232' data-av_iconfont='entypo-fontello' title='' data-avia-related-tooltip='Compartir en Whatsapp' rel=\"noopener\"><span class='avia_hidden_link_text'>Compartir en Whatsapp<\/span><\/a><\/li><li class='av-share-link av-social-link-linkedin' ><a target=\"_blank\" aria-label=\"Compartir en LinkedIn\" href='https:\/\/linkedin.com\/shareArticle?mini=true&#038;title=Con%20operaci%C3%B3n%20de%20barcaza%20Leptepu%20se%20renueva%20continuidad%20de%20servicio%20subvencionado%20mar%C3%ADtimo%20de%20Islas%20Huichas&#038;url=https:\/\/radiorevelacionfm.cl\/?p=49596' aria-hidden='false' data-av_icon='\ue8fc' data-av_iconfont='entypo-fontello' title='' data-avia-related-tooltip='Compartir en LinkedIn' rel=\"noopener\"><span class='avia_hidden_link_text'>Compartir en LinkedIn<\/span><\/a><\/li><li class='av-share-link av-social-link-mail' ><a  aria-label=\"Compartir por correo\" href='mailto:?subject=Con%20operaci%C3%B3n%20de%20barcaza%20Leptepu%20se%20renueva%20continuidad%20de%20servicio%20subvencionado%20mar%C3%ADtimo%20de%20Islas%20Huichas&#038;body=https:\/\/radiorevelacionfm.cl\/?p=49596' aria-hidden='false' data-av_icon='\ue805' data-av_iconfont='entypo-fontello' title='' data-avia-related-tooltip='Compartir por correo'><span class='avia_hidden_link_text'>Compartir por correo<\/span><\/a><\/li><\/ul><\/div><\/div>\n<div  style='height:50px' class='hr hr-invisible   avia-builder-el-8  el_after_av_social_share  el_before_av_comments_list '><span class='hr-inner ' ><span class='hr-inner-style'><\/span><\/span><\/div>\n<div  class='av-buildercomment  av-blog-meta-html-info-disabled av-blog-meta-tag-disabled  '><\/div>\n","protected":false},"excerpt":{"rendered":"","protected":false},"author":1,"featured_media":49597,"comment_status":"open","ping_status":"open","sticky":false,"template":"","format":"standard","meta":{"footnotes":""},"categories":[59],"tags":[],"class_list":["post-49596","post","type-post","status-publish","format-standard","has-post-thumbnail","hentry","category-transporte"],"jetpack_featured_media_url":"https:\/\/radiorevelacionfm.cl\/wp-content\/uploads\/2025\/01\/IMG-20250114-WA0027-1-1.jpg","_links":{"self":[{"href":"https:\/\/radiorevelacionfm.cl\/index.php?rest_route=\/wp\/v2\/posts\/49596","targetHints":{"allow":["GET"]}}],"collection":[{"href":"https:\/\/radiorevelacionfm.cl\/index.php?rest_route=\/wp\/v2\/posts"}],"about":[{"href":"https:\/\/radiorevelacionfm.cl\/index.php?rest_route=\/wp\/v2\/types\/post"}],"author":[{"embeddable":true,"href":"https:\/\/radiorevelacionfm.cl\/index.php?rest_route=\/wp\/v2\/users\/1"}],"replies":[{"embeddable":true,"href":"https:\/\/radiorevelacionfm.cl\/index.php?rest_route=%2Fwp%2Fv2%2Fcomments&post=49596"}],"version-history":[{"count":1,"href":"https:\/\/radiorevelacionfm.cl\/index.php?rest_route=\/wp\/v2\/posts\/49596\/revisions"}],"predecessor-version":[{"id":49598,"href":"https:\/\/radiorevelacionfm.cl\/index.php?rest_route=\/wp\/v2\/posts\/49596\/revisions\/49598"}],"wp:featuredmedia":[{"embeddable":true,"href":"https:\/\/radiorevelacionfm.cl\/index.php?rest_route=\/wp\/v2\/media\/49597"}],"wp:attachment":[{"href":"https:\/\/radiorevelacionfm.cl\/index.php?rest_route=%2Fwp%2Fv2%2Fmedia&parent=49596"}],"wp:term":[{"taxonomy":"category","embeddable":true,"href":"https:\/\/radiorevelacionfm.cl\/index.php?rest_route=%2Fwp%2Fv2%2Fcategories&post=49596"},{"taxonomy":"post_tag","embeddable":true,"href":"https:\/\/radiorevelacionfm.cl\/index.php?rest_route=%2Fwp%2Fv2%2Ftags&post=49596"}],"curies":[{"name":"wp","href":"https:\/\/api.w.org\/{rel}","templated":true}]}}