{"id":49593,"date":"2025-01-14T10:43:46","date_gmt":"2025-01-14T13:43:46","guid":{"rendered":"https:\/\/radiorevelacionfm.cl\/?p=49593"},"modified":"2025-01-14T10:43:46","modified_gmt":"2025-01-14T13:43:46","slug":"oposicion-a-ley-lafkenche-intentaron-violar-la-constitucion-que-mas-estaran-dispuestos-a-perpetrar","status":"publish","type":"post","link":"https:\/\/radiorevelacionfm.cl\/?p=49593","title":{"rendered":"Oposici\u00f3n a Ley Lafkenche: Intentaron violar la Constituci\u00f3n, \u00bfQu\u00e9 m\u00e1s estar\u00e1n dispuestos a perpetrar?"},"content":{"rendered":"<div class=\"flex_column av_one_full  flex_column_div av-zero-column-padding first  avia-builder-el-0  el_before_av_one_full  avia-builder-el-first  \" style='border-radius:0px; '><div  class='avia-image-container  av-styling-    avia-builder-el-1  avia-builder-el-no-sibling  avia-align-center '  itemprop=\"image\" itemscope=\"itemscope\" itemtype=\"https:\/\/schema.org\/ImageObject\"  ><div class='avia-image-container-inner'><div class='avia-image-overlay-wrap'><img decoding=\"async\" class='wp-image-49594 avia-img-lazy-loading-not-49594 avia_image' src=\"https:\/\/radiorevelacionfm.cl\/wp-content\/uploads\/2025\/01\/borde-costero-1_optimized.jpeg\" alt='' title='borde-costero-(1)_optimized' height=\"600\" width=\"900\"  itemprop=\"thumbnailUrl\" srcset=\"https:\/\/radiorevelacionfm.cl\/wp-content\/uploads\/2025\/01\/borde-costero-1_optimized.jpeg 900w, https:\/\/radiorevelacionfm.cl\/wp-content\/uploads\/2025\/01\/borde-costero-1_optimized-300x200.jpeg 300w, https:\/\/radiorevelacionfm.cl\/wp-content\/uploads\/2025\/01\/borde-costero-1_optimized-768x512.jpeg 768w, https:\/\/radiorevelacionfm.cl\/wp-content\/uploads\/2025\/01\/borde-costero-1_optimized-705x470.jpeg 705w, https:\/\/radiorevelacionfm.cl\/wp-content\/uploads\/2025\/01\/borde-costero-1_optimized-450x300.jpeg 450w, https:\/\/radiorevelacionfm.cl\/wp-content\/uploads\/2025\/01\/borde-costero-1_optimized-600x400.jpeg 600w\" sizes=\"(max-width: 900px) 100vw, 900px\" \/><\/div><\/div><\/div><\/div><div class=\"flex_column av_one_full  flex_column_div av-zero-column-padding first  avia-builder-el-2  el_after_av_one_full  el_before_av_one_full  column-top-margin\" style='border-radius:0px; '><section class=\"av_textblock_section \"  itemscope=\"itemscope\" itemtype=\"https:\/\/schema.org\/BlogPosting\" itemprop=\"blogPost\" ><div class='avia_textblock  '   itemprop=\"text\" ><p style=\"text-align: center;\"><strong><span style=\"font-size: 18pt;\">Oposici\u00f3n a Ley Lafkenche: Intentaron violar la Constituci\u00f3n, \u00bfQu\u00e9 m\u00e1s estar\u00e1n dispuestos a perpetrar?<\/span><\/strong><\/p>\n<div id=\"gtx-trans\" style=\"position: absolute; left: -50px; top: 4.31534px;\">\n<div class=\"gtx-trans-icon\"><\/div>\n<\/div>\n<\/div><\/section><\/div><div class=\"flex_column av_one_full  flex_column_div av-zero-column-padding first  avia-builder-el-4  el_after_av_one_full  el_before_av_hr  column-top-margin\" style='border-radius:0px; '><section class=\"av_textblock_section \"  itemscope=\"itemscope\" itemtype=\"https:\/\/schema.org\/BlogPosting\" itemprop=\"blogPost\" ><div class='avia_textblock  '   itemprop=\"text\" ><p style=\"text-align: justify;\">Cada cierto tiempo, distintos sectores pol\u00edticos acusan a los adversarios de incumplir las leyes, incluso la Constituci\u00f3n. Que se recurre a resquicios, atajos para incidir en las funciones del Estado. Son, en muchos casos, los primeros en levantar la voz ante lo que han llamado \u00abpopulismo legislativo\u00bb.<\/p>\n<p style=\"text-align: justify;\">Raz\u00f3n tienen en su cr\u00edtica. O, al menos, en cuestionar lo que consideran tuerce el esp\u00edritu de la institucionalidad que nos hemos dado como sociedad.<\/p>\n<p style=\"text-align: justify;\">Pero lo que podr\u00eda ser un sano y leg\u00edtimo reproche trastoca en oportunismo cuando emulan lo ayer objetado, con el fin de avanzar en sus propios objetivos. Incluso ideol\u00f3gicos.<\/p>\n<p style=\"text-align: justify;\">Fue lo que ocurri\u00f3 con la votaci\u00f3n de la Ley de Presupuestos 2025, cuyas ideas matrices est\u00e1n claramente establecidas en la Constituci\u00f3n. Esto no es un tema menor, considerando que seg\u00fan la Carta Fundamental las modificaciones que se realicen a todo proyecto de ley (sea originado por mensaje presidencial o moci\u00f3n parlamentaria), deben ce\u00f1irse a sus ideas fundamentales.<\/p>\n<p style=\"text-align: justify;\">Fueron la diputada de Ays\u00e9n, Marcia Raphael (RN), junto a su correligionario de Los Lagos, Mauro Gonz\u00e1lez, quienes impulsaron una\u00a0<a href=\"https:\/\/www.ciperchile.cl\/2024\/11\/23\/la-modificacion-de-la-ley-lafkenche-via-ley-de-presupuestos-es-inconstitucional-y-regresiva\/\">indicaci\u00f3n<\/a> a la Ley de Presupuestos en pro de su agenda pro salmoneras y, por qu\u00e9 no reconocerlo, racista: suspender la aplicaci\u00f3n de la Ley 20.249 (conocida como Ley Lafkenche). Lo que no han logrado mediante una reforma, quisieron obtenerlo con artima\u00f1as.<\/p>\n<p style=\"text-align: justify;\">Su propuesta se transform\u00f3 en el art\u00edculo 48 de la norma\u00a0<a href=\"https:\/\/www.bcn.cl\/leychile\/navegar?idNorma=1209325\">promulgada<\/a> el 13 de diciembre de 2024: \u00abEn el marco de la aplicaci\u00f3n de la presente ley, se suspender\u00e1 el inicio de todo procedimiento de Espacio Costero Marino de los Pueblos Originarios contemplado en la ley N\u00b0 20.249. Para el caso de aquellos procedimientos que se encuentran en tramitaci\u00f3n, los organismos encargados tendr\u00e1n el plazo de seis meses para resolver sobre \u00e9stos. Si no se resuelve en el plazo se\u00f1alado el requerimiento se entender\u00e1 como rechazado. Antes del t\u00e9rmino del plazo y la paralizaci\u00f3n de procedimientos indicados en el inciso anterior, los \u00f3rganos de la Administraci\u00f3n del Estado podr\u00e1n destinar aquellos recursos para el mejoramiento de \u00e1reas en que el servicio se vea deficitario, tanto del punto de vista econ\u00f3mico como de recursos humanos\u00bb.<\/p>\n<p style=\"text-align: justify;\">Tras la aprobaci\u00f3n de este ac\u00e1pite, el gobierno y un grupo de diputados y diputadas\u00a0<a href=\"https:\/\/ojs.uc.cl\/index.php\/bjur\/article\/view\/87330\/66558\">recurrieron<\/a> al Tribunal Constitucional (TC). La respuesta lleg\u00f3 hace pocos d\u00edas.<\/p>\n<p style=\"text-align: justify;\">Y fue\u00a0<a href=\"https:\/\/www.latercera.com\/nacional\/noticia\/tc-acoge-por-mayoria-requerimiento-del-gobierno-por-ley-de-presupuesto-y-declara-inconstitucional-una-docena-de-glosas\/BUCDP3SIUFCN7FK4REW7HMXGVY\/\">contundente<\/a>.<\/p>\n<p style=\"text-align: justify;\">El primer vicio de constitucionalidad es que se intent\u00f3 instrumentalizar la Ley de Presupuestos para aspectos regulados por leyes permanentes (Ley Lafkenche y Ley de Bases Generales de la Administraci\u00f3n del Estado, en lo relacionado con el \u00absilencio administrativo\u00bb), con lo cual se \u00abaltera en forma sist\u00e9mica\u00bb estas normas, dijo el TC. El segundo, que dicho texto no tiene relaci\u00f3n alguna con las ideas fundamentales de la Ley de Presupuestos, y que es \u00abla estimaci\u00f3n financiera de ingresos y gastos, sin poder modificar legislaci\u00f3n permanente\u00bb, lo cual est\u00e1 prohibido en el art\u00edculo 69 de la Constituci\u00f3n. Y, el tercero, que al ser la indicaci\u00f3n de Marcia Raphael y Mauro Gonz\u00e1lez una propuesta parlamentaria, se arrogan una prerrogativa presidencial en la tramitaci\u00f3n de las leyes, como por ejemplo \u00abcrear nuevos servicios p\u00fablicos o empleos rentados, sean fiscales, semifiscales, aut\u00f3nomos o de las empresas del Estado; suprimirlos y determinar sus funciones o atribuciones\u00bb, lo cual tambi\u00e9n est\u00e1 vetado por el art\u00edculo 65 de la Constituci\u00f3n.<\/p>\n<p style=\"text-align: justify;\">Esto, por mencionar s\u00f3lo algunas de las vulneraciones.<\/p>\n<p style=\"text-align: justify;\">Con este fallo, uno esperar\u00eda que los diputados Gonz\u00e1lez y Raphael reconocieran su error. Pero no fue as\u00ed. Han insistido, incluso <a href=\"https:\/\/g5noticias.cl\/2025\/01\/10\/diputados-rn-mauro-gonzalez-y-marcia-raphael-lamentan-fallo-del-tc-que-detiene-la-suspension-de-la-ley-lafkenche-que-pretende-el-gobierno-dejar-sin-trabajo-a-la-gente\/\">responsabilizando al gobierno<\/a>\u00a0de su propio intento de vulnerar la Constituci\u00f3n, en circunstancia que la resoluci\u00f3n provino de un \u00f3rgano aut\u00f3nomo como es el Tribunal Constitucional.<\/p>\n<p style=\"text-align: justify;\">Lo que intentaron estos parlamentarios no es muy distinto a lo que otros colegas de su mismo\u00a0<a href=\"https:\/\/www.latercera.com\/nacional\/noticia\/tc-acoge-por-mayoria-requerimiento-del-gobierno-por-ley-de-presupuesto-y-declara-inconstitucional-una-docena-de-glosas\/BUCDP3SIUFCN7FK4REW7HMXGVY\/\">sector hicieron con<\/a> \u00abla glosa que proh\u00edbe que alumnos sancionados por Aula Segura opten a la gratuidad universitaria\u00bb, que \u00abel Estado financie los tratamientos para personas menores de edad transg\u00e9nero\u00bb o la \u00abexenci\u00f3n de contribuciones para adultos mayores\u00bb, m\u00e1s una sobre restricci\u00f3n a la migraci\u00f3n. Y as\u00ed, una docena de indicaciones que la oposici\u00f3n ingres\u00f3 por la ventana en la Ley de Presupuestos y que fueron declaradas inconstitucionales.<\/p>\n<p style=\"text-align: justify;\">Este debate nos hereda una pregunta fundamental: si la derecha est\u00e1 dispuesta a violar la Constituci\u00f3n para imponer su agenda, \u00bfQu\u00e9 m\u00e1s est\u00e1 disponible a hacer para lograr sus objetivos pol\u00edticos?<\/p>\n<p>Columna: Patricio Segura Ortiz, Periodista<\/p>\n<\/div><\/section><\/div><div  style='height:50px' class='hr hr-invisible   avia-builder-el-6  el_after_av_one_full  el_before_av_social_share '><span class='hr-inner ' ><span class='hr-inner-style'><\/span><\/span><\/div><\/p>\n<div  class='av-social-sharing-box  avia-builder-el-7  el_after_av_hr  el_before_av_hr  '><div class='av-share-box'><h5 class='av-share-link-description av-no-toc '>Compartir esta noticia<\/h5><ul class='av-share-box-list noLightbox'><li class='av-share-link av-social-link-facebook' ><a target=\"_blank\" aria-label=\"Compartir en Facebook\" href='https:\/\/www.facebook.com\/sharer.php?u=https:\/\/radiorevelacionfm.cl\/?p=49593&#038;t=Oposici%C3%B3n%20a%20Ley%20Lafkenche%3A%20Intentaron%20violar%20la%20Constituci%C3%B3n%2C%20%C2%BFQu%C3%A9%20m%C3%A1s%20estar%C3%A1n%20dispuestos%20a%20perpetrar%3F' aria-hidden='false' data-av_icon='\ue8f3' data-av_iconfont='entypo-fontello' title='' data-avia-related-tooltip='Compartir en Facebook' rel=\"noopener\"><span class='avia_hidden_link_text'>Compartir en Facebook<\/span><\/a><\/li><li class='av-share-link av-social-link-twitter' ><a target=\"_blank\" aria-label=\"Compartir en Twitter\" href='https:\/\/twitter.com\/share?text=Oposici%C3%B3n%20a%20Ley%20Lafkenche%3A%20Intentaron%20violar%20la%20Constituci%C3%B3n%2C%20%C2%BFQu%C3%A9%20m%C3%A1s%20estar%C3%A1n%20dispuestos%20a%20perpetrar%3F&#038;url=https:\/\/radiorevelacionfm.cl\/?p=49593' aria-hidden='false' data-av_icon='\ue8f1' data-av_iconfont='entypo-fontello' title='' data-avia-related-tooltip='Compartir en Twitter' rel=\"noopener\"><span class='avia_hidden_link_text'>Compartir en Twitter<\/span><\/a><\/li><li class='av-share-link av-social-link-whatsapp' ><a target=\"_blank\" aria-label=\"Compartir en Whatsapp\" href='https:\/\/api.whatsapp.com\/send?text=https:\/\/radiorevelacionfm.cl\/?p=49593' aria-hidden='false' data-av_icon='\uf232' data-av_iconfont='entypo-fontello' title='' data-avia-related-tooltip='Compartir en Whatsapp' rel=\"noopener\"><span class='avia_hidden_link_text'>Compartir en Whatsapp<\/span><\/a><\/li><li class='av-share-link av-social-link-linkedin' ><a target=\"_blank\" aria-label=\"Compartir en LinkedIn\" href='https:\/\/linkedin.com\/shareArticle?mini=true&#038;title=Oposici%C3%B3n%20a%20Ley%20Lafkenche%3A%20Intentaron%20violar%20la%20Constituci%C3%B3n%2C%20%C2%BFQu%C3%A9%20m%C3%A1s%20estar%C3%A1n%20dispuestos%20a%20perpetrar%3F&#038;url=https:\/\/radiorevelacionfm.cl\/?p=49593' aria-hidden='false' data-av_icon='\ue8fc' data-av_iconfont='entypo-fontello' title='' data-avia-related-tooltip='Compartir en LinkedIn' rel=\"noopener\"><span class='avia_hidden_link_text'>Compartir en LinkedIn<\/span><\/a><\/li><li class='av-share-link av-social-link-mail' ><a  aria-label=\"Compartir por correo\" href='mailto:?subject=Oposici%C3%B3n%20a%20Ley%20Lafkenche%3A%20Intentaron%20violar%20la%20Constituci%C3%B3n%2C%20%C2%BFQu%C3%A9%20m%C3%A1s%20estar%C3%A1n%20dispuestos%20a%20perpetrar%3F&#038;body=https:\/\/radiorevelacionfm.cl\/?p=49593' aria-hidden='false' data-av_icon='\ue805' data-av_iconfont='entypo-fontello' title='' data-avia-related-tooltip='Compartir por correo'><span class='avia_hidden_link_text'>Compartir por correo<\/span><\/a><\/li><\/ul><\/div><\/div>\n<div  style='height:50px' class='hr hr-invisible   avia-builder-el-8  el_after_av_social_share  el_before_av_comments_list '><span class='hr-inner ' ><span class='hr-inner-style'><\/span><\/span><\/div>\n<div  class='av-buildercomment  av-blog-meta-html-info-disabled av-blog-meta-tag-disabled  '><\/div>\n","protected":false},"excerpt":{"rendered":"","protected":false},"author":1,"featured_media":49594,"comment_status":"open","ping_status":"open","sticky":false,"template":"","format":"standard","meta":{"footnotes":""},"categories":[50],"tags":[],"class_list":["post-49593","post","type-post","status-publish","format-standard","has-post-thumbnail","hentry","category-cartas-y-opinion"],"jetpack_featured_media_url":"https:\/\/radiorevelacionfm.cl\/wp-content\/uploads\/2025\/01\/borde-costero-1_optimized.jpeg","_links":{"self":[{"href":"https:\/\/radiorevelacionfm.cl\/index.php?rest_route=\/wp\/v2\/posts\/49593","targetHints":{"allow":["GET"]}}],"collection":[{"href":"https:\/\/radiorevelacionfm.cl\/index.php?rest_route=\/wp\/v2\/posts"}],"about":[{"href":"https:\/\/radiorevelacionfm.cl\/index.php?rest_route=\/wp\/v2\/types\/post"}],"author":[{"embeddable":true,"href":"https:\/\/radiorevelacionfm.cl\/index.php?rest_route=\/wp\/v2\/users\/1"}],"replies":[{"embeddable":true,"href":"https:\/\/radiorevelacionfm.cl\/index.php?rest_route=%2Fwp%2Fv2%2Fcomments&post=49593"}],"version-history":[{"count":1,"href":"https:\/\/radiorevelacionfm.cl\/index.php?rest_route=\/wp\/v2\/posts\/49593\/revisions"}],"predecessor-version":[{"id":49595,"href":"https:\/\/radiorevelacionfm.cl\/index.php?rest_route=\/wp\/v2\/posts\/49593\/revisions\/49595"}],"wp:featuredmedia":[{"embeddable":true,"href":"https:\/\/radiorevelacionfm.cl\/index.php?rest_route=\/wp\/v2\/media\/49594"}],"wp:attachment":[{"href":"https:\/\/radiorevelacionfm.cl\/index.php?rest_route=%2Fwp%2Fv2%2Fmedia&parent=49593"}],"wp:term":[{"taxonomy":"category","embeddable":true,"href":"https:\/\/radiorevelacionfm.cl\/index.php?rest_route=%2Fwp%2Fv2%2Fcategories&post=49593"},{"taxonomy":"post_tag","embeddable":true,"href":"https:\/\/radiorevelacionfm.cl\/index.php?rest_route=%2Fwp%2Fv2%2Ftags&post=49593"}],"curies":[{"name":"wp","href":"https:\/\/api.w.org\/{rel}","templated":true}]}}