{"id":49586,"date":"2025-01-14T10:05:08","date_gmt":"2025-01-14T13:05:08","guid":{"rendered":"https:\/\/radiorevelacionfm.cl\/?p=49586"},"modified":"2025-01-14T10:05:08","modified_gmt":"2025-01-14T13:05:08","slug":"constitucion-de-mesa-de-energia-mujeres-en-aysen-busca-revertir-baja-participacion-de-mujeres-en-sector-energetico","status":"publish","type":"post","link":"https:\/\/radiorevelacionfm.cl\/?p=49586","title":{"rendered":"Constituci\u00f3n de \u00abMesa de Energ\u00eda + Mujeres\u00bb en Ays\u00e9n busca revertir baja participaci\u00f3n de mujeres en sector energ\u00e9tico"},"content":{"rendered":"<div class=\"flex_column av_one_full  flex_column_div av-zero-column-padding first  avia-builder-el-0  el_before_av_one_full  avia-builder-el-first  \" style='border-radius:0px; '><div  class='avia-image-container  av-styling-    avia-builder-el-1  avia-builder-el-no-sibling  avia-align-center '  itemprop=\"image\" itemscope=\"itemscope\" itemtype=\"https:\/\/schema.org\/ImageObject\"  ><div class='avia-image-container-inner'><div class='avia-image-overlay-wrap'><img decoding=\"async\" class='wp-image-49587 avia-img-lazy-loading-not-49587 avia_image' src=\"https:\/\/radiorevelacionfm.cl\/wp-content\/uploads\/2025\/01\/foto-4-19-1_optimized.jpeg\" alt='' title='foto-4-(19)-(1)_optimized' height=\"600\" width=\"800\"  itemprop=\"thumbnailUrl\" srcset=\"https:\/\/radiorevelacionfm.cl\/wp-content\/uploads\/2025\/01\/foto-4-19-1_optimized.jpeg 800w, https:\/\/radiorevelacionfm.cl\/wp-content\/uploads\/2025\/01\/foto-4-19-1_optimized-300x225.jpeg 300w, https:\/\/radiorevelacionfm.cl\/wp-content\/uploads\/2025\/01\/foto-4-19-1_optimized-768x576.jpeg 768w, https:\/\/radiorevelacionfm.cl\/wp-content\/uploads\/2025\/01\/foto-4-19-1_optimized-705x529.jpeg 705w, https:\/\/radiorevelacionfm.cl\/wp-content\/uploads\/2025\/01\/foto-4-19-1_optimized-450x338.jpeg 450w, https:\/\/radiorevelacionfm.cl\/wp-content\/uploads\/2025\/01\/foto-4-19-1_optimized-600x450.jpeg 600w\" sizes=\"(max-width: 800px) 100vw, 800px\" \/><\/div><\/div><\/div><\/div><div class=\"flex_column av_one_full  flex_column_div av-zero-column-padding first  avia-builder-el-2  el_after_av_one_full  el_before_av_one_full  column-top-margin\" style='border-radius:0px; '><section class=\"av_textblock_section \"  itemscope=\"itemscope\" itemtype=\"https:\/\/schema.org\/BlogPosting\" itemprop=\"blogPost\" ><div class='avia_textblock  '   itemprop=\"text\" ><p style=\"text-align: center;\"><strong><span style=\"font-size: 18pt;\">Constituci\u00f3n de \u00abMesa de Energ\u00eda + Mujeres\u00bb en Ays\u00e9n busca revertir baja participaci\u00f3n de mujeres en sector energ\u00e9tico<\/span><\/strong><\/p>\n<div id=\"gtx-trans\" style=\"position: absolute; left: -50px; top: 4.31534px;\">\n<div class=\"gtx-trans-icon\"><\/div>\n<\/div>\n<\/div><\/section><\/div><div class=\"flex_column av_one_full  flex_column_div av-zero-column-padding first  avia-builder-el-4  el_after_av_one_full  el_before_av_hr  column-top-margin\" style='border-radius:0px; '><section class=\"av_textblock_section \"  itemscope=\"itemscope\" itemtype=\"https:\/\/schema.org\/BlogPosting\" itemprop=\"blogPost\" ><div class='avia_textblock  '   itemprop=\"text\" ><p style=\"text-align: justify;\">En dependencias del Centro Cultural de Coyhaique, se realiz\u00f3 el hito de lanzamiento de la \u00abMesa Regional Energ\u00eda + Mujeres\u00bb, instancia p\u00fablico-privada que busca articular esfuerzos entre actores del sector energ\u00e9tico, educativo y gremial en la regi\u00f3n de Ays\u00e9n. Su prop\u00f3sito principal es fomentar la inserci\u00f3n laboral de mujeres, comunidades ind\u00edgenas y diversidades en el sector energ\u00e9tico, promoviendo la equidad de g\u00e9nero y la inclusi\u00f3n sostenible en todas las \u00e1reas de la industria<\/p>\n<p style=\"text-align: justify;\">La instancia presidida por el Seremi de Energ\u00eda, Tom\u00e1s Laibe, convoc\u00f3 a autoridades regionales y representantes del sector p\u00fablico, privado y acad\u00e9mico, con la finalidad de dialogar sobre el actual escenario y desaf\u00edos que presenta el sector en nuestra regi\u00f3n, para lograr de manera conjunta y efectiva la incorporaci\u00f3n de las mujeres en la industria, tanto en los niveles t\u00e9cnicos como en los cargos de liderazgo y toma de decisiones.<\/p>\n<p style=\"text-align: justify;\">Al respecto la autoridad de Energ\u00eda destac\u00f3 que \u00abconstituimos la Mesa Energ\u00eda + Mujeres, un espacio pensado para promover la igualdad de g\u00e9nero en el sector energ\u00e9tico de la regi\u00f3n de Ays\u00e9n. Esta instancia reuni\u00f3 a mujeres l\u00edderes de diferentes \u00e1mbitos gestoras de pol\u00edticas p\u00fablicas, emprendedoras en soluciones energ\u00e9ticas, productoras de le\u00f1a, representantes de organizaciones comunitarias y de organizaciones gremiales. Durante la jornada compartimos experiencias a trav\u00e9s de un panel que fue verdaderamente inspirador, y al finalizar acodamos los primeros pasos para avanzar en conjunto\u201d.<\/p>\n<p style=\"text-align: justify;\">Por su parte la Jefa de la Oficina de G\u00e9nero y Derechos del Ministerio de Energ\u00eda Mar\u00eda Francisca Valenzuela, se\u00f1al\u00f3 que \u201cestamos muy felices de iniciar este 2025 con una primera Mesa Energ\u00eda M\u00e1s Mujeres en la regi\u00f3n de Ays\u00e9n, sin duda un espacio muy importante para relevar primero los resultados del estudio de Brecha de G\u00e9nero y Derechos Humanos que tiene tambi\u00e9n informaci\u00f3n regional, pero adem\u00e1s, contamos con un tremendo panel de expositores de lideresas regionales y que esto reafirma, visibiliza no solamente los desaf\u00edos que tenemos para alcanzar la igualdad de g\u00e9nero sino el compromiso que existe desde el sector energ\u00e9tico para que continuemos conjuntamente avanzando en este trabajo\u201d.<\/p>\n<p style=\"text-align: justify;\">Respecto de los resultados entregados por el Estudio de Brechas, se dio cuenta del impacto de la crisis de COVID-19 en la industria y la disminuci\u00f3n del porcentaje nacional total de mujeres de un 23 % a un 21%. Sin embargo an\u00e1lisis actual considera que estamos en buen camino para continuar en este proceso de recuperaci\u00f3n, puesto que hay m\u00e1s mujeres en cargos CEO, gerencias, jefaturas y niveles profesionales, as\u00ed como tambi\u00e9n existen avances en medidas de brecha salarial. Por otra parte, se destaca positivamente que la mayor parte de las empresas cuenta con una pol\u00edtica de g\u00e9nero, cerca del 75%.\u00a0En lo que respecta a la regi\u00f3n de Ays\u00e9n, la participaci\u00f3n de mujeres en el sector energ\u00e9tico corresponde a un 13,6% de un total de 125 personas que fueron reportadas desempe\u00f1\u00e1ndose en el sector.<\/p>\n<p style=\"text-align: justify;\">La Seremi de la Mujer y la Equidad de G\u00e9nero de la Regi\u00f3n de Ays\u00e9n, Isidora Gacit\u00faa Goles dijo que \u201cprimero agradecer al Seremi Tom\u00e1s Laibe por tomar la iniciativa de poder seguir profundizando las pol\u00edticas p\u00fablicas en materia de equidad de g\u00e9nero, y construir tambi\u00e9n espacios colaborativos entre el mundo p\u00fablico y privado, creo que es fundamental los esfuerzos que hacemos tanto desde el estado como desde el Gobierno y tambi\u00e9n desde el \u00e1rea privada y desde las distintas lideresas de nuestra regi\u00f3n para avanzar en materia de ir disminuyendo las brechas de g\u00e9nero en nuestra regi\u00f3n, adem\u00e1s de ir fortalecer la autonom\u00eda econ\u00f3mica de las mujeres\u201d.<\/p>\n<p style=\"text-align: justify;\">Respecto de la constituci\u00f3n de esta nueva instancia de trabajo, la Encargada de Prevenci\u00f3n de Riesgos de la Empresa Edelays\u00e9n e integrante de la mesa, Sof\u00eda Vidal, recalc\u00f3 que \u201cla actividad de hoy fue muy interesante me pareci\u00f3 inclusiva no me esperaba conocer tantos relatos y compartir experiencias con otras mujeres, por ejemplo, del rubro de producci\u00f3n y comercializaci\u00f3n de le\u00f1a que tienen un mensaje muy potente que entregar. Me gustar\u00eda indagar un poco m\u00e1s en como visualizar m\u00e1s el rol femenino dentro de distintas \u00e1reas como potenciarlo, pero desde la mujer pudiendo fortalecer como nos vemos a nosotras mismas desde roles de liderazgo y de trabajo propiamente tal\u201d.<\/p>\n<p style=\"text-align: justify;\">De esta manera, esta nueva instancia de trabajo intersectorial buscar\u00e1 avanzar en la implementaci\u00f3n de un plan de un plan de acci\u00f3n con enfoque de g\u00e9nero. La pr\u00f3xima sesi\u00f3n del \u00f3rgano est\u00e1 planificado para marzo.<\/p>\n<\/div><\/section><\/div><div  style='height:50px' class='hr hr-invisible   avia-builder-el-6  el_after_av_one_full  el_before_av_social_share '><span class='hr-inner ' ><span class='hr-inner-style'><\/span><\/span><\/div><\/p>\n<div  class='av-social-sharing-box  avia-builder-el-7  el_after_av_hr  el_before_av_hr  '><div class='av-share-box'><h5 class='av-share-link-description av-no-toc '>Compartir esta noticia<\/h5><ul class='av-share-box-list noLightbox'><li class='av-share-link av-social-link-facebook' ><a target=\"_blank\" aria-label=\"Compartir en Facebook\" href='https:\/\/www.facebook.com\/sharer.php?u=https:\/\/radiorevelacionfm.cl\/?p=49586&#038;t=Constituci%C3%B3n%20de%20%C2%ABMesa%20de%20Energ%C3%ADa%20%2B%20Mujeres%C2%BB%20en%20Ays%C3%A9n%20busca%20revertir%20baja%20participaci%C3%B3n%20de%20mujeres%20en%20sector%20energ%C3%A9tico' aria-hidden='false' data-av_icon='\ue8f3' data-av_iconfont='entypo-fontello' title='' data-avia-related-tooltip='Compartir en Facebook' rel=\"noopener\"><span class='avia_hidden_link_text'>Compartir en Facebook<\/span><\/a><\/li><li class='av-share-link av-social-link-twitter' ><a target=\"_blank\" aria-label=\"Compartir en Twitter\" href='https:\/\/twitter.com\/share?text=Constituci%C3%B3n%20de%20%C2%ABMesa%20de%20Energ%C3%ADa%20%2B%20Mujeres%C2%BB%20en%20Ays%C3%A9n%20busca%20revertir%20baja%20participaci%C3%B3n%20de%20mujeres%20en%20sector%20energ%C3%A9tico&#038;url=https:\/\/radiorevelacionfm.cl\/?p=49586' aria-hidden='false' data-av_icon='\ue8f1' data-av_iconfont='entypo-fontello' title='' data-avia-related-tooltip='Compartir en Twitter' rel=\"noopener\"><span class='avia_hidden_link_text'>Compartir en Twitter<\/span><\/a><\/li><li class='av-share-link av-social-link-whatsapp' ><a target=\"_blank\" aria-label=\"Compartir en Whatsapp\" href='https:\/\/api.whatsapp.com\/send?text=https:\/\/radiorevelacionfm.cl\/?p=49586' aria-hidden='false' data-av_icon='\uf232' data-av_iconfont='entypo-fontello' title='' data-avia-related-tooltip='Compartir en Whatsapp' rel=\"noopener\"><span class='avia_hidden_link_text'>Compartir en Whatsapp<\/span><\/a><\/li><li class='av-share-link av-social-link-linkedin' ><a target=\"_blank\" aria-label=\"Compartir en LinkedIn\" href='https:\/\/linkedin.com\/shareArticle?mini=true&#038;title=Constituci%C3%B3n%20de%20%C2%ABMesa%20de%20Energ%C3%ADa%20%2B%20Mujeres%C2%BB%20en%20Ays%C3%A9n%20busca%20revertir%20baja%20participaci%C3%B3n%20de%20mujeres%20en%20sector%20energ%C3%A9tico&#038;url=https:\/\/radiorevelacionfm.cl\/?p=49586' aria-hidden='false' data-av_icon='\ue8fc' data-av_iconfont='entypo-fontello' title='' data-avia-related-tooltip='Compartir en LinkedIn' rel=\"noopener\"><span class='avia_hidden_link_text'>Compartir en LinkedIn<\/span><\/a><\/li><li class='av-share-link av-social-link-mail' ><a  aria-label=\"Compartir por correo\" href='mailto:?subject=Constituci%C3%B3n%20de%20%C2%ABMesa%20de%20Energ%C3%ADa%20%2B%20Mujeres%C2%BB%20en%20Ays%C3%A9n%20busca%20revertir%20baja%20participaci%C3%B3n%20de%20mujeres%20en%20sector%20energ%C3%A9tico&#038;body=https:\/\/radiorevelacionfm.cl\/?p=49586' aria-hidden='false' data-av_icon='\ue805' data-av_iconfont='entypo-fontello' title='' data-avia-related-tooltip='Compartir por correo'><span class='avia_hidden_link_text'>Compartir por correo<\/span><\/a><\/li><\/ul><\/div><\/div>\n<div  style='height:50px' class='hr hr-invisible   avia-builder-el-8  el_after_av_social_share  el_before_av_comments_list '><span class='hr-inner ' ><span class='hr-inner-style'><\/span><\/span><\/div>\n<div  class='av-buildercomment  av-blog-meta-html-info-disabled av-blog-meta-tag-disabled  '><\/div>\n","protected":false},"excerpt":{"rendered":"","protected":false},"author":1,"featured_media":49587,"comment_status":"open","ping_status":"open","sticky":false,"template":"","format":"standard","meta":{"footnotes":""},"categories":[38],"tags":[],"class_list":["post-49586","post","type-post","status-publish","format-standard","has-post-thumbnail","hentry","category-regional"],"jetpack_featured_media_url":"https:\/\/radiorevelacionfm.cl\/wp-content\/uploads\/2025\/01\/foto-4-19-1_optimized.jpeg","_links":{"self":[{"href":"https:\/\/radiorevelacionfm.cl\/index.php?rest_route=\/wp\/v2\/posts\/49586","targetHints":{"allow":["GET"]}}],"collection":[{"href":"https:\/\/radiorevelacionfm.cl\/index.php?rest_route=\/wp\/v2\/posts"}],"about":[{"href":"https:\/\/radiorevelacionfm.cl\/index.php?rest_route=\/wp\/v2\/types\/post"}],"author":[{"embeddable":true,"href":"https:\/\/radiorevelacionfm.cl\/index.php?rest_route=\/wp\/v2\/users\/1"}],"replies":[{"embeddable":true,"href":"https:\/\/radiorevelacionfm.cl\/index.php?rest_route=%2Fwp%2Fv2%2Fcomments&post=49586"}],"version-history":[{"count":1,"href":"https:\/\/radiorevelacionfm.cl\/index.php?rest_route=\/wp\/v2\/posts\/49586\/revisions"}],"predecessor-version":[{"id":49588,"href":"https:\/\/radiorevelacionfm.cl\/index.php?rest_route=\/wp\/v2\/posts\/49586\/revisions\/49588"}],"wp:featuredmedia":[{"embeddable":true,"href":"https:\/\/radiorevelacionfm.cl\/index.php?rest_route=\/wp\/v2\/media\/49587"}],"wp:attachment":[{"href":"https:\/\/radiorevelacionfm.cl\/index.php?rest_route=%2Fwp%2Fv2%2Fmedia&parent=49586"}],"wp:term":[{"taxonomy":"category","embeddable":true,"href":"https:\/\/radiorevelacionfm.cl\/index.php?rest_route=%2Fwp%2Fv2%2Fcategories&post=49586"},{"taxonomy":"post_tag","embeddable":true,"href":"https:\/\/radiorevelacionfm.cl\/index.php?rest_route=%2Fwp%2Fv2%2Ftags&post=49586"}],"curies":[{"name":"wp","href":"https:\/\/api.w.org\/{rel}","templated":true}]}}