{"id":49583,"date":"2025-01-13T18:45:10","date_gmt":"2025-01-13T21:45:10","guid":{"rendered":"https:\/\/radiorevelacionfm.cl\/?p=49583"},"modified":"2025-01-13T18:45:10","modified_gmt":"2025-01-13T21:45:10","slug":"carabineros-desarrolla-tareas-de-mitigacion-tras-efectos-de-temporal-de-viento-en-la-region-de-aysen","status":"publish","type":"post","link":"https:\/\/radiorevelacionfm.cl\/?p=49583","title":{"rendered":"Carabineros desarrolla tareas de mitigaci\u00f3n tras efectos de temporal de viento en la regi\u00f3n de Ays\u00e9n"},"content":{"rendered":"<div class=\"flex_column av_one_full  flex_column_div av-zero-column-padding first  avia-builder-el-0  el_before_av_one_full  avia-builder-el-first  \" style='border-radius:0px; '><div  class='avia-image-container  av-styling-    avia-builder-el-1  avia-builder-el-no-sibling  avia-align-center '  itemprop=\"image\" itemscope=\"itemscope\" itemtype=\"https:\/\/schema.org\/ImageObject\"  ><div class='avia-image-container-inner'><div class='avia-image-overlay-wrap'><img decoding=\"async\" class='wp-image-49584 avia-img-lazy-loading-not-49584 avia_image' src=\"https:\/\/radiorevelacionfm.cl\/wp-content\/uploads\/2025\/01\/reten-manihuales2-1-1_optimized-1.jpg\" alt='' title='ret\u00e9n-ma\u00f1ihuales2-(1)-(1)_optimized (1)' height=\"600\" width=\"1067\"  itemprop=\"thumbnailUrl\" srcset=\"https:\/\/radiorevelacionfm.cl\/wp-content\/uploads\/2025\/01\/reten-manihuales2-1-1_optimized-1.jpg 1067w, https:\/\/radiorevelacionfm.cl\/wp-content\/uploads\/2025\/01\/reten-manihuales2-1-1_optimized-1-300x169.jpg 300w, https:\/\/radiorevelacionfm.cl\/wp-content\/uploads\/2025\/01\/reten-manihuales2-1-1_optimized-1-1030x579.jpg 1030w, https:\/\/radiorevelacionfm.cl\/wp-content\/uploads\/2025\/01\/reten-manihuales2-1-1_optimized-1-768x432.jpg 768w, https:\/\/radiorevelacionfm.cl\/wp-content\/uploads\/2025\/01\/reten-manihuales2-1-1_optimized-1-705x396.jpg 705w, https:\/\/radiorevelacionfm.cl\/wp-content\/uploads\/2025\/01\/reten-manihuales2-1-1_optimized-1-450x253.jpg 450w, https:\/\/radiorevelacionfm.cl\/wp-content\/uploads\/2025\/01\/reten-manihuales2-1-1_optimized-1-600x337.jpg 600w\" sizes=\"(max-width: 1067px) 100vw, 1067px\" \/><\/div><\/div><\/div><\/div><div class=\"flex_column av_one_full  flex_column_div av-zero-column-padding first  avia-builder-el-2  el_after_av_one_full  el_before_av_one_full  column-top-margin\" style='border-radius:0px; '><section class=\"av_textblock_section \"  itemscope=\"itemscope\" itemtype=\"https:\/\/schema.org\/BlogPosting\" itemprop=\"blogPost\" ><div class='avia_textblock  '   itemprop=\"text\" ><p style=\"text-align: center;\"><strong><span style=\"font-size: 18pt;\">Carabineros desarrolla tareas de mitigaci\u00f3n tras efectos de temporal de viento en la regi\u00f3n de Ays\u00e9n<\/span><\/strong><\/p>\n<div id=\"gtx-trans\" style=\"position: absolute; left: -50px; top: 4.31534px;\">\n<div class=\"gtx-trans-icon\"><\/div>\n<\/div>\n<\/div><\/section><\/div><div class=\"flex_column av_one_full  flex_column_div av-zero-column-padding first  avia-builder-el-4  el_after_av_one_full  el_before_av_hr  column-top-margin\" style='border-radius:0px; '><section class=\"av_textblock_section \"  itemscope=\"itemscope\" itemtype=\"https:\/\/schema.org\/BlogPosting\" itemprop=\"blogPost\" ><div class='avia_textblock  '   itemprop=\"text\" ><p dir=\"ltr\" style=\"text-align: justify;\"><em>El personal realiz\u00f3 tareas de corta y retiro de \u00e1rboles que cayeron sobre las v\u00edas tanto en zonas urbanas como rurales, manteniendo las v\u00edas expeditas en el territorio.<\/em><\/p>\n<p dir=\"ltr\" style=\"text-align: justify;\">Tras las afectaciones generadas por el fuerte viento reinante durante la jornada del domingo y las afectaciones que esta condici\u00f3n clim\u00e1tica gener\u00f3 en las v\u00edas urbanas y rurales a lo largo de la regi\u00f3n de Ays\u00e9n, Carabineros realiz\u00f3 un amplio despliegue, despejando las v\u00edas y manteniendo el tr\u00e1nsito habilitado a lo largo del territorio.<\/p>\n<p dir=\"ltr\" style=\"text-align: justify;\">Ca\u00edda de \u00e1rboles y ramas sumado al desprendimiento de rocas y la interrupci\u00f3n del suministro el\u00e9ctrico en determinados sectores, fueron parte de los efectos registrados durante la jornada.<\/p>\n<p dir=\"ltr\" style=\"text-align: justify;\">Carabineros de la 5ta Comisar\u00eda de Control del Orden P\u00fablico (COP) desarroll\u00f3 trabajos de mitigaci\u00f3n en sector alto de la ciudad de Coyhaique por ca\u00edda de \u00e1rboles en Camino a Campo Alegre, manteniendo las v\u00edas despejadas y el tr\u00e1nsito expedido por el lugar.<\/p>\n<p dir=\"ltr\" style=\"text-align: justify;\">Asimismo, Carabineros del Ret\u00e9n Villa Ma\u00f1ihuales se traslad\u00f3 hasta el km 98 de la Ruta 7 sector Laguna Pedro Aguirre Cerda, desarrollando trabajos que permitieron retirar un \u00e1rbol que momentos antes fue derribado sobre la v\u00eda producto de la fuerza del viento.<\/p>\n<p dir=\"ltr\" style=\"text-align: justify;\">Problemas similares se presentaron en el sur de la regi\u00f3n, tras lo cual Carabineros del Ret\u00e9n Caleta Tortel provistos de motosierras y hachas, se desplazaron hacia el sector Puerto Yungay, lugar en que trozaron un \u00e1rbol de grandes dimensiones que interrumpi\u00f3 el tr\u00e1nsito vehicular.<\/p>\n<p dir=\"ltr\" style=\"text-align: justify;\">La ca\u00edda de rocas sobre la Ruta 7 sur y con peligro de accidente de tr\u00e1nsito en las proximidades del sector Cerro Castillo, motiv\u00f3 la concurrencia de Carabineros de la Tenencia de Puerto Ing. Ib\u00e1\u00f1ez (F) quienes desarrollaron trabajos orientados a despejar y mantener habilitada la v\u00eda, previendo la siniestralidad vial.<\/p>\n<p dir=\"ltr\" style=\"text-align: justify;\">Frente a este tipo de condiciones clim\u00e1ticas, Carabineros record\u00f3 a los conductores evitar en lo posible los desplazamientos, conducir con precauci\u00f3n, sujetar firmemente el volante con ambas manos, mantener ventanas cerradas impidiendo el ingreso de objeto al interior del habit\u00e1culo y estar atento a la ca\u00edda de \u00e1rboles, ramas u otros elementos sobre la v\u00eda.<\/p>\n<p dir=\"ltr\" style=\"text-align: justify;\">Un especial llamado formul\u00f3 Carabineros a motociclistas y ciclistas con la finalidad de evitar desplazamientos bajo esta condici\u00f3n clim\u00e1tica, previendo accidentes o ca\u00eddas producto de la p\u00e9rdida del control o equilibrio a consecuencia de vientos laterales.<\/p>\n<\/div><\/section><\/div><div  style='height:50px' class='hr hr-invisible   avia-builder-el-6  el_after_av_one_full  el_before_av_social_share '><span class='hr-inner ' ><span class='hr-inner-style'><\/span><\/span><\/div><\/p>\n<div  class='av-social-sharing-box  avia-builder-el-7  el_after_av_hr  el_before_av_hr  '><div class='av-share-box'><h5 class='av-share-link-description av-no-toc '>Compartir esta noticia<\/h5><ul class='av-share-box-list noLightbox'><li class='av-share-link av-social-link-facebook' ><a target=\"_blank\" aria-label=\"Compartir en Facebook\" href='https:\/\/www.facebook.com\/sharer.php?u=https:\/\/radiorevelacionfm.cl\/?p=49583&#038;t=Carabineros%20desarrolla%20tareas%20de%20mitigaci%C3%B3n%20tras%20efectos%20de%20temporal%20de%20viento%20en%20la%20regi%C3%B3n%20de%20Ays%C3%A9n' aria-hidden='false' data-av_icon='\ue8f3' data-av_iconfont='entypo-fontello' title='' data-avia-related-tooltip='Compartir en Facebook' rel=\"noopener\"><span class='avia_hidden_link_text'>Compartir en Facebook<\/span><\/a><\/li><li class='av-share-link av-social-link-twitter' ><a target=\"_blank\" aria-label=\"Compartir en Twitter\" href='https:\/\/twitter.com\/share?text=Carabineros%20desarrolla%20tareas%20de%20mitigaci%C3%B3n%20tras%20efectos%20de%20temporal%20de%20viento%20en%20la%20regi%C3%B3n%20de%20Ays%C3%A9n&#038;url=https:\/\/radiorevelacionfm.cl\/?p=49583' aria-hidden='false' data-av_icon='\ue8f1' data-av_iconfont='entypo-fontello' title='' data-avia-related-tooltip='Compartir en Twitter' rel=\"noopener\"><span class='avia_hidden_link_text'>Compartir en Twitter<\/span><\/a><\/li><li class='av-share-link av-social-link-whatsapp' ><a target=\"_blank\" aria-label=\"Compartir en Whatsapp\" href='https:\/\/api.whatsapp.com\/send?text=https:\/\/radiorevelacionfm.cl\/?p=49583' aria-hidden='false' data-av_icon='\uf232' data-av_iconfont='entypo-fontello' title='' data-avia-related-tooltip='Compartir en Whatsapp' rel=\"noopener\"><span class='avia_hidden_link_text'>Compartir en Whatsapp<\/span><\/a><\/li><li class='av-share-link av-social-link-linkedin' ><a target=\"_blank\" aria-label=\"Compartir en LinkedIn\" href='https:\/\/linkedin.com\/shareArticle?mini=true&#038;title=Carabineros%20desarrolla%20tareas%20de%20mitigaci%C3%B3n%20tras%20efectos%20de%20temporal%20de%20viento%20en%20la%20regi%C3%B3n%20de%20Ays%C3%A9n&#038;url=https:\/\/radiorevelacionfm.cl\/?p=49583' aria-hidden='false' data-av_icon='\ue8fc' data-av_iconfont='entypo-fontello' title='' data-avia-related-tooltip='Compartir en LinkedIn' rel=\"noopener\"><span class='avia_hidden_link_text'>Compartir en LinkedIn<\/span><\/a><\/li><li class='av-share-link av-social-link-mail' ><a  aria-label=\"Compartir por correo\" href='mailto:?subject=Carabineros%20desarrolla%20tareas%20de%20mitigaci%C3%B3n%20tras%20efectos%20de%20temporal%20de%20viento%20en%20la%20regi%C3%B3n%20de%20Ays%C3%A9n&#038;body=https:\/\/radiorevelacionfm.cl\/?p=49583' aria-hidden='false' data-av_icon='\ue805' data-av_iconfont='entypo-fontello' title='' data-avia-related-tooltip='Compartir por correo'><span class='avia_hidden_link_text'>Compartir por correo<\/span><\/a><\/li><\/ul><\/div><\/div>\n<div  style='height:50px' class='hr hr-invisible   avia-builder-el-8  el_after_av_social_share  el_before_av_comments_list '><span class='hr-inner ' ><span class='hr-inner-style'><\/span><\/span><\/div>\n<div  class='av-buildercomment  av-blog-meta-html-info-disabled av-blog-meta-tag-disabled  '><\/div>\n","protected":false},"excerpt":{"rendered":"","protected":false},"author":1,"featured_media":49584,"comment_status":"open","ping_status":"open","sticky":false,"template":"","format":"standard","meta":{"footnotes":""},"categories":[36],"tags":[],"class_list":["post-49583","post","type-post","status-publish","format-standard","has-post-thumbnail","hentry","category-policial"],"jetpack_featured_media_url":"https:\/\/radiorevelacionfm.cl\/wp-content\/uploads\/2025\/01\/reten-manihuales2-1-1_optimized-1.jpg","_links":{"self":[{"href":"https:\/\/radiorevelacionfm.cl\/index.php?rest_route=\/wp\/v2\/posts\/49583","targetHints":{"allow":["GET"]}}],"collection":[{"href":"https:\/\/radiorevelacionfm.cl\/index.php?rest_route=\/wp\/v2\/posts"}],"about":[{"href":"https:\/\/radiorevelacionfm.cl\/index.php?rest_route=\/wp\/v2\/types\/post"}],"author":[{"embeddable":true,"href":"https:\/\/radiorevelacionfm.cl\/index.php?rest_route=\/wp\/v2\/users\/1"}],"replies":[{"embeddable":true,"href":"https:\/\/radiorevelacionfm.cl\/index.php?rest_route=%2Fwp%2Fv2%2Fcomments&post=49583"}],"version-history":[{"count":1,"href":"https:\/\/radiorevelacionfm.cl\/index.php?rest_route=\/wp\/v2\/posts\/49583\/revisions"}],"predecessor-version":[{"id":49585,"href":"https:\/\/radiorevelacionfm.cl\/index.php?rest_route=\/wp\/v2\/posts\/49583\/revisions\/49585"}],"wp:featuredmedia":[{"embeddable":true,"href":"https:\/\/radiorevelacionfm.cl\/index.php?rest_route=\/wp\/v2\/media\/49584"}],"wp:attachment":[{"href":"https:\/\/radiorevelacionfm.cl\/index.php?rest_route=%2Fwp%2Fv2%2Fmedia&parent=49583"}],"wp:term":[{"taxonomy":"category","embeddable":true,"href":"https:\/\/radiorevelacionfm.cl\/index.php?rest_route=%2Fwp%2Fv2%2Fcategories&post=49583"},{"taxonomy":"post_tag","embeddable":true,"href":"https:\/\/radiorevelacionfm.cl\/index.php?rest_route=%2Fwp%2Fv2%2Ftags&post=49583"}],"curies":[{"name":"wp","href":"https:\/\/api.w.org\/{rel}","templated":true}]}}