{"id":49580,"date":"2025-01-13T18:02:08","date_gmt":"2025-01-13T21:02:08","guid":{"rendered":"https:\/\/radiorevelacionfm.cl\/?p=49580"},"modified":"2025-01-13T18:02:08","modified_gmt":"2025-01-13T21:02:08","slug":"campus-patagonia-organiza-expouach-en-la-plaza-de-armas-de-coyhaique","status":"publish","type":"post","link":"https:\/\/radiorevelacionfm.cl\/?p=49580","title":{"rendered":"Campus Patagonia organiza EXPOUACh en la Plaza de Armas de Coyhaique"},"content":{"rendered":"<div class=\"flex_column av_one_full  flex_column_div av-zero-column-padding first  avia-builder-el-0  el_before_av_one_full  avia-builder-el-first  \" style='border-radius:0px; '><div  class='avia-image-container  av-styling-    avia-builder-el-1  avia-builder-el-no-sibling  avia-align-center '  itemprop=\"image\" itemscope=\"itemscope\" itemtype=\"https:\/\/schema.org\/ImageObject\"  ><div class='avia-image-container-inner'><div class='avia-image-overlay-wrap'><img decoding=\"async\" class='wp-image-49581 avia-img-lazy-loading-not-49581 avia_image' src=\"https:\/\/radiorevelacionfm.cl\/wp-content\/uploads\/2025\/01\/expouach-enero-8-1_optimized-1.jpeg\" alt='' title='expouach-enero-8-(1)_optimized (1)' height=\"631\" width=\"800\"  itemprop=\"thumbnailUrl\" srcset=\"https:\/\/radiorevelacionfm.cl\/wp-content\/uploads\/2025\/01\/expouach-enero-8-1_optimized-1.jpeg 800w, https:\/\/radiorevelacionfm.cl\/wp-content\/uploads\/2025\/01\/expouach-enero-8-1_optimized-1-300x237.jpeg 300w, https:\/\/radiorevelacionfm.cl\/wp-content\/uploads\/2025\/01\/expouach-enero-8-1_optimized-1-768x606.jpeg 768w, https:\/\/radiorevelacionfm.cl\/wp-content\/uploads\/2025\/01\/expouach-enero-8-1_optimized-1-705x556.jpeg 705w, https:\/\/radiorevelacionfm.cl\/wp-content\/uploads\/2025\/01\/expouach-enero-8-1_optimized-1-450x355.jpeg 450w, https:\/\/radiorevelacionfm.cl\/wp-content\/uploads\/2025\/01\/expouach-enero-8-1_optimized-1-600x473.jpeg 600w\" sizes=\"(max-width: 800px) 100vw, 800px\" \/><\/div><\/div><\/div><\/div><div class=\"flex_column av_one_full  flex_column_div av-zero-column-padding first  avia-builder-el-2  el_after_av_one_full  el_before_av_one_full  column-top-margin\" style='border-radius:0px; '><section class=\"av_textblock_section \"  itemscope=\"itemscope\" itemtype=\"https:\/\/schema.org\/BlogPosting\" itemprop=\"blogPost\" ><div class='avia_textblock  '   itemprop=\"text\" ><p style=\"text-align: center;\"><strong><span style=\"font-size: 18pt;\">Campus Patagonia organiza EXPOUACh en la Plaza de Armas de Coyhaique<\/span><\/strong><\/p>\n<div id=\"gtx-trans\" style=\"position: absolute; left: -50px; top: 4.31534px;\">\n<div class=\"gtx-trans-icon\"><\/div>\n<\/div>\n<\/div><\/section><\/div><div class=\"flex_column av_one_full  flex_column_div av-zero-column-padding first  avia-builder-el-4  el_after_av_one_full  el_before_av_hr  column-top-margin\" style='border-radius:0px; '><section class=\"av_textblock_section \"  itemscope=\"itemscope\" itemtype=\"https:\/\/schema.org\/BlogPosting\" itemprop=\"blogPost\" ><div class='avia_textblock  '   itemprop=\"text\" ><ul>\n<li style=\"text-align: justify;\"><em>La muestra incluy\u00f3 stand de las cinco carreras t\u00e9cnicas universitarias con admisi\u00f3n para el a\u00f1o 2025, adem\u00e1s de los proyectos y programas que desarrolla la instituci\u00f3n en la regi\u00f3n de Ays\u00e9n.<\/em><\/li>\n<\/ul>\n<p style=\"text-align: justify;\">Una muestra de las cinco carreras t\u00e9cnicas universitarias que ofrece como alternativas de estudio para el a\u00f1o 2025, organiz\u00f3 el Campus Patagonia de la Universidad Austral de Chile en la Plaza de Armas de Coyhaique.<\/p>\n<p style=\"text-align: justify;\">La iniciativa cont\u00f3 con la participaci\u00f3n de estudiantes y jefes de cada carrera, quienes conversaron con las personas interesadas en estudiar alguna de las alternativas acad\u00e9micas, d\u00e1ndoles a conocer sus principales caracter\u00edsticas, duraci\u00f3n, requisitos de ingreso y el nivel de empleabilidad una vez tituladas.<\/p>\n<p style=\"text-align: justify;\">Tambi\u00e9n participaron en esta Expo, el Programa PACE que trabaja con estudiantes de 3ero. y 4to. medio en siete liceos de la regi\u00f3n, el preuniversitario del Campus y varios investigadores que exhibieron parte del equipamiento especializado que utilizan para el desarrollo de sus proyectos en distintas \u00e1reas.<\/p>\n<p style=\"text-align: justify;\">El Director del Campus Patagonia, prof. Mario Brito, indic\u00f3 que \u201cnos alegr\u00f3 mucho que personas de distintas edades se acercaran a los stands, interesados varios de ellos en llevar informaci\u00f3n a familiares que est\u00e1n en el proceso de definir donde y que estudiar, de ah\u00ed la importancia de proporcionar informaci\u00f3n lo m\u00e1s completa posible, lo que se logr\u00f3 con la participaci\u00f3n de jefes de carreras, profesores, y estudiantes. Una muy buena experiencia para replicar los pr\u00f3ximos a\u00f1os, felicito a nuestro equipo de difusi\u00f3n, todo muy bien logrado.\u201d<\/p>\n<p style=\"text-align: justify;\">Para el a\u00f1o 2025, el Campus Patagonia ofrece admisi\u00f3n para 5 carreras t\u00e9cnicas: T.U. en Administraci\u00f3n Contable y Financiera, T.U. en Salmonicultura, T.U. en Turismo de Naturaleza, T.U. en Producci\u00f3n Agropecuaria y T.U. en Construcci\u00f3n y Obras Civiles, todas ellas con ingreso sin PAES, adscritas a la gratuidad y con una duraci\u00f3n de dos a\u00f1os.<\/p>\n<\/div><\/section><\/div><div  style='height:50px' class='hr hr-invisible   avia-builder-el-6  el_after_av_one_full  el_before_av_social_share '><span class='hr-inner ' ><span class='hr-inner-style'><\/span><\/span><\/div><\/p>\n<div  class='av-social-sharing-box  avia-builder-el-7  el_after_av_hr  el_before_av_hr  '><div class='av-share-box'><h5 class='av-share-link-description av-no-toc '>Compartir esta noticia<\/h5><ul class='av-share-box-list noLightbox'><li class='av-share-link av-social-link-facebook' ><a target=\"_blank\" aria-label=\"Compartir en Facebook\" href='https:\/\/www.facebook.com\/sharer.php?u=https:\/\/radiorevelacionfm.cl\/?p=49580&#038;t=Campus%20Patagonia%20organiza%20EXPOUACh%20en%20la%20Plaza%20de%20Armas%20de%20Coyhaique' aria-hidden='false' data-av_icon='\ue8f3' data-av_iconfont='entypo-fontello' title='' data-avia-related-tooltip='Compartir en Facebook' rel=\"noopener\"><span class='avia_hidden_link_text'>Compartir en Facebook<\/span><\/a><\/li><li class='av-share-link av-social-link-twitter' ><a target=\"_blank\" aria-label=\"Compartir en Twitter\" href='https:\/\/twitter.com\/share?text=Campus%20Patagonia%20organiza%20EXPOUACh%20en%20la%20Plaza%20de%20Armas%20de%20Coyhaique&#038;url=https:\/\/radiorevelacionfm.cl\/?p=49580' aria-hidden='false' data-av_icon='\ue8f1' data-av_iconfont='entypo-fontello' title='' data-avia-related-tooltip='Compartir en Twitter' rel=\"noopener\"><span class='avia_hidden_link_text'>Compartir en Twitter<\/span><\/a><\/li><li class='av-share-link av-social-link-whatsapp' ><a target=\"_blank\" aria-label=\"Compartir en Whatsapp\" href='https:\/\/api.whatsapp.com\/send?text=https:\/\/radiorevelacionfm.cl\/?p=49580' aria-hidden='false' data-av_icon='\uf232' data-av_iconfont='entypo-fontello' title='' data-avia-related-tooltip='Compartir en Whatsapp' rel=\"noopener\"><span class='avia_hidden_link_text'>Compartir en Whatsapp<\/span><\/a><\/li><li class='av-share-link av-social-link-linkedin' ><a target=\"_blank\" aria-label=\"Compartir en LinkedIn\" href='https:\/\/linkedin.com\/shareArticle?mini=true&#038;title=Campus%20Patagonia%20organiza%20EXPOUACh%20en%20la%20Plaza%20de%20Armas%20de%20Coyhaique&#038;url=https:\/\/radiorevelacionfm.cl\/?p=49580' aria-hidden='false' data-av_icon='\ue8fc' data-av_iconfont='entypo-fontello' title='' data-avia-related-tooltip='Compartir en LinkedIn' rel=\"noopener\"><span class='avia_hidden_link_text'>Compartir en LinkedIn<\/span><\/a><\/li><li class='av-share-link av-social-link-mail' ><a  aria-label=\"Compartir por correo\" href='mailto:?subject=Campus%20Patagonia%20organiza%20EXPOUACh%20en%20la%20Plaza%20de%20Armas%20de%20Coyhaique&#038;body=https:\/\/radiorevelacionfm.cl\/?p=49580' aria-hidden='false' data-av_icon='\ue805' data-av_iconfont='entypo-fontello' title='' data-avia-related-tooltip='Compartir por correo'><span class='avia_hidden_link_text'>Compartir por correo<\/span><\/a><\/li><\/ul><\/div><\/div>\n<div  style='height:50px' class='hr hr-invisible   avia-builder-el-8  el_after_av_social_share  el_before_av_comments_list '><span class='hr-inner ' ><span class='hr-inner-style'><\/span><\/span><\/div>\n<div  class='av-buildercomment  av-blog-meta-html-info-disabled av-blog-meta-tag-disabled  '><\/div>\n","protected":false},"excerpt":{"rendered":"","protected":false},"author":1,"featured_media":49581,"comment_status":"open","ping_status":"open","sticky":false,"template":"","format":"standard","meta":{"footnotes":""},"categories":[49],"tags":[],"class_list":["post-49580","post","type-post","status-publish","format-standard","has-post-thumbnail","hentry","category-educacion"],"jetpack_featured_media_url":"https:\/\/radiorevelacionfm.cl\/wp-content\/uploads\/2025\/01\/expouach-enero-8-1_optimized-1.jpeg","_links":{"self":[{"href":"https:\/\/radiorevelacionfm.cl\/index.php?rest_route=\/wp\/v2\/posts\/49580","targetHints":{"allow":["GET"]}}],"collection":[{"href":"https:\/\/radiorevelacionfm.cl\/index.php?rest_route=\/wp\/v2\/posts"}],"about":[{"href":"https:\/\/radiorevelacionfm.cl\/index.php?rest_route=\/wp\/v2\/types\/post"}],"author":[{"embeddable":true,"href":"https:\/\/radiorevelacionfm.cl\/index.php?rest_route=\/wp\/v2\/users\/1"}],"replies":[{"embeddable":true,"href":"https:\/\/radiorevelacionfm.cl\/index.php?rest_route=%2Fwp%2Fv2%2Fcomments&post=49580"}],"version-history":[{"count":1,"href":"https:\/\/radiorevelacionfm.cl\/index.php?rest_route=\/wp\/v2\/posts\/49580\/revisions"}],"predecessor-version":[{"id":49582,"href":"https:\/\/radiorevelacionfm.cl\/index.php?rest_route=\/wp\/v2\/posts\/49580\/revisions\/49582"}],"wp:featuredmedia":[{"embeddable":true,"href":"https:\/\/radiorevelacionfm.cl\/index.php?rest_route=\/wp\/v2\/media\/49581"}],"wp:attachment":[{"href":"https:\/\/radiorevelacionfm.cl\/index.php?rest_route=%2Fwp%2Fv2%2Fmedia&parent=49580"}],"wp:term":[{"taxonomy":"category","embeddable":true,"href":"https:\/\/radiorevelacionfm.cl\/index.php?rest_route=%2Fwp%2Fv2%2Fcategories&post=49580"},{"taxonomy":"post_tag","embeddable":true,"href":"https:\/\/radiorevelacionfm.cl\/index.php?rest_route=%2Fwp%2Fv2%2Ftags&post=49580"}],"curies":[{"name":"wp","href":"https:\/\/api.w.org\/{rel}","templated":true}]}}