{"id":4958,"date":"2021-06-06T14:29:52","date_gmt":"2021-06-06T17:29:52","guid":{"rendered":"https:\/\/radiorevelacionfm.cl\/?p=4958"},"modified":"2021-06-06T14:29:52","modified_gmt":"2021-06-06T17:29:52","slug":"pdi-detiene-a-autor-de-robo-de-vehiculo-en-puerto-aysen","status":"publish","type":"post","link":"https:\/\/radiorevelacionfm.cl\/?p=4958","title":{"rendered":"PDI detiene a autor de robo de veh\u00edculo en Puerto Ays\u00e9n"},"content":{"rendered":"<div class=\"flex_column av_one_full  flex_column_div av-zero-column-padding first  avia-builder-el-0  el_before_av_one_full  avia-builder-el-first  \" style='border-radius:0px; '><div  class='avia-image-container  av-styling-    avia-builder-el-1  avia-builder-el-no-sibling  avia-align-center '  itemprop=\"image\" itemscope=\"itemscope\" itemtype=\"https:\/\/schema.org\/ImageObject\"  ><div class='avia-image-container-inner'><div class='avia-image-overlay-wrap'><img decoding=\"async\" class='wp-image-4959 avia-img-lazy-loading-not-4959 avia_image' src=\"https:\/\/radiorevelacionfm.cl\/wp-content\/uploads\/2021\/06\/detencion-por-robo-de-vehiculo-motorizado-1_optimized.jpeg\" alt='' title='detenci\u00f3n-por-robo-de-veh\u00edculo-motorizado-(1)_optimized' height=\"600\" width=\"1067\"  itemprop=\"thumbnailUrl\" srcset=\"https:\/\/radiorevelacionfm.cl\/wp-content\/uploads\/2021\/06\/detencion-por-robo-de-vehiculo-motorizado-1_optimized.jpeg 1067w, https:\/\/radiorevelacionfm.cl\/wp-content\/uploads\/2021\/06\/detencion-por-robo-de-vehiculo-motorizado-1_optimized-300x169.jpeg 300w, https:\/\/radiorevelacionfm.cl\/wp-content\/uploads\/2021\/06\/detencion-por-robo-de-vehiculo-motorizado-1_optimized-1030x579.jpeg 1030w, https:\/\/radiorevelacionfm.cl\/wp-content\/uploads\/2021\/06\/detencion-por-robo-de-vehiculo-motorizado-1_optimized-768x432.jpeg 768w, https:\/\/radiorevelacionfm.cl\/wp-content\/uploads\/2021\/06\/detencion-por-robo-de-vehiculo-motorizado-1_optimized-705x396.jpeg 705w, https:\/\/radiorevelacionfm.cl\/wp-content\/uploads\/2021\/06\/detencion-por-robo-de-vehiculo-motorizado-1_optimized-600x337.jpeg 600w\" sizes=\"(max-width: 1067px) 100vw, 1067px\" \/><\/div><\/div><\/div><\/div><div class=\"flex_column av_one_full  flex_column_div av-zero-column-padding first  avia-builder-el-2  el_after_av_one_full  el_before_av_one_full  column-top-margin\" style='border-radius:0px; '><section class=\"av_textblock_section \"  itemscope=\"itemscope\" itemtype=\"https:\/\/schema.org\/BlogPosting\" itemprop=\"blogPost\" ><div class='avia_textblock  '   itemprop=\"text\" ><p style=\"text-align: center;\"><span style=\"font-size: 18pt;\"><strong>PDI detiene a autor de robo de veh\u00edculo en Puerto Ays\u00e9n<\/strong><\/span><\/p>\n<div id=\"gtx-trans\" style=\"position: absolute; left: -50px; top: 4.31534px;\">\n<div class=\"gtx-trans-icon\"><\/div>\n<\/div>\n<\/div><\/section><\/div><div class=\"flex_column av_one_full  flex_column_div av-zero-column-padding first  avia-builder-el-4  el_after_av_one_full  el_before_av_hr  column-top-margin\" style='border-radius:0px; '><section class=\"av_textblock_section \"  itemscope=\"itemscope\" itemtype=\"https:\/\/schema.org\/BlogPosting\" itemprop=\"blogPost\" ><div class='avia_textblock  '   itemprop=\"text\" ><p style=\"text-align: justify;\">Durante la tarde del viernes 4 de junio, detectives de la Prefectura Provincial Ays\u00e9n detuvieron a un sujeto, mayor de edad y con antecedentes policiales, por el delito de robo de veh\u00edculo motorizado, hecho que habr\u00eda ocurrido durante la madrugada en la ciudad de Puerto Ays\u00e9n.<\/p>\n<p style=\"text-align: justify;\">Sobre los hechos, el subprefecto Eduardo Charpentier, jefe de la Brigada de Investigaci\u00f3n Criminal Ays\u00e9n, indic\u00f3 que la diligencia se inici\u00f3 \u201cen virtud a una denuncia por el delito de robo de veh\u00edculo motorizado\u201d, raz\u00f3n por la cual los detectives \u201cprocedieron a realizar las diligencias tendientes al esclarecimiento del hecho\u201d, tales como empadronamientos y revisi\u00f3n de c\u00e1maras del sector.<\/p>\n<p style=\"text-align: justify;\">Gracias al trabajo de \u201can\u00e1lisis criminal desarrollado, se procedi\u00f3 a la individualizaci\u00f3n y posterior ubicaci\u00f3n del sujeto responsable de la sustracci\u00f3n de este veh\u00edculo, el cual tiene un aval\u00fao de $3.000.000 pesos\u201d, indic\u00f3 el jefe de la BICRIM Ays\u00e9n.<\/p>\n<p style=\"text-align: justify;\">El imputado \u201cfue ubicado en su domicilio, posteriormente fue trasladado hasta el cuartel policial para su control de detenci\u00f3n y formalizaci\u00f3n\u201d, \u201ccorresponde a un hombre mayor de edad el cual adem\u00e1s mantiene dos \u00f3rdenes de detenci\u00f3n por los delitos de receptaci\u00f3n y robo en lugar habitado, por el delito de receptaci\u00f3n mantiene una condena pendiente\u201d, puntualiz\u00f3 el subprefecto Charpentier.<\/p>\n<p style=\"text-align: justify;\">Por instrucci\u00f3n del fiscal de turno de la Fiscal\u00eda Local de Puerto Ays\u00e9n, \u201cse procedi\u00f3 a incautar el veh\u00edculo producto del delito, el que fue entregado a su propietario y finalmente el detenido fue puesto a disposici\u00f3n del Tribunal\u201d. Tras su formalizaci\u00f3n por el delito de robo de veh\u00edculo motorizado, el Tribunal declar\u00f3 legal la detenci\u00f3n y fij\u00f3 un plazo de investigaci\u00f3n de 60 d\u00edas, disponiendo la internaci\u00f3n del sujeto en las dependencias del Centro de Detenci\u00f3n Preventiva de Gendarmer\u00eda de Chile en la comuna de Puerto Ays\u00e9n para cumplir condena por el delito de receptaci\u00f3n por 541 d\u00edas.<\/p>\n<\/div><\/section><\/div><div  style='height:50px' class='hr hr-invisible   avia-builder-el-6  el_after_av_one_full  el_before_av_social_share '><span class='hr-inner ' ><span class='hr-inner-style'><\/span><\/span><\/div><\/p>\n<div  class='av-social-sharing-box  avia-builder-el-7  el_after_av_hr  el_before_av_hr  '><div class='av-share-box'><h5 class='av-share-link-description av-no-toc '>Compartir esta noticia<\/h5><ul class='av-share-box-list noLightbox'><li class='av-share-link av-social-link-facebook' ><a target=\"_blank\" aria-label=\"Compartir en Facebook\" href='https:\/\/www.facebook.com\/sharer.php?u=https:\/\/radiorevelacionfm.cl\/?p=4958&#038;t=PDI%20detiene%20a%20autor%20de%20robo%20de%20veh%C3%ADculo%20en%20Puerto%20Ays%C3%A9n' aria-hidden='false' data-av_icon='\ue8f3' data-av_iconfont='entypo-fontello' title='' data-avia-related-tooltip='Compartir en Facebook' rel=\"noopener\"><span class='avia_hidden_link_text'>Compartir en Facebook<\/span><\/a><\/li><li class='av-share-link av-social-link-twitter' ><a target=\"_blank\" aria-label=\"Compartir en Twitter\" href='https:\/\/twitter.com\/share?text=PDI%20detiene%20a%20autor%20de%20robo%20de%20veh%C3%ADculo%20en%20Puerto%20Ays%C3%A9n&#038;url=https:\/\/radiorevelacionfm.cl\/?p=4958' aria-hidden='false' data-av_icon='\ue8f1' data-av_iconfont='entypo-fontello' title='' data-avia-related-tooltip='Compartir en Twitter' rel=\"noopener\"><span class='avia_hidden_link_text'>Compartir en Twitter<\/span><\/a><\/li><li class='av-share-link av-social-link-whatsapp' ><a target=\"_blank\" aria-label=\"Compartir en Whatsapp\" href='https:\/\/api.whatsapp.com\/send?text=https:\/\/radiorevelacionfm.cl\/?p=4958' aria-hidden='false' data-av_icon='\uf232' data-av_iconfont='entypo-fontello' title='' data-avia-related-tooltip='Compartir en Whatsapp' rel=\"noopener\"><span class='avia_hidden_link_text'>Compartir en Whatsapp<\/span><\/a><\/li><li class='av-share-link av-social-link-linkedin' ><a target=\"_blank\" aria-label=\"Compartir en LinkedIn\" href='https:\/\/linkedin.com\/shareArticle?mini=true&#038;title=PDI%20detiene%20a%20autor%20de%20robo%20de%20veh%C3%ADculo%20en%20Puerto%20Ays%C3%A9n&#038;url=https:\/\/radiorevelacionfm.cl\/?p=4958' aria-hidden='false' data-av_icon='\ue8fc' data-av_iconfont='entypo-fontello' title='' data-avia-related-tooltip='Compartir en LinkedIn' rel=\"noopener\"><span class='avia_hidden_link_text'>Compartir en LinkedIn<\/span><\/a><\/li><li class='av-share-link av-social-link-mail' ><a  aria-label=\"Compartir por correo\" href='mailto:?subject=PDI%20detiene%20a%20autor%20de%20robo%20de%20veh%C3%ADculo%20en%20Puerto%20Ays%C3%A9n&#038;body=https:\/\/radiorevelacionfm.cl\/?p=4958' aria-hidden='false' data-av_icon='\ue805' data-av_iconfont='entypo-fontello' title='' data-avia-related-tooltip='Compartir por correo'><span class='avia_hidden_link_text'>Compartir por correo<\/span><\/a><\/li><\/ul><\/div><\/div>\n<div  style='height:50px' class='hr hr-invisible   avia-builder-el-8  el_after_av_social_share  el_before_av_comments_list '><span class='hr-inner ' ><span class='hr-inner-style'><\/span><\/span><\/div>\n<div  class='av-buildercomment  av-blog-meta-html-info-disabled av-blog-meta-tag-disabled  '><\/div>\n","protected":false},"excerpt":{"rendered":"","protected":false},"author":1,"featured_media":4959,"comment_status":"open","ping_status":"open","sticky":false,"template":"","format":"standard","meta":{"footnotes":""},"categories":[36],"tags":[],"class_list":["post-4958","post","type-post","status-publish","format-standard","has-post-thumbnail","hentry","category-policial"],"jetpack_featured_media_url":"https:\/\/radiorevelacionfm.cl\/wp-content\/uploads\/2021\/06\/detencion-por-robo-de-vehiculo-motorizado-1_optimized.jpeg","_links":{"self":[{"href":"https:\/\/radiorevelacionfm.cl\/index.php?rest_route=\/wp\/v2\/posts\/4958","targetHints":{"allow":["GET"]}}],"collection":[{"href":"https:\/\/radiorevelacionfm.cl\/index.php?rest_route=\/wp\/v2\/posts"}],"about":[{"href":"https:\/\/radiorevelacionfm.cl\/index.php?rest_route=\/wp\/v2\/types\/post"}],"author":[{"embeddable":true,"href":"https:\/\/radiorevelacionfm.cl\/index.php?rest_route=\/wp\/v2\/users\/1"}],"replies":[{"embeddable":true,"href":"https:\/\/radiorevelacionfm.cl\/index.php?rest_route=%2Fwp%2Fv2%2Fcomments&post=4958"}],"version-history":[{"count":1,"href":"https:\/\/radiorevelacionfm.cl\/index.php?rest_route=\/wp\/v2\/posts\/4958\/revisions"}],"predecessor-version":[{"id":4960,"href":"https:\/\/radiorevelacionfm.cl\/index.php?rest_route=\/wp\/v2\/posts\/4958\/revisions\/4960"}],"wp:featuredmedia":[{"embeddable":true,"href":"https:\/\/radiorevelacionfm.cl\/index.php?rest_route=\/wp\/v2\/media\/4959"}],"wp:attachment":[{"href":"https:\/\/radiorevelacionfm.cl\/index.php?rest_route=%2Fwp%2Fv2%2Fmedia&parent=4958"}],"wp:term":[{"taxonomy":"category","embeddable":true,"href":"https:\/\/radiorevelacionfm.cl\/index.php?rest_route=%2Fwp%2Fv2%2Fcategories&post=4958"},{"taxonomy":"post_tag","embeddable":true,"href":"https:\/\/radiorevelacionfm.cl\/index.php?rest_route=%2Fwp%2Fv2%2Ftags&post=4958"}],"curies":[{"name":"wp","href":"https:\/\/api.w.org\/{rel}","templated":true}]}}