{"id":49577,"date":"2025-01-13T17:52:07","date_gmt":"2025-01-13T20:52:07","guid":{"rendered":"https:\/\/radiorevelacionfm.cl\/?p=49577"},"modified":"2025-01-13T17:52:07","modified_gmt":"2025-01-13T20:52:07","slug":"autoridades-llaman-al-autocuidado-y-a-la-prevencion-en-periodo-estival","status":"publish","type":"post","link":"https:\/\/radiorevelacionfm.cl\/?p=49577","title":{"rendered":"Autoridades llaman al autocuidado y a la prevenci\u00f3n en per\u00edodo estival"},"content":{"rendered":"<div class=\"flex_column av_one_full  flex_column_div av-zero-column-padding first  avia-builder-el-0  el_before_av_one_full  avia-builder-el-first  \" style='border-radius:0px; '><div  class='avia-image-container  av-styling-    avia-builder-el-1  avia-builder-el-no-sibling  avia-align-center '  itemprop=\"image\" itemscope=\"itemscope\" itemtype=\"https:\/\/schema.org\/ImageObject\"  ><div class='avia-image-container-inner'><div class='avia-image-overlay-wrap'><img decoding=\"async\" class='wp-image-49578 avia-img-lazy-loading-not-49578 avia_image' src=\"https:\/\/radiorevelacionfm.cl\/wp-content\/uploads\/2025\/01\/whatsapp-image-2025-01-13-at-5_optimized.00.28-pm-1-1-1.jpeg\" alt='' title='whatsapp-image-2025-01-13-at-5_optimized.00.28-pm-(1) (1) (1)' height=\"600\" width=\"800\"  itemprop=\"thumbnailUrl\" srcset=\"https:\/\/radiorevelacionfm.cl\/wp-content\/uploads\/2025\/01\/whatsapp-image-2025-01-13-at-5_optimized.00.28-pm-1-1-1.jpeg 800w, https:\/\/radiorevelacionfm.cl\/wp-content\/uploads\/2025\/01\/whatsapp-image-2025-01-13-at-5_optimized.00.28-pm-1-1-1-300x225.jpeg 300w, https:\/\/radiorevelacionfm.cl\/wp-content\/uploads\/2025\/01\/whatsapp-image-2025-01-13-at-5_optimized.00.28-pm-1-1-1-768x576.jpeg 768w, https:\/\/radiorevelacionfm.cl\/wp-content\/uploads\/2025\/01\/whatsapp-image-2025-01-13-at-5_optimized.00.28-pm-1-1-1-705x529.jpeg 705w, https:\/\/radiorevelacionfm.cl\/wp-content\/uploads\/2025\/01\/whatsapp-image-2025-01-13-at-5_optimized.00.28-pm-1-1-1-450x338.jpeg 450w, https:\/\/radiorevelacionfm.cl\/wp-content\/uploads\/2025\/01\/whatsapp-image-2025-01-13-at-5_optimized.00.28-pm-1-1-1-600x450.jpeg 600w\" sizes=\"(max-width: 800px) 100vw, 800px\" \/><\/div><\/div><\/div><\/div><div class=\"flex_column av_one_full  flex_column_div av-zero-column-padding first  avia-builder-el-2  el_after_av_one_full  el_before_av_one_full  column-top-margin\" style='border-radius:0px; '><section class=\"av_textblock_section \"  itemscope=\"itemscope\" itemtype=\"https:\/\/schema.org\/BlogPosting\" itemprop=\"blogPost\" ><div class='avia_textblock  '   itemprop=\"text\" ><p style=\"text-align: center;\"><span style=\"font-size: 18pt;\"><b>Autoridades llaman al autocuidado y a la prevenci\u00f3n en per\u00edodo estival<\/b><\/span><\/p>\n<div id=\"gtx-trans\" style=\"position: absolute; left: -50px; top: 4.31534px;\">\n<div class=\"gtx-trans-icon\"><\/div>\n<\/div>\n<\/div><\/section><\/div><div class=\"flex_column av_one_full  flex_column_div av-zero-column-padding first  avia-builder-el-4  el_after_av_one_full  el_before_av_hr  column-top-margin\" style='border-radius:0px; '><section class=\"av_textblock_section \"  itemscope=\"itemscope\" itemtype=\"https:\/\/schema.org\/BlogPosting\" itemprop=\"blogPost\" ><div class='avia_textblock  '   itemprop=\"text\" ><p style=\"font-weight: 400; text-align: justify;\">Un llamado al autocuidado y a la prevenci\u00f3n durante los per\u00edodos de viento y mayor riesgo de ocurrencia de incendios, formularon el Delegado Presidencial Regional, Jorge D\u00edaz Guzm\u00e1n, acompa\u00f1ado por los seremis de Gobierno, \u00darsula Mix, y de Agricultura, Eugenio Ruiz, y los directores regionales de CONAF, Ronald Valenzuela, y Senapred (s), Carlos Ureta.<\/p>\n<p style=\"font-weight: 400; text-align: justify;\">De acuerdo a la Direcci\u00f3n Meteorol\u00f3gica de Chile, esta semana se mantendr\u00e1 el viento, manteni\u00e9ndose un monitoreo regional permanente a trav\u00e9s de la mesa de trabajo que coordina la Delegaci\u00f3n Regional y que integran CONAF, SENAPRED, Bomberos, Fuerzas Armadas, empresas forestales y el\u00e9ctricas, Fiscal\u00eda, Carabineros, PDI, Ministerio de Obras P\u00fablicas, entre otras.<\/p>\n<p style=\"font-weight: 400; text-align: justify;\">\u201cNos preocupa, porque estas condiciones de viento favorecen la propagaci\u00f3n de estos principios de incendio, por lo tanto, el llamado a la poblaci\u00f3n y a quienes nos visitan, es a restringir el uso del fuego en el sector rural. Tenemos fiestas costumbristas, en las que estamos coordinando que el uso del fuego sea lo m\u00e1s seguro posible; el autocuidado es fundamental, restringir el uso del fuego es una imperiosa necesidad que todos debemos cautelar, porque un principio de incendio con estas condiciones meteorol\u00f3gicas, puede complicar bastante la situaci\u00f3n\u201d, recalc\u00f3.<\/p>\n<p style=\"font-weight: 400; text-align: justify;\">El plan de prevenci\u00f3n, mitigaci\u00f3n y control de incendios forestales 2024-2025, dispone de 16 brigadas desde La Junta hasta Villa O\u00b4Higgins, una brigada vespertina, un helic\u00f3ptero en Coyhaique y una segunda aeronave en Cochrane, entre otros recursos.<\/p>\n<p style=\"font-weight: 400; text-align: justify;\">El 99,7% de los incendios forestales son causados por las personas, por accidente, negligencia o intencionalidad. De ah\u00ed la importancia de sensibilizar a la poblaci\u00f3n en la aplicaci\u00f3n de medidas preventivas, remarc\u00f3 Ronald Valenzuela.<\/p>\n<p style=\"font-weight: 400; text-align: justify;\">\u201cEl llamado es a la prevenci\u00f3n y a restringir el uso del fuego en toda circunstancia, ya que es responsabilidad de todos evitar los incendios forestales. En lo que va de este per\u00edodo, van 21 incendios con 345 hect\u00e1reas afectadas, mientras que la temporada anterior tuvimos 22 incendios con 135 hect\u00e1reas. De los 21 incendios, solamente cuatro son por causas naturales en espec\u00edfico, por rayos\u201d, indic\u00f3 el director de CONAF.<\/p>\n<p style=\"font-weight: 400; text-align: justify;\">Por su parte el director de Senapred (s), Carlos Ureta, dijo que seg\u00fan la Direcci\u00f3n Meteorol\u00f3gica de Chile, \u201clos vientos se van a mantener entre 30 a 40 kil\u00f3metros por hora, sin rachas tan significativas, con precipitaciones d\u00e9biles, por lo que queremos hacer un llamado a reforzar las techumbres y a no hacerlo en per\u00edodos de rachas\u201d.<\/p>\n<p style=\"font-weight: 400; text-align: justify;\">Entre las medidas para evitar o mitigar los efectos de un incendio, est\u00e1n la construcci\u00f3n de cortafuegos, limpieza de vegetaci\u00f3n seca, eliminar basura en contenedores, evitar usar herramientas el\u00e9ctricas, no hacer fogatas y podar \u00e1rboles bajo los tendidos el\u00e9ctricos.<\/p>\n<p style=\"font-weight: 400; text-align: justify;\">Esta temporada hay una gran cantidad de turistas que recorren la regi\u00f3n, visitando las \u00e1reas silvestres protegidas, por lo que deben reforzarse las conductas responsables con las personas y el entorno, a fin de evitar hechos que lamentar.<\/p>\n<\/div><\/section><\/div><div  style='height:50px' class='hr hr-invisible   avia-builder-el-6  el_after_av_one_full  el_before_av_social_share '><span class='hr-inner ' ><span class='hr-inner-style'><\/span><\/span><\/div><\/p>\n<div  class='av-social-sharing-box  avia-builder-el-7  el_after_av_hr  el_before_av_hr  '><div class='av-share-box'><h5 class='av-share-link-description av-no-toc '>Compartir esta noticia<\/h5><ul class='av-share-box-list noLightbox'><li class='av-share-link av-social-link-facebook' ><a target=\"_blank\" aria-label=\"Compartir en Facebook\" href='https:\/\/www.facebook.com\/sharer.php?u=https:\/\/radiorevelacionfm.cl\/?p=49577&#038;t=Autoridades%20llaman%20al%20autocuidado%20y%20a%20la%20prevenci%C3%B3n%20en%20per%C3%ADodo%20estival' aria-hidden='false' data-av_icon='\ue8f3' data-av_iconfont='entypo-fontello' title='' data-avia-related-tooltip='Compartir en Facebook' rel=\"noopener\"><span class='avia_hidden_link_text'>Compartir en Facebook<\/span><\/a><\/li><li class='av-share-link av-social-link-twitter' ><a target=\"_blank\" aria-label=\"Compartir en Twitter\" href='https:\/\/twitter.com\/share?text=Autoridades%20llaman%20al%20autocuidado%20y%20a%20la%20prevenci%C3%B3n%20en%20per%C3%ADodo%20estival&#038;url=https:\/\/radiorevelacionfm.cl\/?p=49577' aria-hidden='false' data-av_icon='\ue8f1' data-av_iconfont='entypo-fontello' title='' data-avia-related-tooltip='Compartir en Twitter' rel=\"noopener\"><span class='avia_hidden_link_text'>Compartir en Twitter<\/span><\/a><\/li><li class='av-share-link av-social-link-whatsapp' ><a target=\"_blank\" aria-label=\"Compartir en Whatsapp\" href='https:\/\/api.whatsapp.com\/send?text=https:\/\/radiorevelacionfm.cl\/?p=49577' aria-hidden='false' data-av_icon='\uf232' data-av_iconfont='entypo-fontello' title='' data-avia-related-tooltip='Compartir en Whatsapp' rel=\"noopener\"><span class='avia_hidden_link_text'>Compartir en Whatsapp<\/span><\/a><\/li><li class='av-share-link av-social-link-linkedin' ><a target=\"_blank\" aria-label=\"Compartir en LinkedIn\" href='https:\/\/linkedin.com\/shareArticle?mini=true&#038;title=Autoridades%20llaman%20al%20autocuidado%20y%20a%20la%20prevenci%C3%B3n%20en%20per%C3%ADodo%20estival&#038;url=https:\/\/radiorevelacionfm.cl\/?p=49577' aria-hidden='false' data-av_icon='\ue8fc' data-av_iconfont='entypo-fontello' title='' data-avia-related-tooltip='Compartir en LinkedIn' rel=\"noopener\"><span class='avia_hidden_link_text'>Compartir en LinkedIn<\/span><\/a><\/li><li class='av-share-link av-social-link-mail' ><a  aria-label=\"Compartir por correo\" href='mailto:?subject=Autoridades%20llaman%20al%20autocuidado%20y%20a%20la%20prevenci%C3%B3n%20en%20per%C3%ADodo%20estival&#038;body=https:\/\/radiorevelacionfm.cl\/?p=49577' aria-hidden='false' data-av_icon='\ue805' data-av_iconfont='entypo-fontello' title='' data-avia-related-tooltip='Compartir por correo'><span class='avia_hidden_link_text'>Compartir por correo<\/span><\/a><\/li><\/ul><\/div><\/div>\n<div  style='height:50px' class='hr hr-invisible   avia-builder-el-8  el_after_av_social_share  el_before_av_comments_list '><span class='hr-inner ' ><span class='hr-inner-style'><\/span><\/span><\/div>\n<div  class='av-buildercomment  av-blog-meta-html-info-disabled av-blog-meta-tag-disabled  '><\/div>\n","protected":false},"excerpt":{"rendered":"","protected":false},"author":1,"featured_media":49578,"comment_status":"open","ping_status":"open","sticky":false,"template":"","format":"standard","meta":{"footnotes":""},"categories":[38],"tags":[],"class_list":["post-49577","post","type-post","status-publish","format-standard","has-post-thumbnail","hentry","category-regional"],"jetpack_featured_media_url":"https:\/\/radiorevelacionfm.cl\/wp-content\/uploads\/2025\/01\/whatsapp-image-2025-01-13-at-5_optimized.00.28-pm-1-1-1.jpeg","_links":{"self":[{"href":"https:\/\/radiorevelacionfm.cl\/index.php?rest_route=\/wp\/v2\/posts\/49577","targetHints":{"allow":["GET"]}}],"collection":[{"href":"https:\/\/radiorevelacionfm.cl\/index.php?rest_route=\/wp\/v2\/posts"}],"about":[{"href":"https:\/\/radiorevelacionfm.cl\/index.php?rest_route=\/wp\/v2\/types\/post"}],"author":[{"embeddable":true,"href":"https:\/\/radiorevelacionfm.cl\/index.php?rest_route=\/wp\/v2\/users\/1"}],"replies":[{"embeddable":true,"href":"https:\/\/radiorevelacionfm.cl\/index.php?rest_route=%2Fwp%2Fv2%2Fcomments&post=49577"}],"version-history":[{"count":1,"href":"https:\/\/radiorevelacionfm.cl\/index.php?rest_route=\/wp\/v2\/posts\/49577\/revisions"}],"predecessor-version":[{"id":49579,"href":"https:\/\/radiorevelacionfm.cl\/index.php?rest_route=\/wp\/v2\/posts\/49577\/revisions\/49579"}],"wp:featuredmedia":[{"embeddable":true,"href":"https:\/\/radiorevelacionfm.cl\/index.php?rest_route=\/wp\/v2\/media\/49578"}],"wp:attachment":[{"href":"https:\/\/radiorevelacionfm.cl\/index.php?rest_route=%2Fwp%2Fv2%2Fmedia&parent=49577"}],"wp:term":[{"taxonomy":"category","embeddable":true,"href":"https:\/\/radiorevelacionfm.cl\/index.php?rest_route=%2Fwp%2Fv2%2Fcategories&post=49577"},{"taxonomy":"post_tag","embeddable":true,"href":"https:\/\/radiorevelacionfm.cl\/index.php?rest_route=%2Fwp%2Fv2%2Ftags&post=49577"}],"curies":[{"name":"wp","href":"https:\/\/api.w.org\/{rel}","templated":true}]}}